{"id":806,"date":"2015-06-01T14:29:36","date_gmt":"2015-06-01T17:29:36","guid":{"rendered":"http:\/\/www.100xd.com.ar\/?p=806"},"modified":"2015-06-01T14:29:36","modified_gmt":"2015-06-01T17:29:36","slug":"referendum-en-brasil-por-la-baja-de-la-edad-de-imputabilidad","status":"publish","type":"post","link":"https:\/\/100xd.com.ar\/es\/referendum-en-brasil-por-la-baja-de-la-edad-de-imputabilidad\/","title":{"rendered":"Refer\u00e9ndum en Brasil por la baja de la edad de imputabilidad"},"content":{"rendered":"<p>El presidente de la C\u00e1mara de Diputados de Brasil,\u00a0Eduardo Cunha, afirm\u00f3 que se votar\u00e1 en las pr\u00f3ximas semanas la ley por la baja de la imputabilidad.<\/p>\n<p>Esta iniciativa\u00a0es rechazada por la Presidenta Dilma Roussef del partido de los trabajadores (PT). Sin embargo Cunha dijo que se avanzar\u00e1 con la medida, y se\u00f1al\u00f3 que la comisi\u00f3n especial que analiza la iniciativa &#8220;concluir\u00e1 su trabajo antes del 15 de junio&#8221; y despu\u00e9s de esa fecha ser\u00e1 sometida al voto de los diputados.<\/p>\n<p>Eduardo Cunha pertenece al partido de centro PMDB, principal aliado del partido oficialista PT, pero Cunha es un declarado enemigo del PT y particularmente de la presidenta. El presidente de su partido,\u00a0Michel Temer, es el vicepresidente de la rep\u00fablica, dado que es la principal fuerza de todo el pa\u00eds junto con el PT.<\/p>\n<p>En paralelo, el diputado indic\u00f3, que propondr\u00e1 se haga &#8220;un refer\u00e9ndum&#8221; sobre la propuesta para que haya &#8220;un gran debate&#8221;.\u00a0&#8220;La pr\u00f3xima pol\u00e9mica despu\u00e9s de la conclusi\u00f3n de la reforma pol\u00edtica ser\u00e1 la reducci\u00f3n de la mayor\u00eda penal, que votaremos hasta finales de junio en el plenario&#8221;, anunci\u00f3 el pol\u00edtico del PMDB\u00a0en Twitter.<\/p>","protected":false},"excerpt":{"rendered":"<p>El presidente de la C\u00e1mara de Diputados de Brasil,\u00a0Eduardo Cunha, afirm\u00f3 que se votar\u00e1 en las pr\u00f3ximas semanas la ley por la baja de la imputabilidad. Esta iniciativa\u00a0es rechazada por la Presidenta Dilma Roussef del partido de los trabajadores (PT). Sin embargo Cunha dijo que se avanzar\u00e1 con la medida, y se\u00f1al\u00f3 que la comisi\u00f3n [&hellip;]<\/p>\n","protected":false},"author":4,"featured_media":0,"comment_status":"open","ping_status":"open","sticky":false,"template":"","format":"standard","meta":{"site-sidebar-layout":"default","site-content-layout":"","ast-site-content-layout":"default","site-content-style":"default","site-sidebar-style":"default","ast-global-header-display":"","ast-banner-title-visibility":"","ast-main-header-display":"","ast-hfb-above-header-display":"","ast-hfb-below-header-display":"","ast-hfb-mobile-header-display":"","site-post-title":"","ast-breadcrumbs-content":"","ast-featured-img":"","footer-sml-layout":"","ast-disable-related-posts":"","theme-transparent-header-meta":"","adv-header-id-meta":"","stick-header-meta":"","header-above-stick-meta":"","header-main-stick-meta":"","header-below-stick-meta":"","astra-migrate-meta-layouts":"default","ast-page-background-enabled":"default","ast-page-background-meta":{"desktop":{"background-color":"","background-image":"","background-repeat":"repeat","background-position":"center center","background-size":"auto","background-attachment":"scroll","background-type":"","background-media":"","overlay-type":"","overlay-color":"","overlay-opacity":"","overlay-gradient":""},"tablet":{"background-color":"","background-image":"","background-repeat":"repeat","background-position":"center center","background-size":"auto","background-attachment":"scroll","background-type":"","background-media":"","overlay-type":"","overlay-color":"","overlay-opacity":"","overlay-gradient":""},"mobile":{"background-color":"","background-image":"","background-repeat":"repeat","background-position":"center center","background-size":"auto","background-attachment":"scroll","background-type":"","background-media":"","overlay-type":"","overlay-color":"","overlay-opacity":"","overlay-gradient":""}},"ast-content-background-meta":{"desktop":{"background-color":"var(--ast-global-color-5)","background-image":"","background-repeat":"repeat","background-position":"center center","background-size":"auto","background-attachment":"scroll","background-type":"","background-media":"","overlay-type":"","overlay-color":"","overlay-opacity":"","overlay-gradient":""},"tablet":{"background-color":"var(--ast-global-color-5)","background-image":"","background-repeat":"repeat","background-position":"center center","background-size":"auto","background-attachment":"scroll","background-type":"","background-media":"","overlay-type":"","overlay-color":"","overlay-opacity":"","overlay-gradient":""},"mobile":{"background-color":"var(--ast-global-color-5)","background-image":"","background-repeat":"repeat","background-position":"center center","background-size":"auto","background-attachment":"scroll","background-type":"","background-media":"","overlay-type":"","overlay-color":"","overlay-opacity":"","overlay-gradient":""}},"footnotes":""},"categories":[8],"tags":[251,255,377,376,79],"class_list":["post-806","post","type-post","status-publish","format-standard","hentry","category-el-mundo","tag-brasil","tag-dilma","tag-pmdb","tag-pt","tag-referendum"],"spectra_blocks_featured_image_url":null,"spectra_blocks_author_info":{"display_name":"Facundo Novillo","avatar_url":"https:\/\/secure.gravatar.com\/avatar\/09745bc65ce6bf84291d6515d5f759c04b4fce4f329b8a975a8ac2982b552d3e?s=96&d=mm&r=g","author_link":"https:\/\/100xd.com.ar\/es\/author\/facundo\/","description":""},"_links":{"self":[{"href":"https:\/\/100xd.com.ar\/es\/wp-json\/wp\/v2\/posts\/806","targetHints":{"allow":["GET"]}}],"collection":[{"href":"https:\/\/100xd.com.ar\/es\/wp-json\/wp\/v2\/posts"}],"about":[{"href":"https:\/\/100xd.com.ar\/es\/wp-json\/wp\/v2\/types\/post"}],"author":[{"embeddable":true,"href":"https:\/\/100xd.com.ar\/es\/wp-json\/wp\/v2\/users\/4"}],"replies":[{"embeddable":true,"href":"https:\/\/100xd.com.ar\/es\/wp-json\/wp\/v2\/comments?post=806"}],"version-history":[{"count":3,"href":"https:\/\/100xd.com.ar\/es\/wp-json\/wp\/v2\/posts\/806\/revisions"}],"predecessor-version":[{"id":828,"href":"https:\/\/100xd.com.ar\/es\/wp-json\/wp\/v2\/posts\/806\/revisions\/828"}],"wp:attachment":[{"href":"https:\/\/100xd.com.ar\/es\/wp-json\/wp\/v2\/media?parent=806"}],"wp:term":[{"taxonomy":"category","embeddable":true,"href":"https:\/\/100xd.com.ar\/es\/wp-json\/wp\/v2\/categories?post=806"},{"taxonomy":"post_tag","embeddable":true,"href":"https:\/\/100xd.com.ar\/es\/wp-json\/wp\/v2\/tags?post=806"}],"curies":[{"name":"wp","href":"https:\/\/api.w.org\/{rel}","templated":true}]}}