{"id":79613,"date":"2023-04-01T10:55:40","date_gmt":"2023-04-01T13:55:40","guid":{"rendered":"https:\/\/100xd.com.ar\/?p=79613"},"modified":"2023-04-01T10:55:40","modified_gmt":"2023-04-01T13:55:40","slug":"el-papa-francisco-fue-dado-de-alta-tras-varios-dias-internado","status":"publish","type":"post","link":"https:\/\/100xd.com.ar\/es\/el-papa-francisco-fue-dado-de-alta-tras-varios-dias-internado\/","title":{"rendered":"El papa Francisco fue dado de alta tras varios d\u00edas internado"},"content":{"rendered":"<p class=\"wp-block-paragraph\">El&nbsp;<a href=\"https:\/\/es.wikipedia.org\/wiki\/Francisco_(papa)\" target=\"_blank\" rel=\"noreferrer noopener\"><strong>papa Francisco<\/strong><\/a>&nbsp;fue dado de alta y abandon\u00f3 este s\u00e1bado&nbsp;el&nbsp;hospital Gemelli de Roma&nbsp;en el que permanec\u00eda ingresado desde el pasado mi\u00e9rcoles a causa de una&nbsp;bronquitis. &#8220;Todav\u00eda estoy vivo\u201d, brome\u00f3 al ser consultado sobre su estado de salud.<\/p>\n\n\n\n<p class=\"wp-block-paragraph\">El pont\u00edfice argentino sali\u00f3 del hospital a las 10:20 hora local (09.20 GMT) a bordo de un utilitario y, a su salida, lleg\u00f3 a bajar del auto ayudado por un bast\u00f3n&nbsp;para saludar a los fieles y agradecer a los periodistas que han informado sobre su salud.<\/p>\n\n\n\n<p class=\"wp-block-paragraph\"><strong>Francisco<\/strong>, de 86 a\u00f1os,&nbsp;presidir\u00e1 ma\u00f1ana la misa del Domingo de Ramos en la Plaza de San Pedro el Vaticano, que abre oficialmente los ritos de la Semana Santa.<\/p>\n\n\n\n<p class=\"wp-block-paragraph\"><strong>Francisco<\/strong>&nbsp;ha permanecido en un apartamento de uso exclusivo de los papas en el&nbsp;Gemelli, inaugurado en tiempos de Juan Pablo II, y en estos d\u00edas de convalecencia ha le\u00eddo peri\u00f3dicos, ha rezado en su capilla e incluso cen\u00f3 pizza acompa\u00f1ado por algunos m\u00e9dicos y colaboradores.<\/p>\n\n\n\n<p class=\"wp-block-paragraph\">En la tarde de ayer viernes visit\u00f3 a los&nbsp;ni\u00f1os de la unidad de Oncolog\u00eda Pedi\u00e1trica y Neurocirug\u00eda Infantil&nbsp;y bautiz\u00f3 a un beb\u00e9 llamado&nbsp;Miguel \u00c1ngel.<\/p>\n\n\n\n<h5 class=\"wp-block-heading\">Noticias Relacionadas<\/h5>\n\n\n\n<ul class=\"wp-block-list\"><li><a href=\"https:\/\/www.mdzol.com\/mundo\/2023\/3\/31\/optimismo-catolico-francisco-presidira-la-misa-de-domingo-de-ramos-326413.html\">Optimismo cat\u00f3lico: Francisco presidir\u00e1 la misa de Domingo de Ramos<\/a><\/li><li><a href=\"https:\/\/www.mdzol.com\/mundo\/2023\/3\/31\/el-papa-francisco-mejora-saldria-manana-del-hospital-326394.html\">El papa Francisco mejora y saldr\u00eda ma\u00f1ana del hospital<\/a><\/li><\/ul>\n\n\n\n<p class=\"wp-block-paragraph\">El momento fue captado por las c\u00e1maras del Vaticano y sirvi\u00f3 para ver por primera vez al pont\u00edfice desde su ingreso, sonriente entre los pacientes e incluso de pie sin ayuda.<\/p>\n\n\n\n<p class=\"wp-block-paragraph\">El Vaticano ha confirmado que\u00a0<strong>Francisco<\/strong>\u00a0tiene previsto presidir ma\u00f1ana la\u00a0misa del Domingo de Ramos, que abre oficialmente los ritos de la Semana Santa, la m\u00e1s importante del calendario lit\u00fargico, aunque ser\u00e1 oficiada por el cardenal argentino Leonardo Sandri.<\/p>\n\n\n\n<p class=\"wp-block-paragraph\">Fuente: <a href=\"https:\/\/www.mdzol.com\/\">Mendoza online<\/a><\/p>","protected":false},"excerpt":{"rendered":"<p>El&nbsp;papa Francisco&nbsp;fue dado de alta y abandon\u00f3 este s\u00e1bado&nbsp;el&nbsp;hospital Gemelli de Roma&nbsp;en el que permanec\u00eda ingresado desde el pasado mi\u00e9rcoles a causa de una&nbsp;bronquitis. &#8220;Todav\u00eda estoy vivo\u201d, brome\u00f3 al ser consultado sobre su estado de salud. El pont\u00edfice argentino sali\u00f3 del hospital a las 10:20 hora local (09.20 GMT) a bordo de un utilitario y, [&hellip;]<\/p>\n","protected":false},"author":9,"featured_media":0,"comment_status":"open","ping_status":"open","sticky":false,"template":"","format":"standard","meta":{"site-sidebar-layout":"default","site-content-layout":"","ast-site-content-layout":"default","site-content-style":"default","site-sidebar-style":"default","ast-global-header-display":"","ast-banner-title-visibility":"","ast-main-header-display":"","ast-hfb-above-header-display":"","ast-hfb-below-header-display":"","ast-hfb-mobile-header-display":"","site-post-title":"","ast-breadcrumbs-content":"","ast-featured-img":"","footer-sml-layout":"","ast-disable-related-posts":"","theme-transparent-header-meta":"","adv-header-id-meta":"","stick-header-meta":"","header-above-stick-meta":"","header-main-stick-meta":"","header-below-stick-meta":"","astra-migrate-meta-layouts":"default","ast-page-background-enabled":"default","ast-page-background-meta":{"desktop":{"background-color":"","background-image":"","background-repeat":"repeat","background-position":"center center","background-size":"auto","background-attachment":"scroll","background-type":"","background-media":"","overlay-type":"","overlay-color":"","overlay-opacity":"","overlay-gradient":""},"tablet":{"background-color":"","background-image":"","background-repeat":"repeat","background-position":"center center","background-size":"auto","background-attachment":"scroll","background-type":"","background-media":"","overlay-type":"","overlay-color":"","overlay-opacity":"","overlay-gradient":""},"mobile":{"background-color":"","background-image":"","background-repeat":"repeat","background-position":"center center","background-size":"auto","background-attachment":"scroll","background-type":"","background-media":"","overlay-type":"","overlay-color":"","overlay-opacity":"","overlay-gradient":""}},"ast-content-background-meta":{"desktop":{"background-color":"var(--ast-global-color-5)","background-image":"","background-repeat":"repeat","background-position":"center center","background-size":"auto","background-attachment":"scroll","background-type":"","background-media":"","overlay-type":"","overlay-color":"","overlay-opacity":"","overlay-gradient":""},"tablet":{"background-color":"var(--ast-global-color-5)","background-image":"","background-repeat":"repeat","background-position":"center center","background-size":"auto","background-attachment":"scroll","background-type":"","background-media":"","overlay-type":"","overlay-color":"","overlay-opacity":"","overlay-gradient":""},"mobile":{"background-color":"var(--ast-global-color-5)","background-image":"","background-repeat":"repeat","background-position":"center center","background-size":"auto","background-attachment":"scroll","background-type":"","background-media":"","overlay-type":"","overlay-color":"","overlay-opacity":"","overlay-gradient":""}},"footnotes":""},"categories":[25],"tags":[],"class_list":["post-79613","post","type-post","status-publish","format-standard","hentry","category-destacado"],"spectra_blocks_featured_image_url":null,"spectra_blocks_author_info":{"display_name":"Jorge Alfredo Baret","avatar_url":"https:\/\/secure.gravatar.com\/avatar\/31696f5ca83439b642450ec7d3f82f98451a5efacb414343d5478c982b337f26?s=96&d=mm&r=g","author_link":"https:\/\/100xd.com.ar\/es\/author\/jorge\/","description":"Ingeniero Qu\u00edmico UTN - Director Apoderado de Comunicaciones Auditadas SA. Editor Responsable 100xd.com.ar."},"_links":{"self":[{"href":"https:\/\/100xd.com.ar\/es\/wp-json\/wp\/v2\/posts\/79613","targetHints":{"allow":["GET"]}}],"collection":[{"href":"https:\/\/100xd.com.ar\/es\/wp-json\/wp\/v2\/posts"}],"about":[{"href":"https:\/\/100xd.com.ar\/es\/wp-json\/wp\/v2\/types\/post"}],"author":[{"embeddable":true,"href":"https:\/\/100xd.com.ar\/es\/wp-json\/wp\/v2\/users\/9"}],"replies":[{"embeddable":true,"href":"https:\/\/100xd.com.ar\/es\/wp-json\/wp\/v2\/comments?post=79613"}],"version-history":[{"count":1,"href":"https:\/\/100xd.com.ar\/es\/wp-json\/wp\/v2\/posts\/79613\/revisions"}],"predecessor-version":[{"id":79615,"href":"https:\/\/100xd.com.ar\/es\/wp-json\/wp\/v2\/posts\/79613\/revisions\/79615"}],"wp:attachment":[{"href":"https:\/\/100xd.com.ar\/es\/wp-json\/wp\/v2\/media?parent=79613"}],"wp:term":[{"taxonomy":"category","embeddable":true,"href":"https:\/\/100xd.com.ar\/es\/wp-json\/wp\/v2\/categories?post=79613"},{"taxonomy":"post_tag","embeddable":true,"href":"https:\/\/100xd.com.ar\/es\/wp-json\/wp\/v2\/tags?post=79613"}],"curies":[{"name":"wp","href":"https:\/\/api.w.org\/{rel}","templated":true}]}}