{"id":79106,"date":"2023-03-22T13:11:06","date_gmt":"2023-03-22T16:11:06","guid":{"rendered":"https:\/\/100xd.com.ar\/?p=79106"},"modified":"2023-03-22T13:11:06","modified_gmt":"2023-03-22T16:11:06","slug":"desaguisado-diplomatico","status":"publish","type":"post","link":"https:\/\/100xd.com.ar\/es\/desaguisado-diplomatico\/","title":{"rendered":"Desaguisado diplom\u00e1tico"},"content":{"rendered":"<p class=\"wp-block-paragraph\">El conflicto diplom\u00e1tico surgido a ra\u00edz de la&nbsp;<mark>sorprendente fuga<\/mark>&nbsp;de&nbsp;<strong>Mar\u00eda de los \u00c1ngeles Duarte<\/strong>, exministra de&nbsp;<strong>Rafael Correa&nbsp;<\/strong>condenada por corrupci\u00f3n, de la embajada argentina en Quito, donde estaba asilada, se ha transformado en un verdadero&nbsp;<mark>esc\u00e1ndalo que pone en riesgo las amistosas relaciones entre la Argentina y Ecuador<\/mark>.<\/p>\n\n\n\n<p class=\"wp-block-paragraph\">La sigilosa huida, informada por el canciller&nbsp;<strong>Santiago Cafiero<\/strong>&nbsp;al gobierno de&nbsp;<strong>Guillermo Lasso<\/strong>, tuvo como destino Caracas y provoc\u00f3 la justificada indignaci\u00f3n del gobierno ecuatoriano, que declar\u00f3 persona no grata al embajador argentino en Quito,&nbsp;<strong>Gabriel Fuks<\/strong>, y le dio dos d\u00edas para abandonar el pa\u00eds. Apenas conocida esa decisi\u00f3n, el canciller Cafiero dispuso lo mismo con el embajador ecuatoriano en la Argentina,&nbsp;<strong>Xavier Monge Yoder<\/strong>.<\/p>\n\n\n\n<p class=\"wp-block-paragraph\">Cabe recordar que Mar\u00eda de los \u00c1ngeles Duarte hab\u00eda sido condenada en tres instancias judiciales y en dos gobiernos distintos a ocho a\u00f1os de prisi\u00f3n por el delito de cohecho, que es imprescriptible seg\u00fan la Constituci\u00f3n de Ecuador. En las investigaciones se determin\u00f3, entre otras cuestiones, el reparto de unos 14 millones de d\u00f3lares provenientes de empresas de obra p\u00fablica, entre ellas,&nbsp;<strong>Odebrecht<\/strong>.<\/p>\n\n\n\n<p class=\"wp-block-paragraph\">A pesar de estos antecedentes fue decisiva la reuni\u00f3n entre&nbsp;<strong>Cristina Kirchner<\/strong>&nbsp;y el expresidente de Ecuador&nbsp;<strong>Rafael Correa<\/strong>, mantenida en el Senado. En esa ocasi\u00f3n, Correa \u2013pr\u00f3fugo de la Justicia de su pa\u00eds por un caso de corrupci\u00f3n\u2013 le pidi\u00f3 a la vicepresidenta que la Argentina le concediera asilo pol\u00edtico a Mar\u00eda de los \u00c1ngeles Duarte, solicitud que fue refrendada por la expresidenta y dirigida al canciller Cafiero.<\/p>\n\n\n\n<p class=\"wp-block-paragraph\">La exministra ecuatoriana estuvo alojada desde agosto de 2020 en la embajada argentina en Quito en calidad de hu\u00e9sped hasta que el presidente&nbsp;<strong>Alberto Fern\u00e1ndez<\/strong>&nbsp;le concedi\u00f3 el asilo pol\u00edtico. Desde entonces, el gobierno de Lasso siempre se neg\u00f3 a otorgarle un salvoconducto para que pudiera salir del pa\u00eds.<\/p>\n\n\n\n<p class=\"wp-block-paragraph\">Hasta el momento no se han podido determinar las circunstancias en las cuales la exministra Duarte se fug\u00f3 de la embajada argentina. El canciller de Ecuador,&nbsp;<strong>Juan Carlos Holgu\u00edn<\/strong>, en referencia al proceder de los funcionarios de la embajada argentina, afirm\u00f3 ante la Asamblea Nacional que&nbsp;<mark>\u201cen el mejor de los casos hubo negligencia y en el peor de los casos hubo complicidad\u201d<\/mark>.<\/p>\n\n\n\n<p class=\"wp-block-paragraph\">Adem\u00e1s, revel\u00f3 que el embajador Fucks se neg\u00f3 a entregar los videos de las c\u00e1maras de seguridad, los libros de ingreso y otra documentaci\u00f3n que pudiera ayudar en la investigaci\u00f3n sobre el momento y el modo en que escap\u00f3 la exministra de la residencia.<\/p>\n\n\n\n<p class=\"wp-block-paragraph\">El ministro del Interior ecuatoriano,&nbsp;<strong>Juan Zapata<\/strong>, sostuvo que, unos d\u00edas antes de la fuga, el ministro consejero de la embajada argentina,&nbsp;<strong>Adri\u00e1n Biotti<\/strong>, le pidi\u00f3 a la polic\u00eda, que rodea el edificio como medida de seguridad, que se alejara de la zona y dejara de hacer el registro de los autos que ingresan y salen de la sede diplom\u00e1tica.<\/p>\n\n\n\n<p class=\"wp-block-paragraph\">La embajada argentina en Quito tampoco sabe \u2013o dice no saber\u2013 c\u00f3mo sali\u00f3 Duarte de la sede diplom\u00e1tica. Uno de los supuestos que se manejan desde Ecuador es que Duarte pudo haberse ocultado en un auto con patente diplom\u00e1tica, que permite libre circulaci\u00f3n y no puede ser requisado por las autoridades.<\/p>\n\n\n\n<p class=\"wp-block-paragraph\">Tanto cerca del canciller Cafiero como del embajador Fuks negaron tajantemente las palabras de Holgu\u00edn y de Zapata. El funcionario argentino expulsado acus\u00f3 al gobierno de Lasso de mentir para tapar su responsabilidad en la huida.<\/p>\n\n\n\n<p class=\"wp-block-paragraph\">Rafael Correa, apoyado por sus aliados de la Patria Grande, sostiene que Mar\u00eda de los \u00c1ngeles Duarte, al igual que&nbsp;<strong>Lula<\/strong>&nbsp;o Cristina Kirchner, es v\u00edctima del lawfare. En el episodio que concluy\u00f3 con la furtiva huida de la exministra, qued\u00f3 expuesto el funcionamiento de&nbsp;<mark>un tipo de diplomacia en la regi\u00f3n que se activa para asistir a una cofrad\u00eda de condenados por corrupci\u00f3n a quienes se tilda de \u201cperseguidos pol\u00edticos\u201d<\/mark>.<\/p>\n\n\n\n<p class=\"wp-block-paragraph\">Es de esperar que este lamentable y dudoso hecho sea aclarado con total transparencia para dejar a salvo el buen nombre de quienes hayan sido ajenos a cualquier maniobra que hubiera contribuido a la fuga de Duarte y castigar con todo rigor a quienes hayan sido los responsables de haberla facilitado.<\/p>\n\n\n\n<p class=\"wp-block-paragraph\">Ello no solo permitir\u00e1 restablecer sin fisuras las relaciones entre la Argentina y Ecuador, sino que tambi\u00e9n despejar\u00e1 cualquier duda acerca de la\u00a0<mark>utilizaci\u00f3n de las embajadas argentinas como guaridas para corruptos y delincuentes<\/mark>.<\/p>\n\n\n\n<p class=\"wp-block-paragraph\">Fuente: <a href=\"https:\/\/www.lanacion.com.ar\/\">La Naci\u00f3n<\/a><\/p>","protected":false},"excerpt":{"rendered":"<p>El conflicto diplom\u00e1tico surgido a ra\u00edz de la&nbsp;sorprendente fuga&nbsp;de&nbsp;Mar\u00eda de los \u00c1ngeles Duarte, exministra de&nbsp;Rafael Correa&nbsp;condenada por corrupci\u00f3n, de la embajada argentina en Quito, donde estaba asilada, se ha transformado en un verdadero&nbsp;esc\u00e1ndalo que pone en riesgo las amistosas relaciones entre la Argentina y Ecuador. La sigilosa huida, informada por el canciller&nbsp;Santiago Cafiero&nbsp;al gobierno de&nbsp;Guillermo [&hellip;]<\/p>\n","protected":false},"author":9,"featured_media":0,"comment_status":"open","ping_status":"open","sticky":false,"template":"","format":"standard","meta":{"site-sidebar-layout":"default","site-content-layout":"","ast-site-content-layout":"default","site-content-style":"default","site-sidebar-style":"default","ast-global-header-display":"","ast-banner-title-visibility":"","ast-main-header-display":"","ast-hfb-above-header-display":"","ast-hfb-below-header-display":"","ast-hfb-mobile-header-display":"","site-post-title":"","ast-breadcrumbs-content":"","ast-featured-img":"","footer-sml-layout":"","ast-disable-related-posts":"","theme-transparent-header-meta":"","adv-header-id-meta":"","stick-header-meta":"","header-above-stick-meta":"","header-main-stick-meta":"","header-below-stick-meta":"","astra-migrate-meta-layouts":"default","ast-page-background-enabled":"default","ast-page-background-meta":{"desktop":{"background-color":"","background-image":"","background-repeat":"repeat","background-position":"center center","background-size":"auto","background-attachment":"scroll","background-type":"","background-media":"","overlay-type":"","overlay-color":"","overlay-opacity":"","overlay-gradient":""},"tablet":{"background-color":"","background-image":"","background-repeat":"repeat","background-position":"center center","background-size":"auto","background-attachment":"scroll","background-type":"","background-media":"","overlay-type":"","overlay-color":"","overlay-opacity":"","overlay-gradient":""},"mobile":{"background-color":"","background-image":"","background-repeat":"repeat","background-position":"center center","background-size":"auto","background-attachment":"scroll","background-type":"","background-media":"","overlay-type":"","overlay-color":"","overlay-opacity":"","overlay-gradient":""}},"ast-content-background-meta":{"desktop":{"background-color":"var(--ast-global-color-5)","background-image":"","background-repeat":"repeat","background-position":"center center","background-size":"auto","background-attachment":"scroll","background-type":"","background-media":"","overlay-type":"","overlay-color":"","overlay-opacity":"","overlay-gradient":""},"tablet":{"background-color":"var(--ast-global-color-5)","background-image":"","background-repeat":"repeat","background-position":"center center","background-size":"auto","background-attachment":"scroll","background-type":"","background-media":"","overlay-type":"","overlay-color":"","overlay-opacity":"","overlay-gradient":""},"mobile":{"background-color":"var(--ast-global-color-5)","background-image":"","background-repeat":"repeat","background-position":"center center","background-size":"auto","background-attachment":"scroll","background-type":"","background-media":"","overlay-type":"","overlay-color":"","overlay-opacity":"","overlay-gradient":""}},"footnotes":""},"categories":[149],"tags":[],"class_list":["post-79106","post","type-post","status-publish","format-standard","hentry","category-entrevistas"],"spectra_blocks_featured_image_url":null,"spectra_blocks_author_info":{"display_name":"Jorge Alfredo Baret","avatar_url":"https:\/\/secure.gravatar.com\/avatar\/31696f5ca83439b642450ec7d3f82f98451a5efacb414343d5478c982b337f26?s=96&d=mm&r=g","author_link":"https:\/\/100xd.com.ar\/es\/author\/jorge\/","description":"Ingeniero Qu\u00edmico UTN - Director Apoderado de Comunicaciones Auditadas SA. Editor Responsable 100xd.com.ar."},"_links":{"self":[{"href":"https:\/\/100xd.com.ar\/es\/wp-json\/wp\/v2\/posts\/79106","targetHints":{"allow":["GET"]}}],"collection":[{"href":"https:\/\/100xd.com.ar\/es\/wp-json\/wp\/v2\/posts"}],"about":[{"href":"https:\/\/100xd.com.ar\/es\/wp-json\/wp\/v2\/types\/post"}],"author":[{"embeddable":true,"href":"https:\/\/100xd.com.ar\/es\/wp-json\/wp\/v2\/users\/9"}],"replies":[{"embeddable":true,"href":"https:\/\/100xd.com.ar\/es\/wp-json\/wp\/v2\/comments?post=79106"}],"version-history":[{"count":1,"href":"https:\/\/100xd.com.ar\/es\/wp-json\/wp\/v2\/posts\/79106\/revisions"}],"predecessor-version":[{"id":79108,"href":"https:\/\/100xd.com.ar\/es\/wp-json\/wp\/v2\/posts\/79106\/revisions\/79108"}],"wp:attachment":[{"href":"https:\/\/100xd.com.ar\/es\/wp-json\/wp\/v2\/media?parent=79106"}],"wp:term":[{"taxonomy":"category","embeddable":true,"href":"https:\/\/100xd.com.ar\/es\/wp-json\/wp\/v2\/categories?post=79106"},{"taxonomy":"post_tag","embeddable":true,"href":"https:\/\/100xd.com.ar\/es\/wp-json\/wp\/v2\/tags?post=79106"}],"curies":[{"name":"wp","href":"https:\/\/api.w.org\/{rel}","templated":true}]}}