{"id":78540,"date":"2023-03-11T12:30:46","date_gmt":"2023-03-11T15:30:46","guid":{"rendered":"https:\/\/100xd.com.ar\/?p=78540"},"modified":"2023-03-11T12:30:46","modified_gmt":"2023-03-11T15:30:46","slug":"patricia-bullrich-y-ricardo-lopez-murphy-anunciaron-un-acuerdo-de-cara-a-las-proximas-elecciones","status":"publish","type":"post","link":"https:\/\/100xd.com.ar\/es\/patricia-bullrich-y-ricardo-lopez-murphy-anunciaron-un-acuerdo-de-cara-a-las-proximas-elecciones\/","title":{"rendered":"Patricia Bullrich y Ricardo L\u00f3pez Murphy anunciaron un acuerdo de cara a las pr\u00f3ximas elecciones"},"content":{"rendered":"<p class=\"wp-block-paragraph\">245<em><\/em><em><\/em><em><\/em><em><\/em><em><\/em><em><\/em>ESCUCHAR<\/p>\n\n\n\n<p class=\"wp-block-paragraph\">La titular de Pro,&nbsp;<strong>Patricia Bullrich<\/strong>, y el l\u00edder de Republicano Unidos,&nbsp;<strong>Ricardo L\u00f3pez Murphy<\/strong>, acordaron hoy que trabajar\u00e1n en conjunto e integrar\u00e1n sus equipos t\u00e9cnicos de cara a las pr\u00f3ximas elecciones nacionales. Bullrich aspira a competir por la Presidencia y el diputado nacional se enfoca en la carrera por la sucesi\u00f3n de&nbsp;<strong>Horacio Rodr\u00edguez Larreta<\/strong>&nbsp;en la Ciudad.<\/p>\n\n\n\n<p class=\"wp-block-paragraph\"><mark>\u201cEl potencial de Argentina es colosal e innegable. Con fuerza, coraje y compromiso, vamos a sacar nuestra Naci\u00f3n adelante y arrollar al kirchnerismo en las urnas\u201d,&nbsp;<\/mark>expresaron Bullrich y L\u00f3pez Murphy en un pronunciamiento consensuado.<\/p>\n\n\n\n<p class=\"wp-block-paragraph\">Lanzada en la carrera presidencial, Bullrich acelera la construcci\u00f3n de su figura nacional y recluta aliados para la disputa interna con&nbsp;<strong>Horacio Rodr\u00edguez Larreta<\/strong>, su principal competidor en Juntos por el Cambio. Por un lado, estrecha lazos con un sector de la UCR que no comulga con&nbsp;<strong>Gerardo Morales<\/strong>, socio estrat\u00e9gico del jefe porte\u00f1o, en el que orbitan&nbsp;<strong>Alfredo Cornejo<\/strong>,&nbsp;<strong>Gustavo Vald\u00e9s<\/strong>,&nbsp;<strong>Facundo Manes<\/strong>,&nbsp;<strong>Luis Naidenoff<\/strong>&nbsp;o&nbsp;<strong>Carolina Losada<\/strong>, entre otros. All\u00ed tambi\u00e9n estuvo&nbsp;<strong>Emilio Monz\u00f3<\/strong>. De esa forma, los armadores de la exministra buscan darle mayor volumen pol\u00edtico a su figura. Bullrich repite que pretende conformar un gobierno de coalici\u00f3n en caso de llegar al poder. A la vez, la exfuncionaria de Macri explora una alianza con L\u00f3pez Murphy, a quien tambi\u00e9n buscaba seducir Larreta.<a href=\"https:\/\/www.lanacion.com.ar\/politica\/el-oficialismo-en-un-peligroso-callejon-sin-salida-nid10032023\/\" target=\"_blank\" rel=\"noreferrer noopener\"><em><\/em>EL OFICIALISMO, EN UN PELIGROSO CALLEJ\u00d3N SIN SALIDA<\/a><\/p>\n\n\n\n<p class=\"wp-block-paragraph\">Cerca del exministro de Econom\u00eda y Defensa aclaran que el acuerdo no implica un apoyo a la candidatura presidencial de Bullrich. Y en la tropa de la titular de Pro se\u00f1alan que mantiene su apoyo a&nbsp;<strong>Jorge Macri<\/strong>&nbsp;en la Ciudad. Pero est\u00e1 claro que se trata de un movimiento inicial con el objetivo de converger.&nbsp;<mark>\u201cHay afinidad ideol\u00f3gica y tienen un recorrido com\u00fan\u201d,<\/mark>&nbsp;apuntan allegados al \u201cbulldog\u201d. De hecho, ambos integraron el gobierno de la Alianza, que encabez\u00f3&nbsp;<strong>Fernando de la R\u00faa<\/strong>.<\/p>\n\n\n\n<p class=\"wp-block-paragraph\">Est\u00e1 previsto que los colaboradores de Bullrich y L\u00f3pez Murphy confluyan en distintas \u00e1reas, como Econom\u00eda, Energ\u00eda y Relaciones Exteriores. La primera reuni\u00f3n de equipos t\u00e9cnicos podr\u00eda producirse dentro de diez d\u00edas. El grupo de asesores que trabaja en el plan de Bullrich est\u00e1 encabezado por&nbsp;<strong>Alberto F\u00f6hrig. \u201cLa idea es unificar criterios\u201d,<\/strong>&nbsp;aseguran en el entorno de la exministra.<\/p>\n\n\n\n<p class=\"wp-block-paragraph\">Hasta hace un par de semanas,&nbsp;<mark>L\u00f3pez Murphy reclamaba reglas de juego claras en Juntos por el Cambio para definir las candidaturas.<\/mark>&nbsp;Atento al escenario electoral, el l\u00edder de Republicanos Unidos no descartaba ser postularse a presidente ni anotarse en la pulseada por la sucesi\u00f3n de Larreta en la Ciudad. Sin embargo, ya decidi\u00f3 que no est\u00e1 interesado en la compulsa nacional. Eval\u00faa sus posibilidades de disputar la jefatura porte\u00f1a.<\/p>\n\n\n\n<p class=\"wp-block-paragraph\">Frente al creciente deterioro econ\u00f3mico y social,\u00a0<mark>L\u00f3pez Murphy machaca con que Juntos por el Cambio debe fijar un programa y construir una narrativa, que \u201ctiene que ser esperanzadora, porque hay circunstancias muy favorables para la Argentina\u201d.<\/mark>\u00a0En paralelo, el economista repite que la principal coalici\u00f3n opositora debe \u201cfijar las reglas\u201d para aclarar c\u00f3mo se vincular\u00e1n las candidaturas de los distintos partidos que integran el frente.<\/p>\n\n\n\n<p class=\"wp-block-paragraph\">Larreta fue quien sell\u00f3 su incorporaci\u00f3n a JxC en las legislativas de 2021, cuando L\u00f3pez Murphy compiti\u00f3 en la interna del oficialismo porte\u00f1o con&nbsp;<strong>Mar\u00eda Eugenia Vidal<\/strong>&nbsp;y el radical&nbsp;<strong>Adolfo Rubinstein<\/strong>. As\u00ed, logr\u00f3 acceder a una banca en el Congreso. El jefe porte\u00f1o lo hab\u00eda sumado con la idea de contener la oferta liberal y evitar una ola de votos de&nbsp;<strong>Javier Milei<\/strong>&nbsp;(La Libertad Avanza).<\/p>\n\n\n\n<p class=\"wp-block-paragraph\">En el bullrichismo sospechaban que Larreta fomentaba ahora la candidatura presidencial de L\u00f3pez Murphy para quitarle adhesiones a Bullrich en la interna. Por el contrario, al jefe porte\u00f1o le inquieta que Manes sostenga sus deseos de participar en las PASO de JxC. Le hizo llegar al m\u00e9dico que sus mensajes antigrieta y perfil socialdem\u00f3crata podr\u00edan solaparse durante la campa\u00f1a y restarle chances al ala moderada de la fuerza en las primarias.<\/p>\n\n\n\n<figure data-spectra-id=\"spectra-1672bab7-fc43-4b18-86ee-6cf22fecf782\" class=\"wp-block-image\"><img decoding=\"async\" src=\"https:\/\/resizer.glanacion.com\/resizer\/miGGapZAQoLumhOZ3wDH7TVCwWY=\/310x0\/filters:format(webp):quality(80)\/cloudfront-us-east-1.images.arcpublishing.com\/lanacionar\/Z7W6X5FT2VED7GSR4ZF5UVGPRI.jpeg\" alt=\"Vald\u00e9s, Manes, Bullrich, Su\u00e1rez, Cornejo, Naidenoff y Monz\u00f3 en Mendoza\" title=\"Patricia Bullrich y Ricardo L\u00f3pez Murphy anunciaron un acuerdo de cara a las pr\u00f3ximas elecciones\" \/><figcaption>Vald\u00e9s, Manes, Bullrich, Su\u00e1rez, Cornejo, Naidenoff y Monz\u00f3 en Mendoza<\/figcaption><\/figure>\n\n\n\n<p class=\"wp-block-paragraph\">L\u00f3pez Murphy y Bullrich se juntaron esta tarde para cerrar el pacto electoral en el Hotel Palladio, ubicado en la Avenida Callao. Hablaron de la \u201cdelicada\u201d situaci\u00f3n econ\u00f3mica y de la seguridad, dos ejes en los que tienen un diagn\u00f3stico similar. El diputado insisti\u00f3 en que Sergio Massa est\u00e1 armando una \u201cbomba\u201d econ\u00f3mica y financiera y que el pr\u00f3ximo gobierno deber\u00e1 tomar decisiones dr\u00e1sticas desde el d\u00eda uno. Para el l\u00edder de Republicanos Unidos, una eventual administraci\u00f3n de JxC tendr\u00e1 que estabilizar la situaci\u00f3n macroecon\u00f3mica, relanzar el crecimiento, y crear cambios estructurales que faciliten la inversi\u00f3n y el empleo privado.<\/p>\n\n\n\n<p class=\"wp-block-paragraph\">Tambi\u00e9n participaron de la cumbre&nbsp;<strong>Alejandro Bongiovanni<\/strong>, jefe de campa\u00f1a del exministro, y dos laderos de la titular de Pro:&nbsp;<strong>Dami\u00e1n Arabia<\/strong>&nbsp;y&nbsp;<strong>Juan Curutchet<\/strong>.&nbsp;<strong>Federico<\/strong>&nbsp;<strong>Angelini<\/strong>, otro alfil de Macri, a cargo del armado nacional de Bullrich, fue uno de los encargados de tender puentes para lograr una mayor sinergia.<\/p>\n\n\n\n<p class=\"wp-block-paragraph\">\u201cVer a estos dos grandes trabajando juntos, y estar rodeado de buenos amigos, amantes de la libertad\u201d, se\u00f1al\u00f3 Arabia, secretario general de Pro. Ayer, Bullrich hab\u00eda anunciado un acuerdo con el Partido Dem\u00f3rcrata Progresista, que lidera&nbsp;<strong>Oscar Moscariello<\/strong>.<a href=\"https:\/\/www.lanacion.com.ar\/politica\/el-oficialismo-en-un-peligroso-callejon-sin-salida-nid10032023\/\" target=\"_blank\" rel=\"noreferrer noopener\"><em><\/em>LOS ENIGMAS QUE DEBE RESOLVER RODR\u00cdGUEZ LARRETA EN UNA ETAPA CLAVE DE SU CARRERA PRESIDENCIAL<\/a><\/p>\n\n\n\n<p class=\"wp-block-paragraph\">Apuntalada por Macri, que nutri\u00f3 de alfiles a sus equipos, Bullrich logr\u00f3 equilibrar la pelea con Larreta, quien tiene la ventaja de manejar la administraci\u00f3n porte\u00f1a y basa su esperanza en Buenos Aires. Su desaf\u00edo es seducir al resto de los socios de JxC, ya que&nbsp;<strong>Mart\u00edn Lousteau<\/strong>&nbsp;o&nbsp;<strong>Elisa Carri\u00f3<\/strong>&nbsp;rechazan sus recetas y tienen m\u00e1s sinton\u00eda con el modelo dialoguista y de centro de Larreta. De hecho, la l\u00edder de la CC lanz\u00f3 su candidatura presidencial en una jugada coordinada con el jefe porte\u00f1o. En Pro hay quienes creen que Carri\u00f3 podr\u00eda quitarle espacio o votos a Bullrich. Morales tambi\u00e9n simpatiza m\u00e1s con las ideas del alcalde, pero mantiene un buen v\u00ednculo con la titular de Pro. El socio m\u00e1s cercano de Bullrich en JxC es Cornejo, quien tuvo que volver a Mendoza y se baj\u00f3 de la contienda nacional ante el desaf\u00edo de&nbsp;<strong>Omar De Marchi,&nbsp;<\/strong>exconsejero de Larreta.<\/p>\n\n\n\n<p class=\"wp-block-paragraph\">Tras la cumbre con Macri en Cumel\u00e9n, promovi\u00f3 a&nbsp;<strong>Hern\u00e1n Lombardi<\/strong>, uno de los colaboradores del expresidente en el llano, a su nuevo comit\u00e9 de campa\u00f1a. Tambi\u00e9n design\u00f3 a&nbsp;<strong>Angelini<\/strong>, otro alfil de Macri, como armador en el interior y&nbsp;<strong>Sebasti\u00e1n Garc\u00eda De Luca<\/strong>, ladero de&nbsp;<strong>Monz\u00f3<\/strong>, le encarg\u00f3 la estrategia en la provincia de Buenos Aires.<\/p>\n\n\n\n<p class=\"wp-block-paragraph\">Confiada en sus encuestas y conforme con su instalaci\u00f3n, se alista para los \u201c100 metros finales\u201d. La pr\u00f3xima semana viajar\u00e1 a los Estados Unidos.<\/p>\n\n\n\n<p class=\"wp-block-paragraph\">Fuente: <a href=\"https:\/\/www.lanacion.com.ar\/\">La Naci\u00f3n<\/a><\/p>","protected":false},"excerpt":{"rendered":"<p>245ESCUCHAR La titular de Pro,&nbsp;Patricia Bullrich, y el l\u00edder de Republicano Unidos,&nbsp;Ricardo L\u00f3pez Murphy, acordaron hoy que trabajar\u00e1n en conjunto e integrar\u00e1n sus equipos t\u00e9cnicos de cara a las pr\u00f3ximas elecciones nacionales. Bullrich aspira a competir por la Presidencia y el diputado nacional se enfoca en la carrera por la sucesi\u00f3n de&nbsp;Horacio Rodr\u00edguez Larreta&nbsp;en la [&hellip;]<\/p>\n","protected":false},"author":9,"featured_media":0,"comment_status":"open","ping_status":"open","sticky":false,"template":"","format":"standard","meta":{"site-sidebar-layout":"default","site-content-layout":"","ast-site-content-layout":"default","site-content-style":"default","site-sidebar-style":"default","ast-global-header-display":"","ast-banner-title-visibility":"","ast-main-header-display":"","ast-hfb-above-header-display":"","ast-hfb-below-header-display":"","ast-hfb-mobile-header-display":"","site-post-title":"","ast-breadcrumbs-content":"","ast-featured-img":"","footer-sml-layout":"","ast-disable-related-posts":"","theme-transparent-header-meta":"","adv-header-id-meta":"","stick-header-meta":"","header-above-stick-meta":"","header-main-stick-meta":"","header-below-stick-meta":"","astra-migrate-meta-layouts":"default","ast-page-background-enabled":"default","ast-page-background-meta":{"desktop":{"background-color":"","background-image":"","background-repeat":"repeat","background-position":"center center","background-size":"auto","background-attachment":"scroll","background-type":"","background-media":"","overlay-type":"","overlay-color":"","overlay-opacity":"","overlay-gradient":""},"tablet":{"background-color":"","background-image":"","background-repeat":"repeat","background-position":"center center","background-size":"auto","background-attachment":"scroll","background-type":"","background-media":"","overlay-type":"","overlay-color":"","overlay-opacity":"","overlay-gradient":""},"mobile":{"background-color":"","background-image":"","background-repeat":"repeat","background-position":"center center","background-size":"auto","background-attachment":"scroll","background-type":"","background-media":"","overlay-type":"","overlay-color":"","overlay-opacity":"","overlay-gradient":""}},"ast-content-background-meta":{"desktop":{"background-color":"var(--ast-global-color-5)","background-image":"","background-repeat":"repeat","background-position":"center center","background-size":"auto","background-attachment":"scroll","background-type":"","background-media":"","overlay-type":"","overlay-color":"","overlay-opacity":"","overlay-gradient":""},"tablet":{"background-color":"var(--ast-global-color-5)","background-image":"","background-repeat":"repeat","background-position":"center center","background-size":"auto","background-attachment":"scroll","background-type":"","background-media":"","overlay-type":"","overlay-color":"","overlay-opacity":"","overlay-gradient":""},"mobile":{"background-color":"var(--ast-global-color-5)","background-image":"","background-repeat":"repeat","background-position":"center center","background-size":"auto","background-attachment":"scroll","background-type":"","background-media":"","overlay-type":"","overlay-color":"","overlay-opacity":"","overlay-gradient":""}},"footnotes":""},"categories":[2],"tags":[],"class_list":["post-78540","post","type-post","status-publish","format-standard","hentry","category-politica"],"spectra_blocks_featured_image_url":null,"spectra_blocks_author_info":{"display_name":"Jorge Alfredo Baret","avatar_url":"https:\/\/secure.gravatar.com\/avatar\/31696f5ca83439b642450ec7d3f82f98451a5efacb414343d5478c982b337f26?s=96&d=mm&r=g","author_link":"https:\/\/100xd.com.ar\/es\/author\/jorge\/","description":"Ingeniero Qu\u00edmico UTN - Director Apoderado de Comunicaciones Auditadas SA. Editor Responsable 100xd.com.ar."},"_links":{"self":[{"href":"https:\/\/100xd.com.ar\/es\/wp-json\/wp\/v2\/posts\/78540","targetHints":{"allow":["GET"]}}],"collection":[{"href":"https:\/\/100xd.com.ar\/es\/wp-json\/wp\/v2\/posts"}],"about":[{"href":"https:\/\/100xd.com.ar\/es\/wp-json\/wp\/v2\/types\/post"}],"author":[{"embeddable":true,"href":"https:\/\/100xd.com.ar\/es\/wp-json\/wp\/v2\/users\/9"}],"replies":[{"embeddable":true,"href":"https:\/\/100xd.com.ar\/es\/wp-json\/wp\/v2\/comments?post=78540"}],"version-history":[{"count":1,"href":"https:\/\/100xd.com.ar\/es\/wp-json\/wp\/v2\/posts\/78540\/revisions"}],"predecessor-version":[{"id":78542,"href":"https:\/\/100xd.com.ar\/es\/wp-json\/wp\/v2\/posts\/78540\/revisions\/78542"}],"wp:attachment":[{"href":"https:\/\/100xd.com.ar\/es\/wp-json\/wp\/v2\/media?parent=78540"}],"wp:term":[{"taxonomy":"category","embeddable":true,"href":"https:\/\/100xd.com.ar\/es\/wp-json\/wp\/v2\/categories?post=78540"},{"taxonomy":"post_tag","embeddable":true,"href":"https:\/\/100xd.com.ar\/es\/wp-json\/wp\/v2\/tags?post=78540"}],"curies":[{"name":"wp","href":"https:\/\/api.w.org\/{rel}","templated":true}]}}