{"id":76969,"date":"2023-02-09T10:18:01","date_gmt":"2023-02-09T13:18:01","guid":{"rendered":"https:\/\/100xd.com.ar\/?p=76969"},"modified":"2023-02-09T10:39:15","modified_gmt":"2023-02-09T13:39:15","slug":"rosario-narco-tenemos-la-mitad-de-los-patrulleros-que-necesitamos-admitio-el-intendente-tras-la-escalada-de-violencia","status":"publish","type":"post","link":"https:\/\/100xd.com.ar\/es\/rosario-narco-tenemos-la-mitad-de-los-patrulleros-que-necesitamos-admitio-el-intendente-tras-la-escalada-de-violencia\/","title":{"rendered":"Rosario narco: \u201cTenemos la mitad de los patrulleros que necesitamos\u201d, admiti\u00f3 el intendente tras la escalada de violencia"},"content":{"rendered":"<p class=\"wp-block-paragraph\">En las \u00faltimas 24 horas se confirmaron<strong>&nbsp;3 cr\u00edmenes en la ciudad de Rosario<\/strong>, vinculados a bandas narcos. Y en lo que va del 2023 ya se registraron&nbsp;<strong>32 homicidios&nbsp;<\/strong>en la localidad del sur de Santa Fe. \u201cEs joda\u201d, asegur\u00f3 el intendente de Rosario,&nbsp;<strong>Pablo Javkin<\/strong>, en referencia a la falta de respuesta de las fuerzas policiales a la inseguridad que azota a la ciudad.<\/p>\n\n\n\n<p class=\"wp-block-paragraph\">\u201cLo que agrava la situaci\u00f3n es el&nbsp;<strong>ataque a distintas instituciones p\u00fablicas o sociales<\/strong>. Involucran a un sindicato, un canal de televisi\u00f3n, la agencia de investigaci\u00f3n criminal, una comisar\u00eda que fue baleada por una persona en bicicleta, y ayer un centro de distrito municipal que adem\u00e1s tiene un centro de salud\u201d, explic\u00f3 el alcalde rosarino, en di\u00e1logo con&nbsp;<em>Radio Mitre.<\/em><\/p>\n\n\n\n<p class=\"wp-block-paragraph\">Asimismo, y basado en datos que le proporcionaron desde el Ministerio P\u00fablico, Javkin explic\u00f3 el estrecho v\u00ednculo que tiene la ola de cr\u00edmenes con l\u00edderes de las bandas narcos que se encuentran presos. \u201c<strong>El 95% de los hechos se ordenan desde c\u00e1rceles<\/strong>, y los hechos mensajes que dejan en estos atentados son entre bandas que tienen a los jefes detenidos, se ordenan desde las c\u00e1rceles\u201d, explic\u00f3.<img loading=\"lazy\" decoding=\"async\" alt=\"El intendente de Rosario, Pablo Javkin, reclam\u00f3 la falta de efectivos y m\u00f3viles policiales\" height=\"666\" width=\"1000\" class=\"\" src=\"https:\/\/cloudfront-us-east-1.images.arcpublishing.com\/infobae\/DGZ4WJ5IAVEPHGO2HDHQ7FDUYE.jpg\" srcset=\"https:\/\/www.infobae.com\/new-resizer\/pp_sPE2heyu7k46S5zHOowyHRcE=\/420x280\/filters:format(webp):quality(85)\/cloudfront-us-east-1.images.arcpublishing.com\/infobae\/DGZ4WJ5IAVEPHGO2HDHQ7FDUYE.jpg 420w,https:\/\/www.infobae.com\/new-resizer\/rki-N1IKfuA8G4CaQH1E05vImz0=\/768x512\/filters:format(webp):quality(85)\/cloudfront-us-east-1.images.arcpublishing.com\/infobae\/DGZ4WJ5IAVEPHGO2HDHQ7FDUYE.jpg 768w,https:\/\/www.infobae.com\/new-resizer\/eT126oGqimFpNmzgKmght0UpGNE=\/992x661\/filters:format(webp):quality(85)\/cloudfront-us-east-1.images.arcpublishing.com\/infobae\/DGZ4WJ5IAVEPHGO2HDHQ7FDUYE.jpg 992w,https:\/\/www.infobae.com\/new-resizer\/SFb-aksxdfZpQLr9cI1GOrO6gJg=\/1200x800\/filters:format(webp):quality(85)\/cloudfront-us-east-1.images.arcpublishing.com\/infobae\/DGZ4WJ5IAVEPHGO2HDHQ7FDUYE.jpg 1200w,https:\/\/www.infobae.com\/new-resizer\/13qL9nLAate3uKlTi6Tsn_Arcso=\/1440x960\/filters:format(webp):quality(85)\/cloudfront-us-east-1.images.arcpublishing.com\/infobae\/DGZ4WJ5IAVEPHGO2HDHQ7FDUYE.jpg 1440w\" title=\"Rosario narco: \u201cTenemos la mitad de los patrulleros que necesitamos\u201d, admiti\u00f3 el intendente tras la escalada de violencia\">El intendente de Rosario, Pablo Javkin, reclam\u00f3 la falta de efectivos y m\u00f3viles policiales<\/p>\n\n\n\n<p class=\"wp-block-paragraph\">Y agreg\u00f3 sobre este tema: \u201c<strong>Nadie escucha las c\u00e1rceles, no tenemos inteligencia criminal penitenciaria<\/strong>. Lo que agrava es la falta de presencia policial en calle, porque si no c\u00f3mo se explica que balean dos instituciones policiales y nadie los persigue, ni siquiera en bicicleta\u201d.<\/p>\n\n\n\n<p class=\"wp-block-paragraph\"><em>Te puede interesar:&nbsp;<\/em><a href=\"https:\/\/www.infobae.com\/politica\/2023\/02\/09\/rosario-narco-ante-la-escalada-de-violencia-el-ministro-de-seguridad-de-santa-fe-dejo-su-cargo\/\" target=\"_blank\" rel=\"noreferrer noopener\"><em>Rosario narco: ante la escalada de violencia, Omar Perotti ech\u00f3 al ministro de Seguridad de Santa Fe<\/em><\/a><\/p>\n\n\n\n<p class=\"wp-block-paragraph\">Por su parte, respecto a la cantidad de efectivos y m\u00f3viles disponibles para combatir la inseguridad, Javkin revel\u00f3 una cruda realidad que atraviesa Rosario. \u201c<strong>Hay muy pocos patrulleros disponibles. Tenemos alrededor de 150 m\u00f3viles, como techo, la mitad de lo que har\u00eda falta<\/strong>. No es solo lo poco que hay, sino la forma en la que se act\u00faa\u201d, detall\u00f3.<\/p>\n\n\n\n<p class=\"wp-block-paragraph\">En las \u00faltimas horas hab\u00eda sido el propio presidente de la Corte de Santa Fe el que hab\u00eda reconocido p\u00fablicamente que&nbsp;<a href=\"https:\/\/www.infobae.com\/sociedad\/2023\/02\/08\/rosario-narco-el-presidente-de-la-corte-suprema-de-santa-fe-aseguro-que-la-policia-perdio-el-control-de-la-calle\/\" target=\"_blank\" rel=\"noreferrer noopener\">la Polic\u00eda perdi\u00f3 el control de la calle.<\/a><\/p>\n\n\n\n<p class=\"wp-block-paragraph\">Este mi\u00e9rcoles<strong>&nbsp;balearon el Centro Municipal de Distrito Sudoeste Emilia Bertol\u00e9<\/strong>, ubicado en la zona sudoeste de la ciudad. El motivo del ataque ser\u00eda enviar un mensaje a las m\u00e1s altas esferas del poder narco rosarino. Sobre este caso, el intendente Pablo Javkin explic\u00f3: \u201c<strong>La polic\u00eda tiene un problema de disponibilidad de lugares en los barrios<\/strong>. No tienen comisar\u00edas y pusimos distritos municipales a disposici\u00f3n. Firmamos un convenio con el Gobernador, establecimos una suerte de destacamento en esos distritos donde la propia polic\u00eda necesitaba. Y duraron 20 o 25 d\u00edas.<strong>&nbsp;Los ataques de ayer fueron a esos destacamentos, pero ya no hab\u00eda polic\u00edas<\/strong>\u201d.<img loading=\"lazy\" decoding=\"async\" alt=\"Este mi\u00e9rcoles balearon el Centro Municipal y se tratar\u00eda de un mensaje para un l\u00edder narco\" height=\"1080\" width=\"1920\" class=\"\" src=\"https:\/\/cloudfront-us-east-1.images.arcpublishing.com\/infobae\/AKEYVNNN3ZB2XBVCGYT3YNXDI4.JPG\" srcset=\"https:\/\/www.infobae.com\/new-resizer\/jPCga5LV3oPJNc2c4Aj8V-LKn9g=\/420x236\/filters:format(webp):quality(85)\/cloudfront-us-east-1.images.arcpublishing.com\/infobae\/AKEYVNNN3ZB2XBVCGYT3YNXDI4.JPG 420w,https:\/\/www.infobae.com\/new-resizer\/yl_BsWVdH9Vl0iSAkaFa9YccP8A=\/768x432\/filters:format(webp):quality(85)\/cloudfront-us-east-1.images.arcpublishing.com\/infobae\/AKEYVNNN3ZB2XBVCGYT3YNXDI4.JPG 768w,https:\/\/www.infobae.com\/new-resizer\/P_qWeahq9-_5P74ryTwcikErsLo=\/992x558\/filters:format(webp):quality(85)\/cloudfront-us-east-1.images.arcpublishing.com\/infobae\/AKEYVNNN3ZB2XBVCGYT3YNXDI4.JPG 992w,https:\/\/www.infobae.com\/new-resizer\/UvJtnwTLoMjxGBT64jWD6KRuieE=\/1200x675\/filters:format(webp):quality(85)\/cloudfront-us-east-1.images.arcpublishing.com\/infobae\/AKEYVNNN3ZB2XBVCGYT3YNXDI4.JPG 1200w,https:\/\/www.infobae.com\/new-resizer\/DVdnsXB8KmCbMAWRwGDiaG0h6Vg=\/1440x810\/filters:format(webp):quality(85)\/cloudfront-us-east-1.images.arcpublishing.com\/infobae\/AKEYVNNN3ZB2XBVCGYT3YNXDI4.JPG 1440w\" title=\"Rosario narco: \u201cTenemos la mitad de los patrulleros que necesitamos\u201d, admiti\u00f3 el intendente tras la escalada de violencia\">Este mi\u00e9rcoles balearon el Centro Municipal y se tratar\u00eda de un mensaje para un l\u00edder narco<\/p>\n\n\n\n<p class=\"wp-block-paragraph\">\u201cTenemos presencia de fuerzas federales en la ciudad, y si bien se realizaron procedimientos importantes, pero en la prevenci\u00f3n tiene que haber una coordinaci\u00f3n. Y nosotros tenemos que ordenar esto en todos los niveles.<strong>&nbsp;No se puede combatir al narcotr\u00e1fico sin personas armadas&nbsp;<\/strong>o que puedan detener y sin que la Justicia se fortalezca en el orden federal y en el orden provincial\u201d, reclam\u00f3.<\/p>\n\n\n\n<p class=\"wp-block-paragraph\">Javkin mostr\u00f3 su preocupaci\u00f3n por la situaci\u00f3n, entendiendo que Rosario tiene muchos atractivos, pero la inseguridad le impide avanzar. \u201cYo hablo y tengo una responsabilidad institucional. Pero los fiscales lo dicen con mayor claridad, y lo describen perfecto.&nbsp;<strong>Es joda,<\/strong>&nbsp;y perm\u00edtanme decirlo, el 95% de los hechos son originados en las c\u00e1rceles. Y marcan a una ciudad que tiene un mont\u00f3n de cosas positivas, pero&nbsp;<strong>de qu\u00e9 vamos a hablar si no resolvemos este tema<\/strong>\u201d, manifest\u00f3.<\/p>\n\n\n\n<p class=\"wp-block-paragraph\">Respecto a un plan integran con las fuerzas provinciales y nacionales, dijo: \u201cNo tenga duda que eso es un quiebre. Un plan requiere el accionar de las fuerzas federales e inteligencia criminal\u201d.<\/p>\n\n\n\n<p class=\"wp-block-paragraph\"><em>Te puede interesar:&nbsp;<\/em><a href=\"https:\/\/www.infobae.com\/deportes\/2023\/02\/06\/los-monos-y-newells-la-historia-de-sangre-y-drogas-que-enluta-a-rosario\/\" target=\"_blank\" rel=\"noreferrer noopener\"><em>Los Monos y Newell\u2019s: la historia de sangre y drogas que enluta a Rosario<\/em><\/a><\/p>\n\n\n\n<p class=\"wp-block-paragraph\">Vale recordar, que este lunes sicarios&nbsp;<strong>mataron a tiros a un hombre de 72 a\u00f1os&nbsp;<\/strong>e hirieron a un beb\u00e9 de 1 a\u00f1o y 9 meses que jugaba en la calle, en la zona oeste de la ciudad. A pocas cuadras,<strong>&nbsp;otra joven de 27 a\u00f1os fue asesinada de siete tiros&nbsp;<\/strong>en un domicilio que ser\u00eda un punto de venta de droga. Adem\u00e1s, otro sicario en bicicleta<strong>&nbsp;bale\u00f3 el frente de la Comisar\u00eda 32\u00aa&nbsp;<\/strong>y huy\u00f3 sin ser detenido.<\/p>\n\n\n\n<p class=\"wp-block-paragraph\">\u201cCuando se esclarecen los hechos, el 95% de los casos tiene origen penitenciario. Son n\u00fameros del&nbsp;<strong>Ministerio P\u00fablico<\/strong>. Hay que reforzar los patrulleros e incorporar tecnolog\u00eda. Es tan bajo el nivel de presencia policial que muchos hechos se explican desde ah\u00ed. Balearon la Agencia y nadie sali\u00f3 a perseguir al que bale\u00f3\u201d, concluy\u00f3 el intendente.<\/p>\n\n\n\n<p class=\"wp-block-paragraph\">Fuente:<a href=\"https:\/\/www.infobae.com\/?noredirect\"> Infobae.com<\/a><\/p>","protected":false},"excerpt":{"rendered":"<p>En las \u00faltimas 24 horas se confirmaron&nbsp;3 cr\u00edmenes en la ciudad de Rosario, vinculados a bandas narcos. Y en lo que va del 2023 ya se registraron&nbsp;32 homicidios&nbsp;en la localidad del sur de Santa Fe. \u201cEs joda\u201d, asegur\u00f3 el intendente de Rosario,&nbsp;Pablo Javkin, en referencia a la falta de respuesta de las fuerzas policiales a [&hellip;]<\/p>\n","protected":false},"author":9,"featured_media":0,"comment_status":"open","ping_status":"open","sticky":false,"template":"","format":"standard","meta":{"site-sidebar-layout":"default","site-content-layout":"","ast-site-content-layout":"default","site-content-style":"default","site-sidebar-style":"default","ast-global-header-display":"","ast-banner-title-visibility":"","ast-main-header-display":"","ast-hfb-above-header-display":"","ast-hfb-below-header-display":"","ast-hfb-mobile-header-display":"","site-post-title":"","ast-breadcrumbs-content":"","ast-featured-img":"","footer-sml-layout":"","ast-disable-related-posts":"","theme-transparent-header-meta":"","adv-header-id-meta":"","stick-header-meta":"","header-above-stick-meta":"","header-main-stick-meta":"","header-below-stick-meta":"","astra-migrate-meta-layouts":"default","ast-page-background-enabled":"default","ast-page-background-meta":{"desktop":{"background-color":"","background-image":"","background-repeat":"repeat","background-position":"center center","background-size":"auto","background-attachment":"scroll","background-type":"","background-media":"","overlay-type":"","overlay-color":"","overlay-opacity":"","overlay-gradient":""},"tablet":{"background-color":"","background-image":"","background-repeat":"repeat","background-position":"center center","background-size":"auto","background-attachment":"scroll","background-type":"","background-media":"","overlay-type":"","overlay-color":"","overlay-opacity":"","overlay-gradient":""},"mobile":{"background-color":"","background-image":"","background-repeat":"repeat","background-position":"center center","background-size":"auto","background-attachment":"scroll","background-type":"","background-media":"","overlay-type":"","overlay-color":"","overlay-opacity":"","overlay-gradient":""}},"ast-content-background-meta":{"desktop":{"background-color":"var(--ast-global-color-5)","background-image":"","background-repeat":"repeat","background-position":"center center","background-size":"auto","background-attachment":"scroll","background-type":"","background-media":"","overlay-type":"","overlay-color":"","overlay-opacity":"","overlay-gradient":""},"tablet":{"background-color":"var(--ast-global-color-5)","background-image":"","background-repeat":"repeat","background-position":"center center","background-size":"auto","background-attachment":"scroll","background-type":"","background-media":"","overlay-type":"","overlay-color":"","overlay-opacity":"","overlay-gradient":""},"mobile":{"background-color":"var(--ast-global-color-5)","background-image":"","background-repeat":"repeat","background-position":"center center","background-size":"auto","background-attachment":"scroll","background-type":"","background-media":"","overlay-type":"","overlay-color":"","overlay-opacity":"","overlay-gradient":""}},"footnotes":""},"categories":[25],"tags":[],"class_list":["post-76969","post","type-post","status-publish","format-standard","hentry","category-destacado"],"spectra_blocks_featured_image_url":null,"spectra_blocks_author_info":{"display_name":"Jorge Alfredo Baret","avatar_url":"https:\/\/secure.gravatar.com\/avatar\/31696f5ca83439b642450ec7d3f82f98451a5efacb414343d5478c982b337f26?s=96&d=mm&r=g","author_link":"https:\/\/100xd.com.ar\/es\/author\/jorge\/","description":"Ingeniero Qu\u00edmico UTN - Director Apoderado de Comunicaciones Auditadas SA. Editor Responsable 100xd.com.ar."},"_links":{"self":[{"href":"https:\/\/100xd.com.ar\/es\/wp-json\/wp\/v2\/posts\/76969","targetHints":{"allow":["GET"]}}],"collection":[{"href":"https:\/\/100xd.com.ar\/es\/wp-json\/wp\/v2\/posts"}],"about":[{"href":"https:\/\/100xd.com.ar\/es\/wp-json\/wp\/v2\/types\/post"}],"author":[{"embeddable":true,"href":"https:\/\/100xd.com.ar\/es\/wp-json\/wp\/v2\/users\/9"}],"replies":[{"embeddable":true,"href":"https:\/\/100xd.com.ar\/es\/wp-json\/wp\/v2\/comments?post=76969"}],"version-history":[{"count":2,"href":"https:\/\/100xd.com.ar\/es\/wp-json\/wp\/v2\/posts\/76969\/revisions"}],"predecessor-version":[{"id":76984,"href":"https:\/\/100xd.com.ar\/es\/wp-json\/wp\/v2\/posts\/76969\/revisions\/76984"}],"wp:attachment":[{"href":"https:\/\/100xd.com.ar\/es\/wp-json\/wp\/v2\/media?parent=76969"}],"wp:term":[{"taxonomy":"category","embeddable":true,"href":"https:\/\/100xd.com.ar\/es\/wp-json\/wp\/v2\/categories?post=76969"},{"taxonomy":"post_tag","embeddable":true,"href":"https:\/\/100xd.com.ar\/es\/wp-json\/wp\/v2\/tags?post=76969"}],"curies":[{"name":"wp","href":"https:\/\/api.w.org\/{rel}","templated":true}]}}