{"id":75655,"date":"2023-01-05T11:54:36","date_gmt":"2023-01-05T14:54:36","guid":{"rendered":"https:\/\/100xd.com.ar\/?p=75655"},"modified":"2023-01-05T11:54:36","modified_gmt":"2023-01-05T14:54:36","slug":"todos-en-contra-lapidario-resultado-de-una-encuesta-sobre-el-juicio-politico-contra-horacio-rosatti","status":"publish","type":"post","link":"https:\/\/100xd.com.ar\/es\/todos-en-contra-lapidario-resultado-de-una-encuesta-sobre-el-juicio-politico-contra-horacio-rosatti\/","title":{"rendered":"Todos en contra: lapidario resultado de una encuesta sobre el juicio pol\u00edtico contra Horacio Rosatti"},"content":{"rendered":"<p class=\"wp-block-paragraph\">El presidente&nbsp;<strong>Alberto Fern\u00e1ndez<\/strong>&nbsp;activ\u00f3 el protocolo para dar inicio al proceso de pedido de&nbsp;<strong>juicio pol\u00edtico<\/strong>&nbsp;contra los&nbsp;cuatro miembros de la&nbsp;<strong>Corte Suprema<\/strong>. Para ello, se convocar\u00e1 a&nbsp;sesiones extraordinarias del Congreso y probablemente puedan dar inicio durante la segunda quincena de enero.<\/p>\n\n\n\n<p class=\"wp-block-paragraph\"><strong>Fern\u00e1ndez<\/strong>&nbsp;mantuvo un encuentro con el presidente de bloque de diputados nacionales del Frente de Todos (FdT),&nbsp;Germ\u00e1n Mart\u00ednez y la titular de la comisi\u00f3n de&nbsp;Juicio Pol\u00edtico&nbsp;de la C\u00e1mara baja,&nbsp;Carolina Gaillard, a quienes le entreg\u00f3 el pedido de juicio pol\u00edtico contra la Corte que impulsa junto a gobernadores y requiri\u00f3 su &#8220;pronto tratamiento legislativo&#8221;.<\/p>\n\n\n\n<p class=\"wp-block-paragraph\">Al tratarse de un tema tan trascendente y con un amplio debate pol\u00edtico, ya que la oposici\u00f3n plant\u00f3 su postura contraria de manera contundente,&nbsp;<strong>MDZ<\/strong>&nbsp;decidi\u00f3 consultar a sus lectores si cre\u00edan que el&nbsp;<strong>juicio pol\u00edtico<\/strong>&nbsp;ten\u00eda posibilidades de avanzar. El resultado fue lapidario.<\/p>\n\n\n\n<figure data-spectra-id=\"spectra-2cd11207-6fc6-4120-95c1-02deda1a6596\" class=\"wp-block-image\"><img decoding=\"async\" src=\"https:\/\/www.mdzol.com\/u\/fotografias\/m\/2023\/1\/5\/f768x1-1343198_1343325_5050.jpg\" alt=\"F768x1 1343198 1343325 5050\" title=\"Todos en contra: lapidario resultado de una encuesta sobre el juicio pol\u00edtico contra Horacio Rosatti\" \/><\/figure>\n\n\n\n<figure class=\"wp-block-embed\"><div class=\"wp-block-embed__wrapper\">\nhttps:\/\/1935ffb6590a92395388e14155efab74.safeframe.googlesyndication.com\/safeframe\/1-0-40\/html\/container.html\n<\/div><\/figure>\n\n\n\n<p class=\"wp-block-paragraph\">\u00bfCre\u00e9s que&nbsp;<strong>Alberto Fern\u00e1ndez<\/strong>&nbsp;podr\u00e1 avanzar con el pedido de juicio pol\u00edtico contra Horacio Rosatti?, consult\u00f3 MDZ a su audiencia.<\/p>\n\n\n\n<p class=\"wp-block-paragraph\">De la encuesta participaron casi 5.500 personas, de las cuales el 91% (4.998 votos) consider\u00f3 que no podr\u00e1 avanzar, mientras que solamente el 9% restante (506 votos) consider\u00f3 que si.<\/p>\n\n\n\n<p class=\"wp-block-paragraph\">Fuente:<a href=\"https:\/\/www.mdzol.com\/\"> Mendoza online<\/a><\/p>","protected":false},"excerpt":{"rendered":"<p>El presidente&nbsp;Alberto Fern\u00e1ndez&nbsp;activ\u00f3 el protocolo para dar inicio al proceso de pedido de&nbsp;juicio pol\u00edtico&nbsp;contra los&nbsp;cuatro miembros de la&nbsp;Corte Suprema. Para ello, se convocar\u00e1 a&nbsp;sesiones extraordinarias del Congreso y probablemente puedan dar inicio durante la segunda quincena de enero. Fern\u00e1ndez&nbsp;mantuvo un encuentro con el presidente de bloque de diputados nacionales del Frente de Todos (FdT),&nbsp;Germ\u00e1n Mart\u00ednez [&hellip;]<\/p>\n","protected":false},"author":9,"featured_media":0,"comment_status":"open","ping_status":"open","sticky":false,"template":"","format":"standard","meta":{"site-sidebar-layout":"default","site-content-layout":"","ast-site-content-layout":"default","site-content-style":"default","site-sidebar-style":"default","ast-global-header-display":"","ast-banner-title-visibility":"","ast-main-header-display":"","ast-hfb-above-header-display":"","ast-hfb-below-header-display":"","ast-hfb-mobile-header-display":"","site-post-title":"","ast-breadcrumbs-content":"","ast-featured-img":"","footer-sml-layout":"","ast-disable-related-posts":"","theme-transparent-header-meta":"","adv-header-id-meta":"","stick-header-meta":"","header-above-stick-meta":"","header-main-stick-meta":"","header-below-stick-meta":"","astra-migrate-meta-layouts":"default","ast-page-background-enabled":"default","ast-page-background-meta":{"desktop":{"background-color":"","background-image":"","background-repeat":"repeat","background-position":"center center","background-size":"auto","background-attachment":"scroll","background-type":"","background-media":"","overlay-type":"","overlay-color":"","overlay-opacity":"","overlay-gradient":""},"tablet":{"background-color":"","background-image":"","background-repeat":"repeat","background-position":"center center","background-size":"auto","background-attachment":"scroll","background-type":"","background-media":"","overlay-type":"","overlay-color":"","overlay-opacity":"","overlay-gradient":""},"mobile":{"background-color":"","background-image":"","background-repeat":"repeat","background-position":"center center","background-size":"auto","background-attachment":"scroll","background-type":"","background-media":"","overlay-type":"","overlay-color":"","overlay-opacity":"","overlay-gradient":""}},"ast-content-background-meta":{"desktop":{"background-color":"var(--ast-global-color-5)","background-image":"","background-repeat":"repeat","background-position":"center center","background-size":"auto","background-attachment":"scroll","background-type":"","background-media":"","overlay-type":"","overlay-color":"","overlay-opacity":"","overlay-gradient":""},"tablet":{"background-color":"var(--ast-global-color-5)","background-image":"","background-repeat":"repeat","background-position":"center center","background-size":"auto","background-attachment":"scroll","background-type":"","background-media":"","overlay-type":"","overlay-color":"","overlay-opacity":"","overlay-gradient":""},"mobile":{"background-color":"var(--ast-global-color-5)","background-image":"","background-repeat":"repeat","background-position":"center center","background-size":"auto","background-attachment":"scroll","background-type":"","background-media":"","overlay-type":"","overlay-color":"","overlay-opacity":"","overlay-gradient":""}},"footnotes":""},"categories":[2],"tags":[],"class_list":["post-75655","post","type-post","status-publish","format-standard","hentry","category-politica"],"spectra_blocks_featured_image_url":null,"spectra_blocks_author_info":{"display_name":"Jorge Alfredo Baret","avatar_url":"https:\/\/secure.gravatar.com\/avatar\/31696f5ca83439b642450ec7d3f82f98451a5efacb414343d5478c982b337f26?s=96&d=mm&r=g","author_link":"https:\/\/100xd.com.ar\/es\/author\/jorge\/","description":"Ingeniero Qu\u00edmico UTN - Director Apoderado de Comunicaciones Auditadas SA. Editor Responsable 100xd.com.ar."},"_links":{"self":[{"href":"https:\/\/100xd.com.ar\/es\/wp-json\/wp\/v2\/posts\/75655","targetHints":{"allow":["GET"]}}],"collection":[{"href":"https:\/\/100xd.com.ar\/es\/wp-json\/wp\/v2\/posts"}],"about":[{"href":"https:\/\/100xd.com.ar\/es\/wp-json\/wp\/v2\/types\/post"}],"author":[{"embeddable":true,"href":"https:\/\/100xd.com.ar\/es\/wp-json\/wp\/v2\/users\/9"}],"replies":[{"embeddable":true,"href":"https:\/\/100xd.com.ar\/es\/wp-json\/wp\/v2\/comments?post=75655"}],"version-history":[{"count":1,"href":"https:\/\/100xd.com.ar\/es\/wp-json\/wp\/v2\/posts\/75655\/revisions"}],"predecessor-version":[{"id":75657,"href":"https:\/\/100xd.com.ar\/es\/wp-json\/wp\/v2\/posts\/75655\/revisions\/75657"}],"wp:attachment":[{"href":"https:\/\/100xd.com.ar\/es\/wp-json\/wp\/v2\/media?parent=75655"}],"wp:term":[{"taxonomy":"category","embeddable":true,"href":"https:\/\/100xd.com.ar\/es\/wp-json\/wp\/v2\/categories?post=75655"},{"taxonomy":"post_tag","embeddable":true,"href":"https:\/\/100xd.com.ar\/es\/wp-json\/wp\/v2\/tags?post=75655"}],"curies":[{"name":"wp","href":"https:\/\/api.w.org\/{rel}","templated":true}]}}