{"id":7496,"date":"2015-08-14T14:14:20","date_gmt":"2015-08-14T17:14:20","guid":{"rendered":"http:\/\/www.100xd.com.ar\/?p=7496"},"modified":"2015-08-15T14:22:14","modified_gmt":"2015-08-15T17:22:14","slug":"scioli-y-berni-monitorearon-las-tareas-de-asistencia-a-los-damnificados-en-salto","status":"publish","type":"post","link":"https:\/\/100xd.com.ar\/es\/scioli-y-berni-monitorearon-las-tareas-de-asistencia-a-los-damnificados-en-salto\/","title":{"rendered":"Scioli y Berni con damnificados en Salto &#8220;Tengan tranquilidad que les vamos a reponer lo perdido&#8221;"},"content":{"rendered":"<p>\u201cQuiero transmitir tranquilidad a los vecinos porque tenemos actuando a todo el Comit\u00e9 de Emergencia provincial y nacional, y ahora la prioridad es la vuelta a casa y que la gente recupere lo que ha perdido\u201d, remarc\u00f3 el gobernador Daniel Scioli al supervisar hoy en Salto, el operativo de asistencia a los damnificados afectados por el temporal.<\/p>\n<p>\u201cEstamos abocados a la organizaci\u00f3n de la vuelta a casa de las familias y a la cuesti\u00f3n sanitaria\u201d, insisti\u00f3 el Gobernador, tras remarcar que \u201csi no se hubiesen realizado obras, estar\u00edamos hablando de una situaci\u00f3n mucho m\u00e1s dram\u00e1tica y distinta; ahora esto no conforma y mientras haya un evacuado vamos a seguir trabajando arduamente\u201d.<\/p>\n<p>Acompa\u00f1ado por el ministro de Desarrollo Social,\u00a0 Eduardo Aparicio, Scioli asegur\u00f3 que \u201cvamos a estar con cada vecino, cada familia, escuchando su situaci\u00f3n particular y dando una respuesta integral, al recorrer los centros de evacuados del municipio de Salto.<\/p>\n<p>\u201cTengan la tranquilidad de que le vamos a reponer lo perdido\u201d, sostuvo al conversar con familiares damnificados donde precis\u00f3 adem\u00e1s que \u201cestamos haciendo un relevamiento de toda la cuenca del Luj\u00e1n, Areco, Salto y en primer lugar, de acuerdo a lo previsto el agua est\u00e1 descendiendo\u201d.<\/p>\n<p>\u201cTenemos una amplia diversidad de recursos y de asistencias de todo tipo, que vamos a ir dando\u201d a los afectados, dijo el gobernador junto al secretario de Seguridad de la Naci\u00f3n, Sergio Berni y al intendente Oscar Brasca, tras recordar \u201clas medidas anunciadas a nivel nacional, como el aumento en pensiones, jubilaciones, en la Asignaci\u00f3n Universal por Hijo, a los j\u00f3venes a trav\u00e9s del Programa Progresar, y en la Provincia con subsidios directos y la exenci\u00f3n de impuestos\u201d.<\/p>\n<p>En este marco, Scioli agradeci\u00f3 \u201cmuy especialmente a los bomberos la tarea que han llevado adelante con esa solidaridad que los caracteriza, conjuntamente con la ciudadan\u00eda a trav\u00e9s de\u00a0 distintas organizaciones que han contribuido en esta primer etapa a palear las consecuencias de\u00a0 este temporal\u201d.<\/p>","protected":false},"excerpt":{"rendered":"<p>\u201cQuiero transmitir tranquilidad a los vecinos porque tenemos actuando a todo el Comit\u00e9 de Emergencia provincial y nacional, y ahora la prioridad es la vuelta a casa y que la gente recupere lo que ha perdido\u201d, remarc\u00f3 el gobernador Daniel Scioli al supervisar hoy en Salto, el operativo de asistencia a los damnificados afectados por [&hellip;]<\/p>\n","protected":false},"author":4,"featured_media":0,"comment_status":"open","ping_status":"open","sticky":false,"template":"","format":"standard","meta":{"site-sidebar-layout":"default","site-content-layout":"","ast-site-content-layout":"default","site-content-style":"default","site-sidebar-style":"default","ast-global-header-display":"","ast-banner-title-visibility":"","ast-main-header-display":"","ast-hfb-above-header-display":"","ast-hfb-below-header-display":"","ast-hfb-mobile-header-display":"","site-post-title":"","ast-breadcrumbs-content":"","ast-featured-img":"","footer-sml-layout":"","ast-disable-related-posts":"","theme-transparent-header-meta":"","adv-header-id-meta":"","stick-header-meta":"","header-above-stick-meta":"","header-main-stick-meta":"","header-below-stick-meta":"","astra-migrate-meta-layouts":"default","ast-page-background-enabled":"default","ast-page-background-meta":{"desktop":{"background-color":"","background-image":"","background-repeat":"repeat","background-position":"center center","background-size":"auto","background-attachment":"scroll","background-type":"","background-media":"","overlay-type":"","overlay-color":"","overlay-opacity":"","overlay-gradient":""},"tablet":{"background-color":"","background-image":"","background-repeat":"repeat","background-position":"center center","background-size":"auto","background-attachment":"scroll","background-type":"","background-media":"","overlay-type":"","overlay-color":"","overlay-opacity":"","overlay-gradient":""},"mobile":{"background-color":"","background-image":"","background-repeat":"repeat","background-position":"center center","background-size":"auto","background-attachment":"scroll","background-type":"","background-media":"","overlay-type":"","overlay-color":"","overlay-opacity":"","overlay-gradient":""}},"ast-content-background-meta":{"desktop":{"background-color":"var(--ast-global-color-5)","background-image":"","background-repeat":"repeat","background-position":"center center","background-size":"auto","background-attachment":"scroll","background-type":"","background-media":"","overlay-type":"","overlay-color":"","overlay-opacity":"","overlay-gradient":""},"tablet":{"background-color":"var(--ast-global-color-5)","background-image":"","background-repeat":"repeat","background-position":"center center","background-size":"auto","background-attachment":"scroll","background-type":"","background-media":"","overlay-type":"","overlay-color":"","overlay-opacity":"","overlay-gradient":""},"mobile":{"background-color":"var(--ast-global-color-5)","background-image":"","background-repeat":"repeat","background-position":"center center","background-size":"auto","background-attachment":"scroll","background-type":"","background-media":"","overlay-type":"","overlay-color":"","overlay-opacity":"","overlay-gradient":""}},"footnotes":""},"categories":[2],"tags":[30,2053,2106,2158,934],"class_list":["post-7496","post","type-post","status-publish","format-standard","hentry","category-politica","tag-daniel-scioli","tag-inundacion","tag-inundaciones","tag-salto","tag-sergio-berni"],"spectra_blocks_featured_image_url":null,"spectra_blocks_author_info":{"display_name":"Facundo Novillo","avatar_url":"https:\/\/secure.gravatar.com\/avatar\/09745bc65ce6bf84291d6515d5f759c04b4fce4f329b8a975a8ac2982b552d3e?s=96&d=mm&r=g","author_link":"https:\/\/100xd.com.ar\/es\/author\/facundo\/","description":""},"_links":{"self":[{"href":"https:\/\/100xd.com.ar\/es\/wp-json\/wp\/v2\/posts\/7496","targetHints":{"allow":["GET"]}}],"collection":[{"href":"https:\/\/100xd.com.ar\/es\/wp-json\/wp\/v2\/posts"}],"about":[{"href":"https:\/\/100xd.com.ar\/es\/wp-json\/wp\/v2\/types\/post"}],"author":[{"embeddable":true,"href":"https:\/\/100xd.com.ar\/es\/wp-json\/wp\/v2\/users\/4"}],"replies":[{"embeddable":true,"href":"https:\/\/100xd.com.ar\/es\/wp-json\/wp\/v2\/comments?post=7496"}],"version-history":[{"count":3,"href":"https:\/\/100xd.com.ar\/es\/wp-json\/wp\/v2\/posts\/7496\/revisions"}],"predecessor-version":[{"id":7506,"href":"https:\/\/100xd.com.ar\/es\/wp-json\/wp\/v2\/posts\/7496\/revisions\/7506"}],"wp:attachment":[{"href":"https:\/\/100xd.com.ar\/es\/wp-json\/wp\/v2\/media?parent=7496"}],"wp:term":[{"taxonomy":"category","embeddable":true,"href":"https:\/\/100xd.com.ar\/es\/wp-json\/wp\/v2\/categories?post=7496"},{"taxonomy":"post_tag","embeddable":true,"href":"https:\/\/100xd.com.ar\/es\/wp-json\/wp\/v2\/tags?post=7496"}],"curies":[{"name":"wp","href":"https:\/\/api.w.org\/{rel}","templated":true}]}}