{"id":74357,"date":"2022-12-07T10:42:58","date_gmt":"2022-12-07T13:42:58","guid":{"rendered":"https:\/\/100xd.com.ar\/?p=74357"},"modified":"2022-12-07T10:42:58","modified_gmt":"2022-12-07T13:42:58","slug":"delia-la-campora-se-paso-dos-anos-cantando-si-la-tocan-a-cristina-ayer-la-tocaron-y-se-quedaron-en-su-casa","status":"publish","type":"post","link":"https:\/\/100xd.com.ar\/es\/delia-la-campora-se-paso-dos-anos-cantando-si-la-tocan-a-cristina-ayer-la-tocaron-y-se-quedaron-en-su-casa\/","title":{"rendered":"D\u2019El\u00eda: \u201cLa C\u00e1mpora se pas\u00f3 dos a\u00f1os cantando \u2018si la tocan a Cristina\u2019, ayer la tocaron y se quedaron en su casa\u201d"},"content":{"rendered":"<p class=\"wp-block-paragraph\"><strong>Luis D\u2019El\u00eda<\/strong>&nbsp;fue uno de los pocos dirigentes que march\u00f3 ayer hacia los tribunales federales de Comodoro Py. A pesar de la instrucci\u00f3n del kirchnerismo de desalentar las manifestaciones en repudio a la previsible condena de la vicepresidenta&nbsp;<strong>Cristina Kirchner<\/strong>, el referente del partido Miles y Federaci\u00f3n Tierra y Vivienda (FTV) resolvi\u00f3 movilizar a los suyos en defensa de la l\u00edder peronista, pero se encontr\u00f3 con una escueta convocatoria.<\/p>\n\n\n\n<p class=\"wp-block-paragraph\">\u201cLa C\u00e1mpora se pas\u00f3 dos a\u00f1os cantando \u2018si la tocan a Cristina, qu\u00e9 quilombo se va a armar\u2019.&nbsp;<strong>Ayer la tocaron y se quedaron todos en su casa<\/strong>\u201d, reproch\u00f3 hoy D\u2019El\u00eda en declaraciones a radio&nbsp;<em>Rivadavia.<\/em><\/p>\n\n\n\n<p class=\"wp-block-paragraph\">D\u2019El\u00eda aspiraba a replicar \u201c<strong>otro 17 de octubre<\/strong>\u201d cuando se conociera la sentencia. La convocatoria, finalmente, termin\u00f3 siendo m\u00e1s peque\u00f1a por decisi\u00f3n pol\u00edtica de Cristina Kirchner y del conjunto del peronismo. Horas antes, hab\u00eda cuestionado abiertamente por ese motivo a&nbsp;<strong>Andr\u00e9s \u201cCuervo\u201d Larroque<\/strong>, el secretario general de La C\u00e1mpora.<\/p>\n\n\n\n<p class=\"wp-block-paragraph\">El edificio de Comodoro Py 2002 hab\u00eda amanecido con fuertes medidas de seguridad, doble vallado, s\u00f3lo un acceso habilitado y dos centenares de polic\u00edas destinados a la custodia.<\/p>\n\n\n\n<p class=\"wp-block-paragraph\">En la previa, bajo el lema \u201cParemos el golpe en la calle, vamos en defensa de Cristina\u201d, el dirigente de la FTV llam\u00f3 que una concentraci\u00f3n desde las 10 en la iglesia de San Cayetano, ubicada en avenida Rivadavia y General Paz, hasta los tribunales de Comodoro Py. Hacia la tarde, all\u00ed se conoci\u00f3 el fallo contra la ex presidenta en la causa \u201c<strong>Vialidad<\/strong>\u201d que determin\u00f3 una&nbsp;<strong>condena a 6 a\u00f1os de prisi\u00f3n y inhabilitaci\u00f3n perpetua&nbsp;<\/strong>para presentarse en cargos p\u00fablicos.<\/p>\n\n\n\n<p class=\"wp-block-paragraph\">Conocida la resoluci\u00f3n judicial, D\u2019El\u00eda remarc\u00f3 cualquier tipo de iniciativa violenta callejera y dijo que \u201calterar la paz p\u00fablica no sirve para nada\u201d, pero que \u201chay que tomar conciencia que eso no se resuelve con leguleyeria barata\u201d. \u201cEsto se resuelve pac\u00edficamente con el pueblo en la calle. El pueblo se par\u00f3 un 17 de octubre en la calle y liber\u00f3 a Per\u00f3n\u201d, insisti\u00f3.<\/p>\n\n\n\n<p class=\"wp-block-paragraph\">En ese marco, el referente territorial expres\u00f3 su desacuerdo en que Cristina Kirchner se bajara de una candidatura nacional en la elecciones de 2023, luego de conocerse la condena. \u201cEs un cuadro brillante, me parece que estaba muy afectada\u201d, dijo acerca de su discurso posterior que se transmiti\u00f3 en el canal de Youtube de la vicepresidenta.<\/p>\n\n\n\n<p class=\"wp-block-paragraph\"><em>Te puede interesar:&nbsp;<\/em><a href=\"https:\/\/www.infobae.com\/politica\/2022\/12\/06\/cristina-kirchner-no-voy-a-ser-candidata-a-nada-mi-nombre-no-va-a-estar-en-ninguna-boleta\/\" target=\"_blank\" rel=\"noreferrer noopener\">Cristina Kirchner: \u201cNo voy a ser candidata a nada, mi nombre no va a estar en ninguna boleta\u201d<\/a><\/p>\n\n\n\n<p class=\"wp-block-paragraph\">Y continu\u00f3: \u201cAyer ella dio una larga explicaci\u00f3n leguleya, esto no se soluciona con debate jur\u00eddico. Tiene que convocar al movimiento nacional y a una campa\u00f1a de esclarecimiento y movilizaci\u00f3n en todo el pa\u00eds\u201d.<img loading=\"lazy\" decoding=\"async\" alt=\"&quot;Esto se resuelve pac\u00edficamente con el pueblo en la calle&quot;, dijo D'El\u00eda (Adri\u00e1n Esc\u00e1ndar)\" height=\"1080\" width=\"1920\" class=\"\" src=\"https:\/\/cloudfront-us-east-1.images.arcpublishing.com\/infobae\/4HF7AS4NMJA7TJU32AOGGWYS2E.jpg\" srcset=\"https:\/\/www.infobae.com\/new-resizer\/lwi9tdkdaPTEziu-V6a19oae9DE=\/420x236\/filters:format(webp):quality(85)\/cloudfront-us-east-1.images.arcpublishing.com\/infobae\/4HF7AS4NMJA7TJU32AOGGWYS2E.jpg 420w,https:\/\/www.infobae.com\/new-resizer\/JBRcHgceGtxX8d4a_n0bFpQli-o=\/768x432\/filters:format(webp):quality(85)\/cloudfront-us-east-1.images.arcpublishing.com\/infobae\/4HF7AS4NMJA7TJU32AOGGWYS2E.jpg 768w,https:\/\/www.infobae.com\/new-resizer\/OrpeSNix43xu_fTzAwIXdaefAQQ=\/992x558\/filters:format(webp):quality(85)\/cloudfront-us-east-1.images.arcpublishing.com\/infobae\/4HF7AS4NMJA7TJU32AOGGWYS2E.jpg 992w,https:\/\/www.infobae.com\/new-resizer\/Z8nyBUUf05Xo5QO5EGckeAgcDDI=\/1200x675\/filters:format(webp):quality(85)\/cloudfront-us-east-1.images.arcpublishing.com\/infobae\/4HF7AS4NMJA7TJU32AOGGWYS2E.jpg 1200w,https:\/\/www.infobae.com\/new-resizer\/7g22SJfAGoBoiUfzTlKoNaaDvJU=\/1440x810\/filters:format(webp):quality(85)\/cloudfront-us-east-1.images.arcpublishing.com\/infobae\/4HF7AS4NMJA7TJU32AOGGWYS2E.jpg 1440w\" title=\"D\u2019El\u00eda: \u201cLa C\u00e1mpora se pas\u00f3 dos a\u00f1os cantando \u2018si la tocan a Cristina\u2019, ayer la tocaron y se quedaron en su casa\u201d\">&#8220;Esto se resuelve pac\u00edficamente con el pueblo en la calle&#8221;, dijo D&#8217;El\u00eda (Adri\u00e1n Esc\u00e1ndar)<\/p>\n\n\n\n<p class=\"wp-block-paragraph\">Este martes, el Tribunal Oral Federal 2 declar\u00f3 culpable a la vicepresidenta Cristina Kirchner por el delito de administraci\u00f3n fraudulenta, en la causa que investig\u00f3 el presunto direccionamiento de la obra p\u00fablica vial de&nbsp;<strong>Santa Cruz&nbsp;<\/strong>en favor del empresario&nbsp;<strong>L\u00e1zaro B\u00e1ez entre 2003 y 2015<\/strong>, que tambi\u00e9n termin\u00f3 condenado por la misma pena como part\u00edcipe necesario del hecho.<\/p>\n\n\n\n<p class=\"wp-block-paragraph\">Los otros ex funcionarios condenados fueron el ex secretario de Obras P\u00fablicas,&nbsp;<strong>Jos\u00e9 L\u00f3pez&nbsp;<\/strong>y el ex director de Vialidad Nacional,&nbsp;<strong>N\u00e9stor Periotti<\/strong>, por lo que tambi\u00e9n dispuso en relaci\u00f3n a ellos su inhabilitaci\u00f3n perpetua para ejercer cargos p\u00fablicos.<\/p>\n\n\n\n<p class=\"wp-block-paragraph\">El TOF 2 tambi\u00e9n absolvi\u00f3 por mayor\u00eda a la ex presidenta y al resto de los acusados por el delito de&nbsp;<strong>asociaci\u00f3n il\u00edcita<\/strong>, dos de las imputaciones que impulsaron los fiscales del juicio&nbsp;<strong>Diego Luciani&nbsp;<\/strong>y&nbsp;<strong>Sergio Mola<\/strong>.<\/p>\n\n\n\n<p class=\"wp-block-paragraph\">Los fundamentos del veredicto emitido hoy por los jueces Jorge Gorini, Rodrigo Gim\u00e9nez Uriburu y Andr\u00e9s Basso ser\u00e1n dados a conocer el 9 de marzo del a\u00f1o pr\u00f3ximo, fecha a partir de la cual las partes podr\u00e1n presentar sus apelaciones.<img loading=\"lazy\" decoding=\"async\" alt=\"La convocatoria de la FTV y el partido Miles, las dos organizaciones que encabeza Luis D'El\u00eda\" height=\"1085\" width=\"1920\" class=\"\" src=\"https:\/\/cloudfront-us-east-1.images.arcpublishing.com\/infobae\/IRXL7XNWGNCKBCO3PVU4EOGBOU.jpg\" srcset=\"https:\/\/www.infobae.com\/new-resizer\/RYGOFMI8CJQaHHI_QpQZ7gUZXHA=\/420x236\/filters:format(webp):quality(85)\/cloudfront-us-east-1.images.arcpublishing.com\/infobae\/IRXL7XNWGNCKBCO3PVU4EOGBOU.jpg 420w,https:\/\/www.infobae.com\/new-resizer\/4Rdw5B8Aha0eaPmp0yyYjsQNdUM=\/768x432\/filters:format(webp):quality(85)\/cloudfront-us-east-1.images.arcpublishing.com\/infobae\/IRXL7XNWGNCKBCO3PVU4EOGBOU.jpg 768w,https:\/\/www.infobae.com\/new-resizer\/ri4rlCYQUA9kFbHmcQMaRTgIWZs=\/992x558\/filters:format(webp):quality(85)\/cloudfront-us-east-1.images.arcpublishing.com\/infobae\/IRXL7XNWGNCKBCO3PVU4EOGBOU.jpg 992w,https:\/\/www.infobae.com\/new-resizer\/yY2ydl4T_TlA2sedZaywJyLqLxg=\/1200x675\/filters:format(webp):quality(85)\/cloudfront-us-east-1.images.arcpublishing.com\/infobae\/IRXL7XNWGNCKBCO3PVU4EOGBOU.jpg 1200w,https:\/\/www.infobae.com\/new-resizer\/32yBB8_hwfEXM0JIcB-UBiGVJ6Y=\/1440x810\/filters:format(webp):quality(85)\/cloudfront-us-east-1.images.arcpublishing.com\/infobae\/IRXL7XNWGNCKBCO3PVU4EOGBOU.jpg 1440w\" title=\"D\u2019El\u00eda: \u201cLa C\u00e1mpora se pas\u00f3 dos a\u00f1os cantando \u2018si la tocan a Cristina\u2019, ayer la tocaron y se quedaron en su casa\u201d\">La convocatoria de la FTV y el partido Miles, las dos organizaciones que encabeza Luis D&#8217;El\u00eda<\/p>\n\n\n\n<p class=\"wp-block-paragraph\">De los trece imputados por este caso hubo tres que fueron absueltos: el ex ministro de Planificaci\u00f3n Federal&nbsp;<strong>Julio de Vido<\/strong>, el ex subsecretario de Obras P\u00fablicas&nbsp;<strong>Abel Fatala&nbsp;<\/strong>y el ex presidente de la Administraci\u00f3n General de Vialidad Provincia de Santa Cruz (AGVP),&nbsp;<strong>H\u00e9ctor Garro<\/strong>, mientras que el ex subsecretario de Coordinaci\u00f3n de Obra P\u00fablica Federal,&nbsp;<strong>Carlos Santiago Kirchner<\/strong>, result\u00f3 sobrese\u00eddo por extinci\u00f3n de la acci\u00f3n penal.<\/p>\n\n\n\n<p class=\"wp-block-paragraph\">\u201cEsto es un Estado paralelo y mafia judicial\u201d, defini\u00f3 la vicepresidenta en un duro mensaje que dio a trav\u00e9s de sus redes sociales, apenas se conoci\u00f3 el fallo, y concluy\u00f3: \u201cYo nunca voy a ser mascota del poder\u201d.<\/p>\n\n\n\n<p class=\"wp-block-paragraph\">Fuente: <a href=\"https:\/\/www.infobae.com\/?noredirect\">Infobae.com<\/a><\/p>","protected":false},"excerpt":{"rendered":"<p>Luis D\u2019El\u00eda&nbsp;fue uno de los pocos dirigentes que march\u00f3 ayer hacia los tribunales federales de Comodoro Py. A pesar de la instrucci\u00f3n del kirchnerismo de desalentar las manifestaciones en repudio a la previsible condena de la vicepresidenta&nbsp;Cristina Kirchner, el referente del partido Miles y Federaci\u00f3n Tierra y Vivienda (FTV) resolvi\u00f3 movilizar a los suyos en [&hellip;]<\/p>\n","protected":false},"author":9,"featured_media":0,"comment_status":"open","ping_status":"open","sticky":false,"template":"","format":"standard","meta":{"site-sidebar-layout":"default","site-content-layout":"","ast-site-content-layout":"default","site-content-style":"default","site-sidebar-style":"default","ast-global-header-display":"","ast-banner-title-visibility":"","ast-main-header-display":"","ast-hfb-above-header-display":"","ast-hfb-below-header-display":"","ast-hfb-mobile-header-display":"","site-post-title":"","ast-breadcrumbs-content":"","ast-featured-img":"","footer-sml-layout":"","ast-disable-related-posts":"","theme-transparent-header-meta":"","adv-header-id-meta":"","stick-header-meta":"","header-above-stick-meta":"","header-main-stick-meta":"","header-below-stick-meta":"","astra-migrate-meta-layouts":"default","ast-page-background-enabled":"default","ast-page-background-meta":{"desktop":{"background-color":"","background-image":"","background-repeat":"repeat","background-position":"center center","background-size":"auto","background-attachment":"scroll","background-type":"","background-media":"","overlay-type":"","overlay-color":"","overlay-opacity":"","overlay-gradient":""},"tablet":{"background-color":"","background-image":"","background-repeat":"repeat","background-position":"center center","background-size":"auto","background-attachment":"scroll","background-type":"","background-media":"","overlay-type":"","overlay-color":"","overlay-opacity":"","overlay-gradient":""},"mobile":{"background-color":"","background-image":"","background-repeat":"repeat","background-position":"center center","background-size":"auto","background-attachment":"scroll","background-type":"","background-media":"","overlay-type":"","overlay-color":"","overlay-opacity":"","overlay-gradient":""}},"ast-content-background-meta":{"desktop":{"background-color":"var(--ast-global-color-5)","background-image":"","background-repeat":"repeat","background-position":"center center","background-size":"auto","background-attachment":"scroll","background-type":"","background-media":"","overlay-type":"","overlay-color":"","overlay-opacity":"","overlay-gradient":""},"tablet":{"background-color":"var(--ast-global-color-5)","background-image":"","background-repeat":"repeat","background-position":"center center","background-size":"auto","background-attachment":"scroll","background-type":"","background-media":"","overlay-type":"","overlay-color":"","overlay-opacity":"","overlay-gradient":""},"mobile":{"background-color":"var(--ast-global-color-5)","background-image":"","background-repeat":"repeat","background-position":"center center","background-size":"auto","background-attachment":"scroll","background-type":"","background-media":"","overlay-type":"","overlay-color":"","overlay-opacity":"","overlay-gradient":""}},"footnotes":""},"categories":[25],"tags":[],"class_list":["post-74357","post","type-post","status-publish","format-standard","hentry","category-destacado"],"spectra_blocks_featured_image_url":null,"spectra_blocks_author_info":{"display_name":"Jorge Alfredo Baret","avatar_url":"https:\/\/secure.gravatar.com\/avatar\/31696f5ca83439b642450ec7d3f82f98451a5efacb414343d5478c982b337f26?s=96&d=mm&r=g","author_link":"https:\/\/100xd.com.ar\/es\/author\/jorge\/","description":"Ingeniero Qu\u00edmico UTN - Director Apoderado de Comunicaciones Auditadas SA. Editor Responsable 100xd.com.ar."},"_links":{"self":[{"href":"https:\/\/100xd.com.ar\/es\/wp-json\/wp\/v2\/posts\/74357","targetHints":{"allow":["GET"]}}],"collection":[{"href":"https:\/\/100xd.com.ar\/es\/wp-json\/wp\/v2\/posts"}],"about":[{"href":"https:\/\/100xd.com.ar\/es\/wp-json\/wp\/v2\/types\/post"}],"author":[{"embeddable":true,"href":"https:\/\/100xd.com.ar\/es\/wp-json\/wp\/v2\/users\/9"}],"replies":[{"embeddable":true,"href":"https:\/\/100xd.com.ar\/es\/wp-json\/wp\/v2\/comments?post=74357"}],"version-history":[{"count":1,"href":"https:\/\/100xd.com.ar\/es\/wp-json\/wp\/v2\/posts\/74357\/revisions"}],"predecessor-version":[{"id":74359,"href":"https:\/\/100xd.com.ar\/es\/wp-json\/wp\/v2\/posts\/74357\/revisions\/74359"}],"wp:attachment":[{"href":"https:\/\/100xd.com.ar\/es\/wp-json\/wp\/v2\/media?parent=74357"}],"wp:term":[{"taxonomy":"category","embeddable":true,"href":"https:\/\/100xd.com.ar\/es\/wp-json\/wp\/v2\/categories?post=74357"},{"taxonomy":"post_tag","embeddable":true,"href":"https:\/\/100xd.com.ar\/es\/wp-json\/wp\/v2\/tags?post=74357"}],"curies":[{"name":"wp","href":"https:\/\/api.w.org\/{rel}","templated":true}]}}