{"id":73788,"date":"2022-11-25T11:10:20","date_gmt":"2022-11-25T14:10:20","guid":{"rendered":"https:\/\/100xd.com.ar\/?p=73788"},"modified":"2022-11-25T11:10:20","modified_gmt":"2022-11-25T14:10:20","slug":"de-maximo-kirchner-a-julio-vitobello-la-celebracion-de-un-cumpleanos-que-logro-unir-al-frente-de-todos","status":"publish","type":"post","link":"https:\/\/100xd.com.ar\/es\/de-maximo-kirchner-a-julio-vitobello-la-celebracion-de-un-cumpleanos-que-logro-unir-al-frente-de-todos\/","title":{"rendered":"De M\u00e1ximo Kirchner a Julio Vitobello, la celebraci\u00f3n de un cumplea\u00f1os que logr\u00f3 unir al Frente de Todos"},"content":{"rendered":"<p class=\"wp-block-paragraph\">La mesa pol\u00edtica que piden algunos sectores del oficialismo para discutir el rumbo del gobierno y la estrategia electoral est\u00e1 lejos de concretarse, pero&nbsp;<strong>un cumplea\u00f1os logr\u00f3 unir a dirigentes que dentro del Frente de Todos<\/strong>&nbsp;muestran posiciones enfrentadas. La celebraci\u00f3n de los 75 a\u00f1os de Enrique \u201cPepe\u201d Albistur\u201d reencontr\u00f3 a figuras como M\u00e1ximo Kirchner, Raquel \u201cKelly\u201d Olmos, y Julio Vitobello.&nbsp;<\/p>\n\n\n\n<p class=\"wp-block-paragraph\"><strong>Algunos invitados se sorprendieron al ver llegar al diputado<\/strong>&nbsp;y presidente del Partido Justicialista. No solo porque no suele asistir a eventos sociales, sino porque se trataba del cumplea\u00f1os de un amigo y hombre de extrema confianza del Presidente. Aunque&nbsp;<strong><a target=\"_blank\" href=\"https:\/\/www.perfil.com\/noticias\/politica\/maximo-kirchner-cuestiono-la-falta-de-debate-interno-en-el-gobierno.phtml\" rel=\"noreferrer noopener\">M\u00e1ximo Kirchner&nbsp;<\/a>mantiene un v\u00ednculo personal con Albistur&nbsp;<\/strong>m\u00e1s all\u00e1 de Alberto Fern\u00e1ndez, asistir a esta celebraci\u00f3n fue un gesto a la interna oficial, ya que el diputado ahora se muestra dispuesto a abrir el espacio.&nbsp;<\/p>\n\n\n\n<p class=\"wp-block-paragraph\"><a target=\"_blank\" href=\"https:\/\/www.perfil.com\/noticias\/actualidad\/gabriela-cerruti-hablo-de-la-salud-de-alberto-fernandez-y-de-la-compra-de-un-nuevo-tango-01.phtml\" rel=\"noreferrer noopener\"><strong>Gabriela Cerruti dijo que Alberto Fern\u00e1ndez &#8220;necesitaba unos d\u00edas de reposo&#8221;<\/strong><\/a>PUBLICIDAD<\/p>\n\n\n\n<p class=\"wp-block-paragraph\">El ex secretario de Medios de N\u00e9stor Kirchner naci\u00f3 un 17 de noviembre de 1947 y cada a\u00f1o lo celebra con amigos y militancia. Esta vez, el festejo fue en su vivienda de City Bell y tuvo una asistencia casi perfecta. Hubo solo&nbsp;<strong>dos grandes ausentes:&nbsp;<a target=\"_blank\" href=\"https:\/\/www.perfil.com\/noticias\/actualidad\/gabriela-cerruti-hablo-de-la-salud-de-alberto-fernandez-y-de-la-compra-de-un-nuevo-tango-01.phtml\" rel=\"noreferrer noopener\">Alberto Fern\u00e1ndez<\/a><\/strong>, quien mantuvo reposo durante el fin de semana en la Quinta de Olivos, y&nbsp;<strong>Sergio Massa, quien se excus\u00f3 horas antes<\/strong>.&nbsp;<\/p>\n\n\n\n<p class=\"wp-block-paragraph\">M\u00e1ximo Kirchner sab\u00eda que llegaba a un terreno copado por funcionarios albertistas y as\u00ed fue, ya que estuvo presente la ministra de Desarrollo Social y pareja de Albistur,&nbsp;<strong>Victoria Tolosa Paz<\/strong>; pero tambi\u00e9n el secretario general de la Presidencia,&nbsp;<strong>Julio Vitobello<\/strong>;&nbsp; la ministra de trabajo&nbsp;<strong>Raquel \u201cKelly\u201d Olmos<\/strong>; y el diputado,&nbsp;<strong>Eduardo Vald\u00e9s<\/strong>, entre otros.&nbsp;<\/p>\n\n\n\n<figure data-spectra-id=\"spectra-d78666bb-ee50-4dd3-9d01-166925dda161\" class=\"wp-block-image\"><img decoding=\"async\" src=\"https:\/\/fotos.perfil.com\/\/2021\/07\/31\/900\/0\/victoria-tolosa-paz-y-su-esposo-pepe-albistur-1211619.jpeg\" alt=\"Victoria Tolosa Paz y su esposo \" title=\"De M\u00e1ximo Kirchner a Julio Vitobello, la celebraci\u00f3n de un cumplea\u00f1os que logr\u00f3 unir al Frente de Todos\" \/><\/figure>\n\n\n\n<p class=\"wp-block-paragraph\">Tolosa Paz viene de defender la gesti\u00f3n de Alberto Fern\u00e1ndez frente a los embates internos. \u201cHay miembros de nuestro gobierno que critican parte de las decisiones como si estuvieran afuera.&nbsp;<strong>O est\u00e1s adentro o est\u00e1s afuera<\/strong>\u201d, dijo la ministra poco despu\u00e9s de que los dirigentes de La C\u00e1mpora apuntaran contra el Presidente. A pesar de estas declaraciones, desde ambos sectores aseguran que&nbsp;<strong>el v\u00ednculo entre la ministra y M\u00e1ximo Kirchner est\u00e1 intacto y lo demostraron este fin de semana cuando se encontraron<\/strong>&nbsp;en el festejo de cumplea\u00f1os.&nbsp;<\/p>\n\n\n\n<p class=\"wp-block-paragraph\"><a target=\"_blank\" href=\"https:\/\/www.perfil.com\/noticias\/politica\/maximo-kirchner-cuestiono-la-falta-de-debate-interno-en-el-gobierno.phtml\" rel=\"noreferrer noopener\"><strong>M\u00e1ximo Kirchner revel\u00f3 por qu\u00e9 se alej\u00f3 de la toma de decisiones y habl\u00f3 de una &#8220;bicicleta constante&#8221;<\/strong><\/a><\/p>\n\n\n\n<p class=\"wp-block-paragraph\">\u201cNo habl\u00f3 mucho de pol\u00edtica, pero lo poco que dijo tuvo que ver con&nbsp;<strong>mostrarse amplio y con la necesidad de que el Frente de Todos aglutine a los distintos sectores<\/strong>\u201d, explic\u00f3 a PERFIL uno de los invitados al cumplea\u00f1os. Una actitud distinta a la que M\u00e1ximo Kirchner mostr\u00f3 en el acto del Partido Justicialista de Mar del Plata, cuando critic\u00f3 fuertemente al Presidente en busca de que se baje de la reelecci\u00f3n.<\/p>\n\n\n\n<p class=\"wp-block-paragraph\">\u201cLa unidad no est\u00e1 en juego\u201d, repite Albistur cada vez que le hablan de las internas del Frente de Todos.&nbsp;<strong>Con el fallecimiento de Antonio Cafiero, la celebraci\u00f3n de su cumplea\u00f1os cobr\u00f3 el esp\u00edritu de amplitud<\/strong>&nbsp;que sol\u00edan mostrar los festejos del hist\u00f3rico dirigente peronista. Eso s\u00ed, esta vez&nbsp;<strong>no hubo fotos&nbsp;<\/strong>y el propio Albistur se encarg\u00f3 de que la celebraci\u00f3n no trascendiera.&nbsp;&nbsp;&nbsp;<\/p>\n\n\n\n<p class=\"wp-block-paragraph\">A pesar del fin de semana largo,\u00a0<strong>hubo m\u00e1s de cien invitados que hicieron que la discusi\u00f3n pol\u00edtica fuera dejada de lado<\/strong>. En cambio, adem\u00e1s del cumplea\u00f1ero,\u00a0<strong>la protagonista de la noche fue la banda musical<\/strong>. La familia de Albistur anim\u00f3 la fiesta con el nieto de ocho a\u00f1os en la bater\u00eda llev\u00e1ndose todos los aplausos.<\/p>\n\n\n\n<p class=\"wp-block-paragraph\">Fuentte:<a href=\"https:\/\/www.perfil.com\/\"> Perfil.com<\/a><\/p>","protected":false},"excerpt":{"rendered":"<p>La mesa pol\u00edtica que piden algunos sectores del oficialismo para discutir el rumbo del gobierno y la estrategia electoral est\u00e1 lejos de concretarse, pero&nbsp;un cumplea\u00f1os logr\u00f3 unir a dirigentes que dentro del Frente de Todos&nbsp;muestran posiciones enfrentadas. La celebraci\u00f3n de los 75 a\u00f1os de Enrique \u201cPepe\u201d Albistur\u201d reencontr\u00f3 a figuras como M\u00e1ximo Kirchner, Raquel \u201cKelly\u201d [&hellip;]<\/p>\n","protected":false},"author":9,"featured_media":0,"comment_status":"open","ping_status":"open","sticky":false,"template":"","format":"standard","meta":{"site-sidebar-layout":"default","site-content-layout":"","ast-site-content-layout":"default","site-content-style":"default","site-sidebar-style":"default","ast-global-header-display":"","ast-banner-title-visibility":"","ast-main-header-display":"","ast-hfb-above-header-display":"","ast-hfb-below-header-display":"","ast-hfb-mobile-header-display":"","site-post-title":"","ast-breadcrumbs-content":"","ast-featured-img":"","footer-sml-layout":"","ast-disable-related-posts":"","theme-transparent-header-meta":"","adv-header-id-meta":"","stick-header-meta":"","header-above-stick-meta":"","header-main-stick-meta":"","header-below-stick-meta":"","astra-migrate-meta-layouts":"default","ast-page-background-enabled":"default","ast-page-background-meta":{"desktop":{"background-color":"","background-image":"","background-repeat":"repeat","background-position":"center center","background-size":"auto","background-attachment":"scroll","background-type":"","background-media":"","overlay-type":"","overlay-color":"","overlay-opacity":"","overlay-gradient":""},"tablet":{"background-color":"","background-image":"","background-repeat":"repeat","background-position":"center center","background-size":"auto","background-attachment":"scroll","background-type":"","background-media":"","overlay-type":"","overlay-color":"","overlay-opacity":"","overlay-gradient":""},"mobile":{"background-color":"","background-image":"","background-repeat":"repeat","background-position":"center center","background-size":"auto","background-attachment":"scroll","background-type":"","background-media":"","overlay-type":"","overlay-color":"","overlay-opacity":"","overlay-gradient":""}},"ast-content-background-meta":{"desktop":{"background-color":"var(--ast-global-color-5)","background-image":"","background-repeat":"repeat","background-position":"center center","background-size":"auto","background-attachment":"scroll","background-type":"","background-media":"","overlay-type":"","overlay-color":"","overlay-opacity":"","overlay-gradient":""},"tablet":{"background-color":"var(--ast-global-color-5)","background-image":"","background-repeat":"repeat","background-position":"center center","background-size":"auto","background-attachment":"scroll","background-type":"","background-media":"","overlay-type":"","overlay-color":"","overlay-opacity":"","overlay-gradient":""},"mobile":{"background-color":"var(--ast-global-color-5)","background-image":"","background-repeat":"repeat","background-position":"center center","background-size":"auto","background-attachment":"scroll","background-type":"","background-media":"","overlay-type":"","overlay-color":"","overlay-opacity":"","overlay-gradient":""}},"footnotes":""},"categories":[2],"tags":[],"class_list":["post-73788","post","type-post","status-publish","format-standard","hentry","category-politica"],"spectra_blocks_featured_image_url":null,"spectra_blocks_author_info":{"display_name":"Jorge Alfredo Baret","avatar_url":"https:\/\/secure.gravatar.com\/avatar\/31696f5ca83439b642450ec7d3f82f98451a5efacb414343d5478c982b337f26?s=96&d=mm&r=g","author_link":"https:\/\/100xd.com.ar\/es\/author\/jorge\/","description":"Ingeniero Qu\u00edmico UTN - Director Apoderado de Comunicaciones Auditadas SA. Editor Responsable 100xd.com.ar."},"_links":{"self":[{"href":"https:\/\/100xd.com.ar\/es\/wp-json\/wp\/v2\/posts\/73788","targetHints":{"allow":["GET"]}}],"collection":[{"href":"https:\/\/100xd.com.ar\/es\/wp-json\/wp\/v2\/posts"}],"about":[{"href":"https:\/\/100xd.com.ar\/es\/wp-json\/wp\/v2\/types\/post"}],"author":[{"embeddable":true,"href":"https:\/\/100xd.com.ar\/es\/wp-json\/wp\/v2\/users\/9"}],"replies":[{"embeddable":true,"href":"https:\/\/100xd.com.ar\/es\/wp-json\/wp\/v2\/comments?post=73788"}],"version-history":[{"count":1,"href":"https:\/\/100xd.com.ar\/es\/wp-json\/wp\/v2\/posts\/73788\/revisions"}],"predecessor-version":[{"id":73790,"href":"https:\/\/100xd.com.ar\/es\/wp-json\/wp\/v2\/posts\/73788\/revisions\/73790"}],"wp:attachment":[{"href":"https:\/\/100xd.com.ar\/es\/wp-json\/wp\/v2\/media?parent=73788"}],"wp:term":[{"taxonomy":"category","embeddable":true,"href":"https:\/\/100xd.com.ar\/es\/wp-json\/wp\/v2\/categories?post=73788"},{"taxonomy":"post_tag","embeddable":true,"href":"https:\/\/100xd.com.ar\/es\/wp-json\/wp\/v2\/tags?post=73788"}],"curies":[{"name":"wp","href":"https:\/\/api.w.org\/{rel}","templated":true}]}}