{"id":73472,"date":"2022-11-19T11:13:53","date_gmt":"2022-11-19T14:13:53","guid":{"rendered":"https:\/\/100xd.com.ar\/?p=73472"},"modified":"2022-11-19T11:13:53","modified_gmt":"2022-11-19T14:13:53","slug":"el-consenso-de-la-desesperacion","status":"publish","type":"post","link":"https:\/\/100xd.com.ar\/es\/el-consenso-de-la-desesperacion\/","title":{"rendered":"El consenso de la desesperaci\u00f3n"},"content":{"rendered":"<p class=\"wp-block-paragraph\">Con rigurosa puntualidad, ante cada cap\u00edtulo de una crisis eterna y la posibilidad de un cambio de gobierno, regresa una vieja discusi\u00f3n que termina con una misma conclusi\u00f3n: son necesarios acuerdos para pol\u00edticas de largo plazo que saquen al pa\u00eds de su decadencia.<\/p>\n\n\n\n<p class=\"wp-block-paragraph\">Mientras ese lugar com\u00fan desarrolla una nueva versi\u00f3n, se produce en la Argentina otro acuerdo que toda la dirigencia registra, pero que pocos oficialistas y opositores aceptan reconocer como tal. Es el nuevo consenso impuesto por la desesperaci\u00f3n.<\/p>\n\n\n\n<p class=\"wp-block-paragraph\">&#8220;No hay un plan ni son medidas de fondo. Es apenas el intento de bajarle la velocidad a un tren al que ya no le quedan v\u00edas&#8221;<\/p>\n\n\n\n<h3 class=\"wp-block-heading\"><\/h3>\n\n\n\n<p class=\"wp-block-paragraph\">Cuando apenas empezaba este a\u00f1o, la situaci\u00f3n fiscal del Estado lleg\u00f3 a un extremo tan precario que no qued\u00f3 otro remedio que extender el acuerdo con<strong>&nbsp;el Fondo Monetario Internacional<\/strong>. Se impusieron algunas medidas restrictivas del gasto, una b\u00fasqueda desembozada de d\u00f3lares para cubrir el vac\u00edo de las reservas del Banco Central y un intento de mantener las m\u00e1s elementales transacciones comerciales con el exterior.<\/p>\n\n\n\n<p class=\"wp-block-paragraph\">No hay un plan ni son medidas de fondo. Es apenas el intento de bajarle la velocidad a un tren al que ya no le quedan v\u00edas. La Argentina tendr\u00e1 que elegir reci\u00e9n el a\u00f1o que viene a otro presidente para saber si por fin tendr\u00e1 un programa con las reformas profundas que el desastre requiere.<\/p>\n\n\n\n<p class=\"wp-block-paragraph\">Este consenso de los \u00faltimos meses no es reconocido y muchas veces ha sido encubierto por discursos y acciones que pretenden desmentirlo. Puro circo. Como el que montaron los diputados kirchneristas, el \u00faltimo verano, al rechazar la renovaci\u00f3n del acuerdo con el FMI negociado por su propio gobierno. Los muchachos sab\u00edan que la aprobaci\u00f3n estaba garantizada por la alianza transitoria de otra parte del oficialismo y de una porci\u00f3n significativa de la bancada de Juntos por el Cambio.<\/p>\n\n\n\n<p class=\"wp-block-paragraph\">El resultado es que el kirchnerismo en el poder sigue contando con el acuerdo con el FMI, ese organismo que en sus discursos asegura querer abandonar. Sin embargo, lo necesitan para que el pa\u00eds no se caiga del mapa.<\/p>\n\n\n\n<p class=\"wp-block-paragraph\">&#8220;Como un mago al que le fracasan los trucos, el kirchnerismo trata de excluir al presente de su nuevo relato&#8221;<\/p>\n\n\n\n<h3 class=\"wp-block-heading\"><\/h3>\n\n\n\n<p class=\"wp-block-paragraph\">Se trata de un ejercicio de terraplanismo pol\u00edtico que se desnuda solo. Si no, pregunt\u00e9monos: \u00bfen qu\u00e9 pa\u00eds funcionan hoy exitosamente las ideas que el kirchnerismo postula cuando critica a su propio gobierno? Una atemporalidad artificial flota en los mensajes de la fracci\u00f3n m\u00e1s influyente del oficialismo, como si solo pudieran hablar maravillas y con \u201cnostalgias de algo que nunca jam\u00e1s sucedi\u00f3\u201d.<\/p>\n\n\n\n<p class=\"wp-block-paragraph\">Como un mago al que le fracasan los trucos, el kirchnerismo trata de excluir al presente de su nuevo relato. Ese hoy percudido de fracasos, de impotencias y de f\u00f3rmulas pol\u00edticas y econ\u00f3micas tan gastadas como inservibles se ha vuelto impresentable.<\/p>\n\n\n\n<p class=\"wp-block-paragraph\">El pa\u00eds que se qued\u00f3 sin cr\u00e9dito en la segunda mitad del gobierno de&nbsp;<strong>Mauricio Macri&nbsp;<\/strong>sufri\u00f3 la vanagloria del orgullo de no tener un plan econ\u00f3mico de&nbsp;<strong>Alberto Fern\u00e1ndez<\/strong>. La espiral inflacionaria vino acompa\u00f1ada por la p\u00e9rdida de reservas y los vanos intentos de bloquear la salida de d\u00f3lares.<\/p>\n\n\n\n<p class=\"wp-block-paragraph\">La historia de un pa\u00eds obligado a un ajuste que nadie quiere nombrar es conocida. La sucesi\u00f3n de tres ministros, desde el debilitado&nbsp;<strong>Mart\u00edn Guzm\u00e1n<\/strong>, la ef\u00edmera Silvina Batakis y ahora el intr\u00e9pido&nbsp;<strong>Sergio Massa<\/strong>, no altera una secuencia determinada por los hechos antes que por los nombres.<\/p>\n\n\n\n<p class=\"wp-block-paragraph\">Con cr\u00edticas internas, con ataques de la oposici\u00f3n, pero con la aceptaci\u00f3n t\u00e1cita de todos, los fragmentos sueltos del gobierno nacional llevan adelante un ejercicio de supervivencia.<\/p>\n\n\n\n<p class=\"wp-block-paragraph\">El mi\u00e9rcoles, el caluroso saludo de la jefa del Fondo,&nbsp;<strong>Kristalina Georgieva<\/strong>, desnud\u00f3 esa mal disimulada aceptaci\u00f3n que provoca el intento de evitar una cat\u00e1strofe en el Gobierno y la oposici\u00f3n y, muy importante, tambi\u00e9n en las grandes empresas y sindicatos m\u00e1s influyentes. Tambi\u00e9n al FMI \u2013y por detr\u00e1s a Estados Unidos\u2013 le importa que la Argentina no explote y soslaya una inflaci\u00f3n que en otros tiempos hubiese sido causal de una ruptura.<\/p>\n\n\n\n<p class=\"wp-block-paragraph\">Al rev\u00e9s, todos son elogios. Georgieva habl\u00f3 en Bali luego de entrevistar al averiado presidente argentino: \u201cEs muy importante que la Argentina mantenga el rumbo tal como lo ha hecho tan exitosamente en los \u00faltimos meses\u201d. Exager\u00f3 cuando habl\u00f3 del \u00e9xito en bajar la inflaci\u00f3n, cuyos \u00edndices no solo contradicen a la funcionaria del FMI, sino que sirven para aplicar la pol\u00edtica de achicamiento de ingresos salariales y jubilatorios necesaria para ejecutar las restricciones en el gasto p\u00fablico.<\/p>\n\n\n\n<p class=\"wp-block-paragraph\">Sin embargo, sigue sin moverse la nube de palabras de todos los sectores pol\u00edticos que pretende cubrir que el pa\u00eds tiene un consenso b\u00e1sico: empezar a restablecer criterios elementales de soluci\u00f3n para un sistema econ\u00f3mico con m\u00faltiples enfermedades.<\/p>\n\n\n\n<p class=\"wp-block-paragraph\">No es Massa el autor de este impulso. En todo caso es ahora el \u00faltimo operario encargado de llevar adelante una situaci\u00f3n que se explica por s\u00ed misma antes que por quienes la protagonizan circunstancialmente. En un pa\u00eds acostumbrado a personalizar todos los hechos y a explicarlos con nombre y apellido, es natural que el ministro se imagine presidenciable si logra evitar un choque frontal de la econom\u00eda.<\/p>\n\n\n\n<p class=\"wp-block-paragraph\">Ese proceso tiene una l\u00f3gica propia, al margen de la ins\u00f3lita discusi\u00f3n en Juntos por el Cambio sobre si hay que hacer cambios dr\u00e1sticos sin establecer ninguna l\u00ednea de contacto con los que pierdan las elecciones. Tal el planteo de Macri y de&nbsp;<strong>Patricia Bullrich<\/strong>, que&nbsp;<strong>Horacio Rodr\u00edguez Larreta<\/strong>&nbsp;responde con un discurso de intenci\u00f3n de acuerdo con al menos el 70% del pa\u00eds pol\u00edtico.<\/p>\n\n\n\n<p class=\"wp-block-paragraph\">Como en el caso del peronismo fusionado con el kirchnerismo, se trata de una discusi\u00f3n que pretende ignorar las propias creencias y conveniencias sobre el rumbo de la Argentina.<\/p>\n\n\n\n<p class=\"wp-block-paragraph\">En cierto imaginario impreciso, se piensa en convenios que puedan registrarse en un papel escrito como el Acuerdo de San Nicol\u00e1s; o en una foto, como la imagen de Menem y Alfons\u00edn en el Pacto de Olivos. No hace falta tanto. Alcanza con el actual consenso de la desesperaci\u00f3n. Prevalecen, por ahora, los que creen que no queda m\u00e1s remedio que frenar. O al menos tratar de hacerlo.<\/p>\n\n\n\n<p class=\"wp-block-paragraph\"><a href=\"https:\/\/www.lanacion.com.ar\/autor\/sergio-suppo-7510\/\">Sergio Suppo<\/a><\/p>\n\n\n\n<p class=\"wp-block-paragraph\">Fuente:<a href=\"https:\/\/www.lanacion.com.ar\/\"> La Naci\u00f3n<\/a><\/p>","protected":false},"excerpt":{"rendered":"<p>Con rigurosa puntualidad, ante cada cap\u00edtulo de una crisis eterna y la posibilidad de un cambio de gobierno, regresa una vieja discusi\u00f3n que termina con una misma conclusi\u00f3n: son necesarios acuerdos para pol\u00edticas de largo plazo que saquen al pa\u00eds de su decadencia. Mientras ese lugar com\u00fan desarrolla una nueva versi\u00f3n, se produce en la [&hellip;]<\/p>\n","protected":false},"author":9,"featured_media":0,"comment_status":"open","ping_status":"open","sticky":false,"template":"","format":"standard","meta":{"site-sidebar-layout":"default","site-content-layout":"","ast-site-content-layout":"default","site-content-style":"default","site-sidebar-style":"default","ast-global-header-display":"","ast-banner-title-visibility":"","ast-main-header-display":"","ast-hfb-above-header-display":"","ast-hfb-below-header-display":"","ast-hfb-mobile-header-display":"","site-post-title":"","ast-breadcrumbs-content":"","ast-featured-img":"","footer-sml-layout":"","ast-disable-related-posts":"","theme-transparent-header-meta":"","adv-header-id-meta":"","stick-header-meta":"","header-above-stick-meta":"","header-main-stick-meta":"","header-below-stick-meta":"","astra-migrate-meta-layouts":"default","ast-page-background-enabled":"default","ast-page-background-meta":{"desktop":{"background-color":"","background-image":"","background-repeat":"repeat","background-position":"center center","background-size":"auto","background-attachment":"scroll","background-type":"","background-media":"","overlay-type":"","overlay-color":"","overlay-opacity":"","overlay-gradient":""},"tablet":{"background-color":"","background-image":"","background-repeat":"repeat","background-position":"center center","background-size":"auto","background-attachment":"scroll","background-type":"","background-media":"","overlay-type":"","overlay-color":"","overlay-opacity":"","overlay-gradient":""},"mobile":{"background-color":"","background-image":"","background-repeat":"repeat","background-position":"center center","background-size":"auto","background-attachment":"scroll","background-type":"","background-media":"","overlay-type":"","overlay-color":"","overlay-opacity":"","overlay-gradient":""}},"ast-content-background-meta":{"desktop":{"background-color":"var(--ast-global-color-5)","background-image":"","background-repeat":"repeat","background-position":"center center","background-size":"auto","background-attachment":"scroll","background-type":"","background-media":"","overlay-type":"","overlay-color":"","overlay-opacity":"","overlay-gradient":""},"tablet":{"background-color":"var(--ast-global-color-5)","background-image":"","background-repeat":"repeat","background-position":"center center","background-size":"auto","background-attachment":"scroll","background-type":"","background-media":"","overlay-type":"","overlay-color":"","overlay-opacity":"","overlay-gradient":""},"mobile":{"background-color":"var(--ast-global-color-5)","background-image":"","background-repeat":"repeat","background-position":"center center","background-size":"auto","background-attachment":"scroll","background-type":"","background-media":"","overlay-type":"","overlay-color":"","overlay-opacity":"","overlay-gradient":""}},"footnotes":""},"categories":[12],"tags":[],"class_list":["post-73472","post","type-post","status-publish","format-standard","hentry","category-opinion"],"spectra_blocks_featured_image_url":null,"spectra_blocks_author_info":{"display_name":"Jorge Alfredo Baret","avatar_url":"https:\/\/secure.gravatar.com\/avatar\/31696f5ca83439b642450ec7d3f82f98451a5efacb414343d5478c982b337f26?s=96&d=mm&r=g","author_link":"https:\/\/100xd.com.ar\/es\/author\/jorge\/","description":"Ingeniero Qu\u00edmico UTN - Director Apoderado de Comunicaciones Auditadas SA. Editor Responsable 100xd.com.ar."},"_links":{"self":[{"href":"https:\/\/100xd.com.ar\/es\/wp-json\/wp\/v2\/posts\/73472","targetHints":{"allow":["GET"]}}],"collection":[{"href":"https:\/\/100xd.com.ar\/es\/wp-json\/wp\/v2\/posts"}],"about":[{"href":"https:\/\/100xd.com.ar\/es\/wp-json\/wp\/v2\/types\/post"}],"author":[{"embeddable":true,"href":"https:\/\/100xd.com.ar\/es\/wp-json\/wp\/v2\/users\/9"}],"replies":[{"embeddable":true,"href":"https:\/\/100xd.com.ar\/es\/wp-json\/wp\/v2\/comments?post=73472"}],"version-history":[{"count":1,"href":"https:\/\/100xd.com.ar\/es\/wp-json\/wp\/v2\/posts\/73472\/revisions"}],"predecessor-version":[{"id":73474,"href":"https:\/\/100xd.com.ar\/es\/wp-json\/wp\/v2\/posts\/73472\/revisions\/73474"}],"wp:attachment":[{"href":"https:\/\/100xd.com.ar\/es\/wp-json\/wp\/v2\/media?parent=73472"}],"wp:term":[{"taxonomy":"category","embeddable":true,"href":"https:\/\/100xd.com.ar\/es\/wp-json\/wp\/v2\/categories?post=73472"},{"taxonomy":"post_tag","embeddable":true,"href":"https:\/\/100xd.com.ar\/es\/wp-json\/wp\/v2\/tags?post=73472"}],"curies":[{"name":"wp","href":"https:\/\/api.w.org\/{rel}","templated":true}]}}