{"id":72850,"date":"2022-11-06T13:09:01","date_gmt":"2022-11-06T16:09:01","guid":{"rendered":"https:\/\/100xd.com.ar\/?p=72850"},"modified":"2022-11-06T13:09:01","modified_gmt":"2022-11-06T16:09:01","slug":"presion-tributaria-por-las-nubes","status":"publish","type":"post","link":"https:\/\/100xd.com.ar\/es\/presion-tributaria-por-las-nubes\/","title":{"rendered":"Presi\u00f3n tributaria por las nubes"},"content":{"rendered":"<p class=\"wp-block-paragraph\"><em>BUSCAR<\/em><a href=\"https:\/\/www.lanacion.com.ar\/\"><\/a><\/p>\n\n\n\n<p class=\"wp-block-paragraph\">alejandranovillo&#8230;<\/p>\n\n\n\n<p class=\"wp-block-paragraph\">Suscriptor digital<\/p>\n\n\n\n<figure data-spectra-id=\"spectra-eae674a6-f0d4-4f11-8699-9aeea0f6df29\" class=\"wp-block-image\"><a href=\"https:\/\/www.lanacion.com.ar\/\"><img decoding=\"async\" src=\"https:\/\/arc-static.glanacion.com\/pf\/resources\/images\/logo-lanacion.svg?d=1060\" alt=\"LA NACION\" title=\"Presi\u00f3n tributaria por las nubes\" \/><\/a><\/figure>\n\n\n\n<p class=\"wp-block-paragraph\"><em><\/em><\/p>\n\n\n\n<ul class=\"wp-block-list\"><li><a href=\"https:\/\/www.lanacion.com.ar\/ultimas-noticias\/\"><\/a><em><\/em><\/li><li><a href=\"https:\/\/www.lanacion.com.ar\/politica\/\"><\/a><\/li><li><a href=\"https:\/\/www.lanacion.com.ar\/economia\/\"><\/a><em><\/em><\/li><li><a href=\"https:\/\/www.lanacion.com.ar\/el-mundo\/\"><\/a><\/li><li><a href=\"https:\/\/www.lanacion.com.ar\/sociedad\/\"><\/a><em><\/em><\/li><li><a href=\"https:\/\/www.lanacion.com.ar\/opinion\/\"><\/a><em><\/em><\/li><li><a href=\"https:\/\/www.lanacion.com.ar\/deportes\/\"><\/a><em><\/em><\/li><li><a href=\"https:\/\/www.lanacion.com.ar\/lifestyle\/\"><\/a><em><\/em><\/li><li><a href=\"https:\/\/www.lanacion.com.ar\/espectaculos\/\"><\/a><em><\/em><\/li><\/ul>\n\n\n\n<ul class=\"wp-block-list\"><li><a href=\"https:\/\/www.lanacion.com.ar\/\"><\/a><em><\/em><\/li><li><a href=\"https:\/\/www.lanacion.com.ar\/revistas\/\"><\/a><em><\/em><\/li><li><a href=\"https:\/\/lnmas.lanacion.com.ar\/\"><\/a><\/li><li><a href=\"https:\/\/www.lanacion.com.ar\/suscriptores\"><\/a><\/li><li><a href=\"https:\/\/pdf.lanacion.com.ar\/\"><\/a><\/li><li><a href=\"https:\/\/club.lanacion.com.ar\/\"><\/a><\/li><\/ul>\n\n\n\n<p class=\"wp-block-paragraph\"><a href=\"https:\/\/www.lanacion.com.ar\/\">LA NACION<\/a><a href=\"https:\/\/www.lanacion.com.ar\/editoriales\/\"><em>&gt;<\/em>Editoriales<\/a>Opini\u00f3n<\/p>\n\n\n\n<h1 class=\"wp-block-heading\">Presi\u00f3n tributaria por las nubes<\/h1>\n\n\n\n<h2 class=\"wp-block-heading\">El oficialismo pretende sumar un nuevo impuesto a los pasajes a\u00e9reos en lugar de recortar los privilegios de una dirigencia acostumbrada a vivir de lo ajeno<\/h2>\n\n\n\n<p class=\"wp-block-paragraph\">5 de noviembre de 202200:10<strong>LA NACION<\/strong><\/p>\n\n\n\n<figure data-spectra-id=\"spectra-294e34a0-1453-4aa5-809a-41604a1f72dc\" class=\"wp-block-image\"><img decoding=\"async\" src=\"https:\/\/www.lanacion.com.ar\/resizer\/7RyPLIDFx9MDhBSFzG1tZfu5-9o=\/309x206\/smart\/filters:format(webp):quality(80)\/cloudfront-us-east-1.images.arcpublishing.com\/lanacionar\/FIX3YU6Y7ND35FWXSHFK7VRI5M.jpg\" alt=\"Las tarifas a\u00e9reas internacionales cuestan un 107% m\u00e1s en la Argentina por la carga impositiva\" title=\"Presi\u00f3n tributaria por las nubes\" \/><figcaption>Las tarifas a\u00e9reas internacionales cuestan un 107% m\u00e1s en la Argentina por la carga impositivaUnsplash<\/figcaption><\/figure>\n\n\n\n<p class=\"wp-block-paragraph\"><em><\/em><em><\/em>2<em><\/em><em><\/em><em><\/em><em><\/em><em><\/em><em><\/em>ESCUCHAR<\/p>\n\n\n\n<p class=\"wp-block-paragraph\">Toda la creatividad que les falta a nuestros gobernantes para dise\u00f1ar los planes y reformas que el pa\u00eds necesita con urgencia se expresa con creces en la creaci\u00f3n de nuevos impuestos. Por cierto, antes de ce\u00f1irse el cintur\u00f3n optar\u00e1n siempre por purgar los bolsillos de los ya castigad\u00edsimos contribuyentes.<\/p>\n\n\n\n<p class=\"wp-block-paragraph\">En la madrugada de su aprobaci\u00f3n en Diputados, el presupuesto 2023 sum\u00f3, por diferencia de un voto, la creaci\u00f3n de un&nbsp;<mark>nuevo impuesto a los pasajes a\u00e9reos<\/mark>&nbsp;para vuelos de cabotaje, regionales e internacionales desde aeropuertos argentinos.<\/p>\n\n\n\n<p class=\"wp-block-paragraph\">La diputada camporista&nbsp;<strong>Paula Penacca<\/strong>, quien present\u00f3 la idea, explic\u00f3 que dicho cargo se cobr\u00f3 hasta 2005, cuando la Polic\u00eda de Seguridad Aeroportuaria (PSA) reemplaz\u00f3 a la que depend\u00eda de la Fuerza A\u00e9rea. De monto fijo y ligado al sueldo de una categor\u00eda del personal de la PSA, el c\u00e1lculo permite estimar que no superar\u00e1 por ahora los 250 pesos. De todos modos, m\u00e1s all\u00e1 de que el valor pueda o no ser significativo, la cuesti\u00f3n de fondo es que&nbsp;<mark>los m\u00e1s de 170 diferentes grav\u00e1menes \u2013cifra r\u00e9cord en el mundo\u2013, sumados a los que se sigan dise\u00f1ando, ser\u00e1n siempre insuficientes para paliar el creciente d\u00e9ficit fiscal<\/mark>.https:\/\/especialeslntools.lanacion.com.ar\/generic-comparativos-de-pasajes-aereos\/index.html?initialWidth=773&amp;childId=anexo-EPIXQZ7KRVDPPOIOFTCAPD7LDY-0&amp;parentTitle=Presi%C3%B3n%20tributaria%20por%20las%20nubes%20-%20LA%20NACION&amp;parentUrl=https%3A%2F%2Fwww.lanacion.com.ar%2Feditoriales%2Fpresion-tributaria-por-las-nubes-nid05112022%2F<\/p>\n\n\n\n<p class=\"wp-block-paragraph\"><mark>La tarifa base de un pasaje internacional emitido localmente pasar\u00e1 a sumar un 107% de impuestos y retenciones<\/mark>, derivando en el disparate de que el pasajero abonar\u00e1 m\u00e1s de impuestos que de tarifa limpia. Esto ya ven\u00eda siendo as\u00ed, pero con la sanci\u00f3n del nuevo presupuesto se agravar\u00eda a\u00fan m\u00e1s la diferencia.<\/p>\n\n\n\n<p class=\"wp-block-paragraph\">En un vuelo local, a la tarifa se le suman el IVA, la tasa aeroportuaria y las tasas del concesionario, la de la ANAC y la de la PSA, adem\u00e1s de los cargos provinciales. En un vuelo internacional, con una tarifa que ronde los 85.000 pesos el comprador abonar\u00e1 unos 190.000 pesos adicionales de impuestos, cargas y tasas, incluidos los impuestos PAIS, del 30%; la percepci\u00f3n a cuenta del impuesto a las ganancias, del 45%; la nueva percepci\u00f3n a cuenta de Bienes Personales, del 25%; el impuesto del 7% de turismo, y cuatro tasas: la de Aeropuertos Argentina 2000, de 57 d\u00f3lares; la de Migraciones, de 10 d\u00f3lares; la de la ANAC, de 8 d\u00f3lares; y, en el futuro, la de la PSA, de hasta 250 pesos. Todo esto, sin sumar que el pago en efectivo supone un 5% adicional y un 1,2% de impuesto a los d\u00e9bitos y cr\u00e9ditos.<\/p>\n\n\n\n<p class=\"wp-block-paragraph\">Las l\u00edneas a\u00e9reas, que ya pagan privadamente por servicios de seguridad como los de escaneo de valijas, ven incrementarse los precios de sus boletos con estos cargos. Nada de esto ocurre en mercados aerocomerciales vecinos. La asociaci\u00f3n que agrupa a las aerol\u00edneas de Latinoam\u00e9rica y Caribe (ALTA) se\u00f1ala el triste r\u00e9cord argentino de imponer la mayor carga tributaria de la regi\u00f3n. Trat\u00e1ndose de una demanda sumamente el\u00e1stica, ligada a que m\u00e1s del 80% de los viajes en la regi\u00f3n son por turismo, el impacto de estas medidas se hace sentir.https:\/\/especialeslntools.lanacion.com.ar\/generic-impuesto-a-los-pasajes-aereos\/index.html?initialWidth=773&amp;childId=anexo-WI26GXR475FZVPLKYQQLXXMKA4-0&amp;parentTitle=Presi%C3%B3n%20tributaria%20por%20las%20nubes%20-%20LA%20NACION&amp;parentUrl=https%3A%2F%2Fwww.lanacion.com.ar%2Feditoriales%2Fpresion-tributaria-por-las-nubes-nid05112022%2F<\/p>\n\n\n\n<p class=\"wp-block-paragraph\">Los esfuerzos de los operadores tur\u00edsticos por promover la cantidad de vuelos y los beneficios de la actividad en la regi\u00f3n se desmoronan y hoy alertan sobre los efectos de estas disposiciones. La ausencia de reglas claras y estables que caracteriza a esta gesti\u00f3n de gobierno carga tambi\u00e9n contra la industria del turismo, que mueve millones y genera trabajo.&nbsp;<mark>Detr\u00e1s del ideologizado concepto de castigar a los \u201cprivilegiados\u201d que a\u00fan pueden viajar por placer, quedan quienes viajan por trabajo o por cuestiones de salud.<\/mark>&nbsp;Ni que hablar de todos aquellos que ven complicada la posibilidad de reunirse con sus familiares eyectados por la situaci\u00f3n local en busca de oportunidades en el exterior.<\/p>\n\n\n\n<p class=\"wp-block-paragraph\">Cabe preguntarnos qu\u00e9 podr\u00eda llegar a pasar si, como ocurri\u00f3 en 2020, el Poder Ejecutivo ordenara el cese de la actividad a\u00e9rea. En este caso, los 250 pesos no ser\u00edan percibidos, pues no habr\u00eda venta de pasajes. Si ese fuera el caso, \u00bfdesfinanciar\u00edan a la PSA, le recortar\u00edan los recursos? Se advierte f\u00e1cilmente que estamos ante medidas desesperadas e il\u00f3gicas que buscan tapar agujeros exprimiendo a\u00fan m\u00e1s al sufrido contribuyente argentino.<\/p>\n\n\n\n<p class=\"wp-block-paragraph\">\u00bfNo hubiera sido m\u00e1s productivo para las arcas p\u00fablicas pedirles a los ejecutivos de Aerol\u00edneas Argentinas que encuentren la forma de ahorrar el dinero equivalente? El esfuerzo no ser\u00eda grande ya que, seg\u00fan estiman, el impuesto va a recaudar anualmente el equivalente al 10% de las p\u00e9rdidas de la empresa manejada por&nbsp;<strong>La C\u00e1mpora<\/strong>. O tal vez los diputados nacionales podr\u00edan resignar los m\u00e1s de cien pasajes que les corresponden por a\u00f1o, que incluso reciben y utilizan aquellos que viven en la ciudad de Buenos Aires y el conurbano.<\/p>\n\n\n\n<p class=\"wp-block-paragraph\"><mark>La voracidad fiscal es la consecuencia de la ineptitud para concretar las profundas reformas estructurales que el pa\u00eds demanda.<\/mark>\u00a0De m\u00faltiples efectos, medidas como las referidas contin\u00faan desalentando la inversi\u00f3n, obligando a\u00a0<mark>una minor\u00eda que trabaja a dedicar meses para cumplir con el fisco e incrementando las cajas y los beneficios de los muchos que, desde la pol\u00edtica, se acostumbraron a vivir de lo ajeno<\/mark>.<\/p>\n\n\n\n<p class=\"wp-block-paragraph\">Fuente:<a href=\"https:\/\/www.lanacion.com.ar\/\"> La Naci\u00f3n<\/a><\/p>","protected":false},"excerpt":{"rendered":"<p>BUSCAR alejandranovillo&#8230; Suscriptor digital LA NACION&gt;EditorialesOpini\u00f3n Presi\u00f3n tributaria por las nubes El oficialismo pretende sumar un nuevo impuesto a los pasajes a\u00e9reos en lugar de recortar los privilegios de una dirigencia acostumbrada a vivir de lo ajeno 5 de noviembre de 202200:10LA NACION 2ESCUCHAR Toda la creatividad que les falta a nuestros gobernantes para dise\u00f1ar [&hellip;]<\/p>\n","protected":false},"author":9,"featured_media":0,"comment_status":"open","ping_status":"open","sticky":false,"template":"","format":"standard","meta":{"site-sidebar-layout":"default","site-content-layout":"","ast-site-content-layout":"default","site-content-style":"default","site-sidebar-style":"default","ast-global-header-display":"","ast-banner-title-visibility":"","ast-main-header-display":"","ast-hfb-above-header-display":"","ast-hfb-below-header-display":"","ast-hfb-mobile-header-display":"","site-post-title":"","ast-breadcrumbs-content":"","ast-featured-img":"","footer-sml-layout":"","ast-disable-related-posts":"","theme-transparent-header-meta":"","adv-header-id-meta":"","stick-header-meta":"","header-above-stick-meta":"","header-main-stick-meta":"","header-below-stick-meta":"","astra-migrate-meta-layouts":"default","ast-page-background-enabled":"default","ast-page-background-meta":{"desktop":{"background-color":"","background-image":"","background-repeat":"repeat","background-position":"center center","background-size":"auto","background-attachment":"scroll","background-type":"","background-media":"","overlay-type":"","overlay-color":"","overlay-opacity":"","overlay-gradient":""},"tablet":{"background-color":"","background-image":"","background-repeat":"repeat","background-position":"center center","background-size":"auto","background-attachment":"scroll","background-type":"","background-media":"","overlay-type":"","overlay-color":"","overlay-opacity":"","overlay-gradient":""},"mobile":{"background-color":"","background-image":"","background-repeat":"repeat","background-position":"center center","background-size":"auto","background-attachment":"scroll","background-type":"","background-media":"","overlay-type":"","overlay-color":"","overlay-opacity":"","overlay-gradient":""}},"ast-content-background-meta":{"desktop":{"background-color":"var(--ast-global-color-5)","background-image":"","background-repeat":"repeat","background-position":"center center","background-size":"auto","background-attachment":"scroll","background-type":"","background-media":"","overlay-type":"","overlay-color":"","overlay-opacity":"","overlay-gradient":""},"tablet":{"background-color":"var(--ast-global-color-5)","background-image":"","background-repeat":"repeat","background-position":"center center","background-size":"auto","background-attachment":"scroll","background-type":"","background-media":"","overlay-type":"","overlay-color":"","overlay-opacity":"","overlay-gradient":""},"mobile":{"background-color":"var(--ast-global-color-5)","background-image":"","background-repeat":"repeat","background-position":"center center","background-size":"auto","background-attachment":"scroll","background-type":"","background-media":"","overlay-type":"","overlay-color":"","overlay-opacity":"","overlay-gradient":""}},"footnotes":""},"categories":[149],"tags":[],"class_list":["post-72850","post","type-post","status-publish","format-standard","hentry","category-entrevistas"],"spectra_blocks_featured_image_url":null,"spectra_blocks_author_info":{"display_name":"Jorge Alfredo Baret","avatar_url":"https:\/\/secure.gravatar.com\/avatar\/31696f5ca83439b642450ec7d3f82f98451a5efacb414343d5478c982b337f26?s=96&d=mm&r=g","author_link":"https:\/\/100xd.com.ar\/es\/author\/jorge\/","description":"Ingeniero Qu\u00edmico UTN - Director Apoderado de Comunicaciones Auditadas SA. Editor Responsable 100xd.com.ar."},"_links":{"self":[{"href":"https:\/\/100xd.com.ar\/es\/wp-json\/wp\/v2\/posts\/72850","targetHints":{"allow":["GET"]}}],"collection":[{"href":"https:\/\/100xd.com.ar\/es\/wp-json\/wp\/v2\/posts"}],"about":[{"href":"https:\/\/100xd.com.ar\/es\/wp-json\/wp\/v2\/types\/post"}],"author":[{"embeddable":true,"href":"https:\/\/100xd.com.ar\/es\/wp-json\/wp\/v2\/users\/9"}],"replies":[{"embeddable":true,"href":"https:\/\/100xd.com.ar\/es\/wp-json\/wp\/v2\/comments?post=72850"}],"version-history":[{"count":1,"href":"https:\/\/100xd.com.ar\/es\/wp-json\/wp\/v2\/posts\/72850\/revisions"}],"predecessor-version":[{"id":72852,"href":"https:\/\/100xd.com.ar\/es\/wp-json\/wp\/v2\/posts\/72850\/revisions\/72852"}],"wp:attachment":[{"href":"https:\/\/100xd.com.ar\/es\/wp-json\/wp\/v2\/media?parent=72850"}],"wp:term":[{"taxonomy":"category","embeddable":true,"href":"https:\/\/100xd.com.ar\/es\/wp-json\/wp\/v2\/categories?post=72850"},{"taxonomy":"post_tag","embeddable":true,"href":"https:\/\/100xd.com.ar\/es\/wp-json\/wp\/v2\/tags?post=72850"}],"curies":[{"name":"wp","href":"https:\/\/api.w.org\/{rel}","templated":true}]}}