{"id":7226,"date":"2015-08-11T11:55:20","date_gmt":"2015-08-11T14:55:20","guid":{"rendered":"http:\/\/www.100xd.com.ar\/?p=7226"},"modified":"2015-08-12T23:21:28","modified_gmt":"2015-08-13T02:21:28","slug":"anibal-fernandez-el-espacio-de-de-la-sota-es-mucho-mas-afin-a-nosotros-que-al-grupo-de-massa","status":"publish","type":"post","link":"https:\/\/100xd.com.ar\/es\/anibal-fernandez-el-espacio-de-de-la-sota-es-mucho-mas-afin-a-nosotros-que-al-grupo-de-massa\/","title":{"rendered":"An\u00edbal Fern\u00e1ndez: &#8220;El espacio de De la Sota es mucho m\u00e1s af\u00edn a nosotros que al grupo de Massa&#8221;"},"content":{"rendered":"<p>El ganador de la interna del peronismo por la Gobernacion de la Provincia de Buenos Aires, habl\u00f3 hoy a la ma\u00f1ana en la entrada de la Casa Rosada como todas las ma\u00f1anas, y asegur\u00f3 que luego del gran triunfo del Frente para la Victoria en la Provincia de Buenos Aires en particular, y en todo el pa\u00eds en general, se dialogar\u00e1 con otros espacios peronistas como el gobernador de C\u00f3rdoba, Jos\u00e9 Manuel De la Sota y el puntano Adolfo Rodriguez Saa.<\/p>\n<p>&#8220;Son contactos pol\u00edticos l\u00f3gicos. Yo no tengo la menor duda que el espacio de De la Sota es mucho m\u00e1s af\u00edn a nosotros que al grupo de Massa, no tengo ninguna duda de eso&#8221;.<\/p>\n<p>A su vez asegur\u00f3 que\u00a0&#8220;No tengo dudas que algunos simpatizantes de (Sergio) Massa o de algunos de los participaron en el espacio Cambiemos tienen afinidad con nosotros&#8221;.<\/p>\n<h3><strong><span style=\"text-decoration: underline;\">An\u00edbal junto a Dominguez y Espinoza<\/span><\/strong><\/h3>\n<p>A su vez el jefe de gabinete nacional, mantuvo un encuentro ayer en Casa Rosada, con sus competidores en la interna Julian Dominguez y Fernando Espinoza.<\/p>\n<p>En esa reuni\u00f3n se dialog\u00f3 sobre el futuro de la campa\u00f1a en donde todos juntos ir\u00e1n para adelante para ganar la gobernaci\u00f3n. Estar\u00e1n &#8220;mirando para adelante&#8221; en conjunto, seg\u00fan confirmo An\u00edbal.<\/p>\n<p>Con respecto a los diferentes cruces que hab\u00edan tenido entre ellos, el ganador de la interna afirm\u00f3 que\u00a0&#8220;Se traz\u00f3 una raya&#8221; para no empezar con los reproches y poder empezar a trabajar en conjunto con todo el peronismo de la Provincia de Buenos Aires.<\/p>","protected":false},"excerpt":{"rendered":"<p>El ganador de la interna del peronismo por la Gobernacion de la Provincia de Buenos Aires, habl\u00f3 hoy a la ma\u00f1ana en la entrada de la Casa Rosada como todas las ma\u00f1anas, y asegur\u00f3 que luego del gran triunfo del Frente para la Victoria en la Provincia de Buenos Aires en particular, y en todo [&hellip;]<\/p>\n","protected":false},"author":4,"featured_media":0,"comment_status":"open","ping_status":"open","sticky":false,"template":"","format":"standard","meta":{"site-sidebar-layout":"default","site-content-layout":"","ast-site-content-layout":"default","site-content-style":"default","site-sidebar-style":"default","ast-global-header-display":"","ast-banner-title-visibility":"","ast-main-header-display":"","ast-hfb-above-header-display":"","ast-hfb-below-header-display":"","ast-hfb-mobile-header-display":"","site-post-title":"","ast-breadcrumbs-content":"","ast-featured-img":"","footer-sml-layout":"","ast-disable-related-posts":"","theme-transparent-header-meta":"","adv-header-id-meta":"","stick-header-meta":"","header-above-stick-meta":"","header-main-stick-meta":"","header-below-stick-meta":"","astra-migrate-meta-layouts":"default","ast-page-background-enabled":"default","ast-page-background-meta":{"desktop":{"background-color":"","background-image":"","background-repeat":"repeat","background-position":"center center","background-size":"auto","background-attachment":"scroll","background-type":"","background-media":"","overlay-type":"","overlay-color":"","overlay-opacity":"","overlay-gradient":""},"tablet":{"background-color":"","background-image":"","background-repeat":"repeat","background-position":"center center","background-size":"auto","background-attachment":"scroll","background-type":"","background-media":"","overlay-type":"","overlay-color":"","overlay-opacity":"","overlay-gradient":""},"mobile":{"background-color":"","background-image":"","background-repeat":"repeat","background-position":"center center","background-size":"auto","background-attachment":"scroll","background-type":"","background-media":"","overlay-type":"","overlay-color":"","overlay-opacity":"","overlay-gradient":""}},"ast-content-background-meta":{"desktop":{"background-color":"var(--ast-global-color-5)","background-image":"","background-repeat":"repeat","background-position":"center center","background-size":"auto","background-attachment":"scroll","background-type":"","background-media":"","overlay-type":"","overlay-color":"","overlay-opacity":"","overlay-gradient":""},"tablet":{"background-color":"var(--ast-global-color-5)","background-image":"","background-repeat":"repeat","background-position":"center center","background-size":"auto","background-attachment":"scroll","background-type":"","background-media":"","overlay-type":"","overlay-color":"","overlay-opacity":"","overlay-gradient":""},"mobile":{"background-color":"var(--ast-global-color-5)","background-image":"","background-repeat":"repeat","background-position":"center center","background-size":"auto","background-attachment":"scroll","background-type":"","background-media":"","overlay-type":"","overlay-color":"","overlay-opacity":"","overlay-gradient":""}},"footnotes":""},"categories":[1],"tags":[28,582,458,361,310,1879,23,133],"class_list":["post-7226","post","type-post","status-publish","format-standard","hentry","category-sin-categoria","tag-anibal-fernandez","tag-fernando-espinoza","tag-gobernador","tag-internas","tag-julian-dominguez","tag-martin-sabatella","tag-paso","tag-provincia-de-buenos-aires"],"spectra_blocks_featured_image_url":null,"spectra_blocks_author_info":{"display_name":"Facundo Novillo","avatar_url":"https:\/\/secure.gravatar.com\/avatar\/09745bc65ce6bf84291d6515d5f759c04b4fce4f329b8a975a8ac2982b552d3e?s=96&d=mm&r=g","author_link":"https:\/\/100xd.com.ar\/es\/author\/facundo\/","description":""},"_links":{"self":[{"href":"https:\/\/100xd.com.ar\/es\/wp-json\/wp\/v2\/posts\/7226","targetHints":{"allow":["GET"]}}],"collection":[{"href":"https:\/\/100xd.com.ar\/es\/wp-json\/wp\/v2\/posts"}],"about":[{"href":"https:\/\/100xd.com.ar\/es\/wp-json\/wp\/v2\/types\/post"}],"author":[{"embeddable":true,"href":"https:\/\/100xd.com.ar\/es\/wp-json\/wp\/v2\/users\/4"}],"replies":[{"embeddable":true,"href":"https:\/\/100xd.com.ar\/es\/wp-json\/wp\/v2\/comments?post=7226"}],"version-history":[{"count":2,"href":"https:\/\/100xd.com.ar\/es\/wp-json\/wp\/v2\/posts\/7226\/revisions"}],"predecessor-version":[{"id":7229,"href":"https:\/\/100xd.com.ar\/es\/wp-json\/wp\/v2\/posts\/7226\/revisions\/7229"}],"wp:attachment":[{"href":"https:\/\/100xd.com.ar\/es\/wp-json\/wp\/v2\/media?parent=7226"}],"wp:term":[{"taxonomy":"category","embeddable":true,"href":"https:\/\/100xd.com.ar\/es\/wp-json\/wp\/v2\/categories?post=7226"},{"taxonomy":"post_tag","embeddable":true,"href":"https:\/\/100xd.com.ar\/es\/wp-json\/wp\/v2\/tags?post=7226"}],"curies":[{"name":"wp","href":"https:\/\/api.w.org\/{rel}","templated":true}]}}