{"id":72076,"date":"2022-10-22T13:34:52","date_gmt":"2022-10-22T16:34:52","guid":{"rendered":"https:\/\/100xd.com.ar\/?p=72076"},"modified":"2022-10-22T13:34:52","modified_gmt":"2022-10-22T16:34:52","slug":"xi-jinping-se-afianza-en-el-poder-al-cierre-del-xx-congreso-del-partido-comunista","status":"publish","type":"post","link":"https:\/\/100xd.com.ar\/es\/xi-jinping-se-afianza-en-el-poder-al-cierre-del-xx-congreso-del-partido-comunista\/","title":{"rendered":"Xi Jinping se afianza en el poder al cierre del XX Congreso del Partido Comunista"},"content":{"rendered":"<p class=\"wp-block-paragraph\">PEK\u00cdN.- El Partido Comunista Chino (PPC) respald\u00f3 este s\u00e1bado&nbsp;<strong>\u201cel rol central\u201d del presidente Xi Jinping<\/strong>, en el cierre de un Congreso de siete d\u00edas que debe desembocar en su reelecci\u00f3n para un tercer mandato al frente de la agrupaci\u00f3n y del pa\u00eds.<\/p>\n\n\n\n<p class=\"wp-block-paragraph\">En esta \u00faltima sesi\u00f3n se aprob\u00f3 el nuevo Comit\u00e9 Central de la formaci\u00f3n comunista y se dio luz verde a unas enmiendas a la Constituci\u00f3n del partido&nbsp;<strong>que permitir\u00e1n incrementar a\u00fan m\u00e1s la posici\u00f3n de liderazgo de Xi.<\/strong>&nbsp;Esas enmiendas a sus estatutos est\u00e1n destinadas a<strong>&nbsp;consagrar a Xi como n\u00facleo del Partido<\/strong>&nbsp;y a su pensamiento pol\u00edtico&nbsp;<strong>como<\/strong>&nbsp;<strong>su ideolog\u00eda de base.<\/strong>&nbsp;Tambi\u00e9n se fij\u00f3 la agenda para los pr\u00f3ximos cinco a\u00f1os.<\/p>\n\n\n\n<p class=\"wp-block-paragraph\">Los cerca de 97 millones de miembros deber\u00e1n&nbsp;<strong>\u201cdefender el rol central del camarada Xi Jinping en el seno del Comit\u00e9 Central del Partido y del Partido en su conjunto\u201d<\/strong>, seg\u00fan la resoluci\u00f3n del Congreso.<\/p>\n\n\n\n<figure data-spectra-id=\"spectra-ba907b5d-f271-4b3d-91b9-4c045dadd6eb\" class=\"wp-block-image\"><img decoding=\"async\" src=\"https:\/\/resizer.glanacion.com\/resizer\/riMmltWKulR8c3J-ywdSkNhtQtU=\/310x0\/filters:format(webp):quality(80)\/cloudfront-us-east-1.images.arcpublishing.com\/lanacionar\/4OLZTLU4ZFAQ3C4JVUGOAGTOG4.JPG\" alt=\"Xi Jinping sale del recinto tras la ceremonia de cierre del Congreso del Partido Comunista en Pek\u00edn\" title=\"Xi Jinping se afianza en el poder al cierre del XX Congreso del Partido Comunista\" \/><figcaption>Xi Jinping sale del recinto tras la ceremonia de cierre del Congreso del Partido Comunista en Pek\u00ednAndy Wong &#8211; AP<\/figcaption><\/figure>\n\n\n\n<p class=\"wp-block-paragraph\">Desde su llegada al poder a finales de 2012,&nbsp;<strong>Xi ha ido acumulando poder en la segunda potencia mundial y ha fortalecido la autoridad del r\u00e9gimen.<\/strong>&nbsp;En un discurso previo, el l\u00edder chino hab\u00eda instado al Partido Comunista a \u201csufrir\u201d y a \u201cganar\u201d para \u201cseguir avanzando\u201d.<\/p>\n\n\n\n<p class=\"wp-block-paragraph\"><strong>\u201cAtr\u00e9vanse a luchar, atr\u00e9vanse a ganar, agachen la cabeza y trabajen duro, est\u00e9n determinados a seguir avanzando\u201d,<\/strong>&nbsp;lanz\u00f3 con aire triunfal a los casi 2300 delegados reunidos en el Gran Sal\u00f3n del Pueblo de Pek\u00edn.<\/p>\n\n\n\n<p class=\"wp-block-paragraph\">El domingo,&nbsp;<strong>Xi Jinping debe ser reelegido como secretario general del PCC<\/strong>&nbsp;despu\u00e9s de la primera reuni\u00f3n del renovado Comit\u00e9 Central. Esto ser\u00e1 el preludio de un in\u00e9dito tercer mandato como presidente chino durante la reuni\u00f3n anual de la Asamblea Popular Nacional en marzo pr\u00f3ximo.<\/p>\n\n\n\n<p class=\"wp-block-paragraph\">El XX Congreso Nacional del Partido Comunista de China desde su creaci\u00f3n en 1921&nbsp;<strong>se llev\u00f3 a cabo en un momento delicado para el gigante asi\u00e1tico, enfrentado a una desaceleraci\u00f3n econ\u00f3mica<\/strong>&nbsp;por los repetidos confinamientos anticovid y a tensiones diplom\u00e1ticas con Occidente.<\/p>\n\n\n\n<h3 class=\"wp-block-heading\">Cambios en la c\u00fapula<\/h3>\n\n\n\n<p class=\"wp-block-paragraph\">Durante una semana,&nbsp;<strong>casi 2300 delegados se reunieron a puerta cerrada en Pek\u00edn para remodelar la c\u00fapula del poder del partido<\/strong>, y en consecuencia del pa\u00eds, y decidir la orientaci\u00f3n de las futuras pol\u00edticas.<\/p>\n\n\n\n<p class=\"wp-block-paragraph\">Los delegados&nbsp;<strong>eligieron a los cerca de 200 miembros del nuevo Comit\u00e9 Central<\/strong>, una especie de Parlamento interno del partido, cuya nueva composici\u00f3n fue publicada por la agencia oficial Xinhua.&nbsp;<strong>Entre los altos funcionarios que no continuar\u00e1n en su cargo est\u00e1 el primer ministro Li Keqiang.<\/strong><\/p>\n\n\n\n<p class=\"wp-block-paragraph\">El n\u00famero tres del pa\u00eds, Li Zhanshu, el viceprimer ministro Han Zheng, y el presidente de la Conferencia Consultiva Pol\u00edtica del pueblo, Wang Yang, tambi\u00e9n se despiden de sus funciones.&nbsp;<strong>El Comit\u00e9 Central fue remodelado aproximadamente en un 65% con respecto al anterior de 2017.<\/strong><\/p>\n\n\n\n<figure data-spectra-id=\"spectra-20233353-7ba1-447a-9765-9a82302ad433\" class=\"wp-block-image\"><img decoding=\"async\" src=\"https:\/\/resizer.glanacion.com\/resizer\/d8YROfE4bnDx79jIo6SB_wogD5k=\/310x0\/filters:format(webp):quality(80)\/cloudfront-us-east-1.images.arcpublishing.com\/lanacionar\/46QXEHE4SJBABJUNZYQCD4J3AU.JPG\" alt=\"El expresidente Hu Jintao es acompa\u00f1ado fuera del recinto durante el Congreso del Partido Comunista\" title=\"Xi Jinping se afianza en el poder al cierre del XX Congreso del Partido Comunista\" \/><figcaption>El expresidente Hu Jintao es acompa\u00f1ado fuera del recinto durante el Congreso del Partido ComunistaNOEL CELIS &#8211; AFP<\/figcaption><\/figure>\n\n\n\n<p class=\"wp-block-paragraph\">En una escena poco habitual en estos c\u00f3nclaves tan coreografiados,&nbsp;<a href=\"https:\/\/www.lanacion.com.ar\/el-mundo\/misterio-y-polemica-en-china-se-llevaron-a-hu-jintao-antecesor-de-xi-jinping-en-plena-ceremonia-del-nid22102022\/\">el antiguo presidente Hu Jintao (2003-2013) sali\u00f3 escoltado del Gran Sal\u00f3n del Pueblo antes del cierre.<\/a><\/p>\n\n\n\n<p class=\"wp-block-paragraph\">Visiblemente en contra de su voluntad,&nbsp;<strong>el hombre de 79 a\u00f1os fue invitado por asistentes de partido a dejar su lugar en primera fila junto a Xi Jinping.&nbsp;<\/strong>La escena no fue explicada ni retomada de inmediato por los medios estatales.<\/p>\n\n\n\n<p class=\"wp-block-paragraph\">Para mantenerse en el poder,&nbsp;<strong>Xi hizo suprimir en 2018 el l\u00edmite constitucional de dos mandatos<\/strong>&nbsp;y, a sus 69 a\u00f1os, puede en teor\u00eda presidir el pa\u00eds de por vida.<\/p>\n\n\n\n<p class=\"wp-block-paragraph\"><strong>\u201cEste tercer mandato pondr\u00e1 fin a tres d\u00e9cadas de transici\u00f3n del poder\u201d<\/strong>&nbsp;en China, dijo Neil Thomas, analista de la consultora de riesgo pol\u00edtico Eurasia Group.<\/p>\n\n\n\n<p class=\"wp-block-paragraph\">Analistas y medios especulan sobre la voluntad de Xi de rebautizar su cargo a&nbsp;<strong>\u201cpresidente del partido\u201d,<\/strong>&nbsp;el t\u00edtulo que ten\u00eda el fundador de la China comunista, Mao Tse-tung (1949-1976). Xi es precisamente el l\u00edder m\u00e1s fuerte del pa\u00eds de las \u00faltimas d\u00e9cadas, desde el final de la era fundacional que condujo el venerado Mao.<\/p>\n\n\n\n<p class=\"wp-block-paragraph\">El Congreso debe conducir a una profunda remodelaci\u00f3n del Comit\u00e9 Permanente del Bur\u00f3 Pol\u00edtico,&nbsp;<strong>un \u00f3rgano actualmente de siete miembros que supone la m\u00e1xima instancia del poder en China.<\/strong>&nbsp;Su composici\u00f3n se conocer\u00e1 tambi\u00e9n el domingo.<\/p>\n\n\n\n<figure data-spectra-id=\"spectra-55d85c54-8683-4ad2-8c27-2cff51fc630e\" class=\"wp-block-image\"><img decoding=\"async\" src=\"https:\/\/resizer.glanacion.com\/resizer\/BTWt9e0_pI3LeasPKoK4075byrA=\/310x0\/filters:format(webp):quality(80)\/cloudfront-us-east-1.images.arcpublishing.com\/lanacionar\/AVCS4NYIWNH5FEKZXN75EVNVRE\" alt=\"El presidente de China, Xi Jinping (fila inferior, centro), y otros delegados, durante la ceremonia de clausura del Partido Comunista\" title=\"Xi Jinping se afianza en el poder al cierre del XX Congreso del Partido Comunista\" \/><figcaption>El presidente de China, Xi Jinping (fila inferior, centro), y otros delegados, durante la ceremonia de clausura del Partido Comunista<\/figcaption><\/figure>\n\n\n\n<p class=\"wp-block-paragraph\">De acuerdo con la costumbre,&nbsp;<strong>los integrantes del Comit\u00e9 Permanente se anunciar\u00e1n por orden importancia,<\/strong>&nbsp;con el primer lugar reservado al secretario general.<\/p>\n\n\n\n<p class=\"wp-block-paragraph\">El segundo o el tercero&nbsp;<strong>deber\u00eda convertirse en el sucesor de Li Keqiang en marzo.<\/strong>&nbsp;Para el cargo suenan nombres como Hu Chunhua, el viceprimer ministro, o Li Qiang, jefe del partido en Shanghai, pese a la ca\u00f3tica gesti\u00f3n del largo confinamiento por un brote de Covid meses atr\u00e1s.<\/p>\n\n\n\n<p class=\"wp-block-paragraph\">Lejos de la diplomacia prudente de sus predecesores,&nbsp;<strong>Xi mantendr\u00e1 la firme postura de China en la escena internacional<\/strong>, incluso a costa de incrementar la tensi\u00f3n con Estados Unidos, en particular sobre Taiw\u00e1n.<\/p>\n\n\n\n<p class=\"wp-block-paragraph\">En ese sentido, el Congreso acord\u00f3 tambi\u00e9n \u201cincluir en la Constituci\u00f3n del Partido (\u2026) su resuelta oposici\u00f3n y la disuasi\u00f3n a los separatistas que buscan la\u00a0<strong>\u2018independencia de Taiw\u00e1n\u2019\u201d<\/strong>.<\/p>\n\n\n\n<p class=\"wp-block-paragraph\">Fuente: <a href=\"https:\/\/www.lanacion.com.ar\/\">La Naci\u00f3n<\/a><\/p>","protected":false},"excerpt":{"rendered":"<p>PEK\u00cdN.- El Partido Comunista Chino (PPC) respald\u00f3 este s\u00e1bado&nbsp;\u201cel rol central\u201d del presidente Xi Jinping, en el cierre de un Congreso de siete d\u00edas que debe desembocar en su reelecci\u00f3n para un tercer mandato al frente de la agrupaci\u00f3n y del pa\u00eds. En esta \u00faltima sesi\u00f3n se aprob\u00f3 el nuevo Comit\u00e9 Central de la formaci\u00f3n [&hellip;]<\/p>\n","protected":false},"author":9,"featured_media":0,"comment_status":"open","ping_status":"open","sticky":false,"template":"","format":"standard","meta":{"site-sidebar-layout":"default","site-content-layout":"","ast-site-content-layout":"default","site-content-style":"default","site-sidebar-style":"default","ast-global-header-display":"","ast-banner-title-visibility":"","ast-main-header-display":"","ast-hfb-above-header-display":"","ast-hfb-below-header-display":"","ast-hfb-mobile-header-display":"","site-post-title":"","ast-breadcrumbs-content":"","ast-featured-img":"","footer-sml-layout":"","ast-disable-related-posts":"","theme-transparent-header-meta":"","adv-header-id-meta":"","stick-header-meta":"","header-above-stick-meta":"","header-main-stick-meta":"","header-below-stick-meta":"","astra-migrate-meta-layouts":"default","ast-page-background-enabled":"default","ast-page-background-meta":{"desktop":{"background-color":"","background-image":"","background-repeat":"repeat","background-position":"center center","background-size":"auto","background-attachment":"scroll","background-type":"","background-media":"","overlay-type":"","overlay-color":"","overlay-opacity":"","overlay-gradient":""},"tablet":{"background-color":"","background-image":"","background-repeat":"repeat","background-position":"center center","background-size":"auto","background-attachment":"scroll","background-type":"","background-media":"","overlay-type":"","overlay-color":"","overlay-opacity":"","overlay-gradient":""},"mobile":{"background-color":"","background-image":"","background-repeat":"repeat","background-position":"center center","background-size":"auto","background-attachment":"scroll","background-type":"","background-media":"","overlay-type":"","overlay-color":"","overlay-opacity":"","overlay-gradient":""}},"ast-content-background-meta":{"desktop":{"background-color":"var(--ast-global-color-5)","background-image":"","background-repeat":"repeat","background-position":"center center","background-size":"auto","background-attachment":"scroll","background-type":"","background-media":"","overlay-type":"","overlay-color":"","overlay-opacity":"","overlay-gradient":""},"tablet":{"background-color":"var(--ast-global-color-5)","background-image":"","background-repeat":"repeat","background-position":"center center","background-size":"auto","background-attachment":"scroll","background-type":"","background-media":"","overlay-type":"","overlay-color":"","overlay-opacity":"","overlay-gradient":""},"mobile":{"background-color":"var(--ast-global-color-5)","background-image":"","background-repeat":"repeat","background-position":"center center","background-size":"auto","background-attachment":"scroll","background-type":"","background-media":"","overlay-type":"","overlay-color":"","overlay-opacity":"","overlay-gradient":""}},"footnotes":""},"categories":[80],"tags":[],"class_list":["post-72076","post","type-post","status-publish","format-standard","hentry","category-ultimas-noticias"],"spectra_blocks_featured_image_url":null,"spectra_blocks_author_info":{"display_name":"Jorge Alfredo Baret","avatar_url":"https:\/\/secure.gravatar.com\/avatar\/31696f5ca83439b642450ec7d3f82f98451a5efacb414343d5478c982b337f26?s=96&d=mm&r=g","author_link":"https:\/\/100xd.com.ar\/es\/author\/jorge\/","description":"Ingeniero Qu\u00edmico UTN - Director Apoderado de Comunicaciones Auditadas SA. Editor Responsable 100xd.com.ar."},"_links":{"self":[{"href":"https:\/\/100xd.com.ar\/es\/wp-json\/wp\/v2\/posts\/72076","targetHints":{"allow":["GET"]}}],"collection":[{"href":"https:\/\/100xd.com.ar\/es\/wp-json\/wp\/v2\/posts"}],"about":[{"href":"https:\/\/100xd.com.ar\/es\/wp-json\/wp\/v2\/types\/post"}],"author":[{"embeddable":true,"href":"https:\/\/100xd.com.ar\/es\/wp-json\/wp\/v2\/users\/9"}],"replies":[{"embeddable":true,"href":"https:\/\/100xd.com.ar\/es\/wp-json\/wp\/v2\/comments?post=72076"}],"version-history":[{"count":1,"href":"https:\/\/100xd.com.ar\/es\/wp-json\/wp\/v2\/posts\/72076\/revisions"}],"predecessor-version":[{"id":72078,"href":"https:\/\/100xd.com.ar\/es\/wp-json\/wp\/v2\/posts\/72076\/revisions\/72078"}],"wp:attachment":[{"href":"https:\/\/100xd.com.ar\/es\/wp-json\/wp\/v2\/media?parent=72076"}],"wp:term":[{"taxonomy":"category","embeddable":true,"href":"https:\/\/100xd.com.ar\/es\/wp-json\/wp\/v2\/categories?post=72076"},{"taxonomy":"post_tag","embeddable":true,"href":"https:\/\/100xd.com.ar\/es\/wp-json\/wp\/v2\/tags?post=72076"}],"curies":[{"name":"wp","href":"https:\/\/api.w.org\/{rel}","templated":true}]}}