{"id":70637,"date":"2022-09-23T14:55:40","date_gmt":"2022-09-23T17:55:40","guid":{"rendered":"https:\/\/100xd.com.ar\/?p=70637"},"modified":"2022-09-23T14:55:40","modified_gmt":"2022-09-23T17:55:40","slug":"mauricio-macri-lapido-la-ampliacion-de-la-corte-suprema-y-no-descarto-ser-candidato-en-2023","status":"publish","type":"post","link":"https:\/\/100xd.com.ar\/es\/mauricio-macri-lapido-la-ampliacion-de-la-corte-suprema-y-no-descarto-ser-candidato-en-2023\/","title":{"rendered":"Mauricio Macri lapid\u00f3 la ampliaci\u00f3n de la Corte Suprema y no descart\u00f3 ser candidato en 2023"},"content":{"rendered":"<p class=\"wp-block-paragraph\"><a target=\"_blank\" href=\"https:\/\/www.perfil.com\/noticias\/politica\/mauricio-macri-fue-grupo-de-loquitos-quienes-atentaron-contra-cristina-kirchner.phtml\" rel=\"noreferrer noopener\"><strong>auricio Macri<\/strong><\/a>&nbsp;volvi\u00f3 a criticar las pol\u00edticas del Gobierno nacional, en particular el proyecto para ampliar la&nbsp;<a target=\"_blank\" href=\"https:\/\/www.perfil.com\/noticias\/politica\/hubo-quorum-senado-tratar-ampliacion-corte-suprema-comienza-debate.phtml\" rel=\"noreferrer noopener\"><strong>Corte Suprema de Justicia<\/strong><\/a>,&nbsp;y condicion\u00f3 el di\u00e1logo con&nbsp;<a target=\"_blank\" href=\"https:\/\/www.perfil.com\/noticias\/politica\/mi-propia-defensa-cristina-kirchner-palpita-alegato-juicio-obra-publica.phtml\" rel=\"noreferrer noopener\"><strong>Cristina Kirchner<\/strong><\/a>&nbsp;al respeto de las instituciones. &#8220;<strong>Si vamos a sentarnos para hablar de c\u00f3mo maniatar a la Justicia<\/strong>&#8220;, sostuvo el l\u00edder de Juntos por el Cambio este viernes 23 de septiembre en una entrevista. El expresidente tambi\u00e9n habl\u00f3 de una eventual candidatura de 2023, aunque no termin\u00f3 de despejar dudas sobre si competir\u00e1 o no el a\u00f1o pr\u00f3ximo.<\/p>\n\n\n\n<p class=\"wp-block-paragraph\">\u201cAc\u00e1 el di\u00e1logo se puede construir sobre la base de decir \u2018estas ideas que han aplicado son un fracaso\u2019. Hubiese fracasado cualquiera,&nbsp;<strong>hasta Copperfield fracasar\u00eda con estas ideas de aislarse del mundo<\/strong>, de destruir la cultura del trabajo, del m\u00e9rito, de la modernizaci\u00f3n, de la evaluaci\u00f3n y competencia en una sociedad que todav\u00eda tenemos gremios docentes que dicen que no tenemos que evaluar\u201d, sostuvo Mauricio Macri en di\u00e1logo con Eduardo Feinmann y Jorge Lanata en el pase de&nbsp;<a target=\"_blank\" href=\"https:\/\/radiomitre.cienradios.com\/nuestro-aire\/mauricio-macri-sobre-un-posible-dialogo-con-cristina-kirchner-si-vamos-a-sentarnos-para-hablar-de-como-maniatar-a-la-justicia-no\/\" rel=\"noreferrer noopener\"><em>Radio Mitre<\/em><\/a>.<\/p>\n\n\n\n<p class=\"wp-block-paragraph\"><a target=\"_blank\" href=\"https:\/\/www.perfil.com\/noticias\/politica\/enfria-posibilidad-dialogo-entre-cristina-kirchner-mauricio-macri.phtml\" rel=\"noreferrer noopener\">Se enfr\u00eda la posibilidad de di\u00e1logo entre Cristina Kirchner y Mauricio Macri<\/a>PUBLICIDAD<\/p>\n\n\n\n<p class=\"wp-block-paragraph\">\u201cSi nos vamos a sentar para hablar de esa agenda, sent\u00e9monos. Pero&nbsp;<strong>si vamos a sentarnos para hablar de c\u00f3mo maniatar a la Justicia<\/strong>, de c\u00f3mo demoler a\u00fan m\u00e1s nuestro sistema institucional&nbsp;que es fr\u00e1gil- que por eso no tenemos un nivel de inversi\u00f3n como el que tendr\u00edamos que tener para la potencialidad de nuestra gente-,&nbsp;no\u201d, complet\u00f3 el exmandatario.<\/p>\n\n\n\n<h2 class=\"wp-block-heading\"><strong>Candidatura en 2023 y cr\u00edticas a la conducci\u00f3n econ\u00f3mica<\/strong><\/h2>\n\n\n\n<p class=\"wp-block-paragraph\">Eduardo Feinmann le consult\u00f3 si ser\u00e1 candidato en 2023, ante lo cual Mauricio Macri fue evasivo:&nbsp;\u201c<strong>Estoy muy contento donde estoy ahora, no estoy especulando, estoy ayudando.<\/strong>&nbsp;En libertad y yo se cu\u00e1l es la relaci\u00f3n que tengo con la gente y se lo agradezco porque me lo demuestran todos los d\u00edas\u201d, coment\u00f3.<\/p>\n\n\n\n<p class=\"wp-block-paragraph\">\u201cA donde voy, tengo mensajes de aliento y de ganas de que construyamos algo distinto. Hoy siento que estoy ayudando donde tengo que ayudar, que es aclarando las ideas. El qui\u00e9n siempre es importante, pero el para qu\u00e9, es mas importante que nunca. No podemos volver creyendo que se puede hacer un populismo light\u201d, agreg\u00f3 el l\u00edder del PRO.<\/p>\n\n\n\n<p class=\"wp-block-paragraph\">Adem\u00e1s fue cr\u00edtico con la conducci\u00f3n econ\u00f3mica del pa\u00eds, ahora a cargo del ministro&nbsp;<a target=\"_blank\" href=\"https:\/\/www.perfil.com\/noticias\/opinion\/massa-podria-tener-una-bala-de-plata-para-estabilizar.phtml\" rel=\"noreferrer noopener\"><strong>Sergio Massa<\/strong><\/a>.&nbsp;\u201cNo podemos seguir teniendo un Estado que nos asfixia, que nos roba nuestro trabajo\u201d, dijo Macri.<\/p>\n\n\n\n<p class=\"wp-block-paragraph\"><a target=\"_blank\" href=\"https:\/\/www.perfil.com\/noticias\/politica\/teloneros-de-cristina-kirchner-repudio-opositor-media-sancion-reforma-corte-suprema.phtml\" rel=\"noreferrer noopener\">&#8220;Teloneros de Cristina&#8221;: repudio opositor a la media sanci\u00f3n por la reforma de la Corte Suprema<\/a><\/p>\n\n\n\n<p class=\"wp-block-paragraph\">En un arrebato hist\u00f3rico, reflot\u00f3 sus tradicionales cr\u00edticas contra el populismo y lo vincul\u00f3 con la individualidad del trabajo como forma de derrotarlo. \u201cLo que nos va a salvar es el trabajo de cada uno y esto es lo que marca la diferencia.<strong>&nbsp;El lugar donde empez\u00f3 el populismo, con Evita y Per\u00f3n, es el primero donde va a terminar.<\/strong>&nbsp;El mundo se est\u00e1 contagiando este tipo de ideas donde te regalo todo, no trabajes, todo f\u00e1cil. Le llev\u00f3 tiempo al kirchnerismo demolernos. Sin embargo, tenemos gente capaz, tenemos la econom\u00eda del conocimiento\u201d, mencion\u00f3.&nbsp;<\/p>\n\n\n\n<figure data-spectra-id=\"spectra-e2677380-c768-49db-a5f6-82800a8ec4bc\" class=\"wp-block-image\"><img decoding=\"async\" src=\"https:\/\/fotos.perfil.com\/\/2022\/08\/27\/900\/0\/20220827macricordobainstagramg-1409076.jpg\" alt=\" 20220827_macri_cordoba_instagram_g\" title=\"Mauricio Macri lapid\u00f3 la ampliaci\u00f3n de la Corte Suprema y no descart\u00f3 ser candidato en 2023\" \/><figcaption><strong>Mauricio Macri en uno de sus terru\u00f1os preferidos, la provincia de C\u00f3rdoba.<\/strong><\/figcaption><\/figure>\n\n\n\n<p class=\"wp-block-paragraph\">En el mismo plano, Macri manifest\u00f3 que el a\u00f1o que viene el pa\u00eds estar\u00e1 &#8220;en el s\u00e9ptimo subsuelo&#8221; y que actualmente &#8220;nadie gobierna el pa\u00eds&#8221;, un&nbsp;<em>Exocet&nbsp;<\/em>directo a la Casa Rosada.&nbsp;\u201cNadie est\u00e1 gobernado Argentina hoy, ni Cristina ni Alberto ni Massa. Argentina est\u00e1 a la deriva&#8221;, critic\u00f3.&nbsp;<\/p>\n\n\n\n<h2 class=\"wp-block-heading\"><strong>Proyecto de reforma de la Corte Suprema<\/strong><\/h2>\n\n\n\n<p class=\"wp-block-paragraph\">Este jueves el Senado le dio media sanci\u00f3n al proyecto de ley que prev\u00e9 la ampliaci\u00f3n del n\u00famero de integrantes de la Corte Suprema a 15 integrantes, una decisi\u00f3n que&nbsp;<a target=\"_blank\" href=\"https:\/\/www.perfil.com\/noticias\/politica\/teloneros-de-cristina-kirchner-repudio-opositor-media-sancion-reforma-corte-suprema.phtml\" rel=\"noreferrer noopener\">caus\u00f3 rechazo en la oposici\u00f3n<\/a>. Macri tambi\u00e9n levant\u00f3 la bandera de la Justicia y se quej\u00f3 por la decisi\u00f3n de aprobar 36 a 33 el proyecto en el Senado.&nbsp;\u201c<strong>\u00bfQui\u00e9n va a invertir en un pa\u00eds que cree que se puede hacer una Corte Suprema m\u00e1s grande que un equipo de f\u00fatbol?<\/strong>\u201d, chicane\u00f3.&nbsp;<\/p>\n\n\n\n<p class=\"wp-block-paragraph\">En referencia a la posibilidad de reunirse con la ex Presidenta, un encuentro al que supedit\u00f3 bajo la tutela de la Constituci\u00f3n Nacional &#8220;arriba de la mesa&#8221;, el creador del PRO sostuvo:&nbsp;\u201cSi vamos a sentarnos para hablar de c\u00f3mo maniatar a la Justicia, no&#8221;.<\/p>\n\n\n\n<figure data-spectra-id=\"spectra-fe07002b-0a9b-4c48-ae55-016421743fc4\" class=\"wp-block-image\"><img decoding=\"async\" src=\"https:\/\/fotos.perfil.com\/\/2022\/09\/22\/900\/0\/senado-de-la-nacion-20220922-1425001.jpg\" alt=\"Senado de la Naci\u00f3n 20220922\" title=\"Mauricio Macri lapid\u00f3 la ampliaci\u00f3n de la Corte Suprema y no descart\u00f3 ser candidato en 2023\" \/><figcaption><strong>El Senado debatiendo la ley que modifica la cantidad de miembros de la Corte Suprema a 15. Actualmente son cuatro magistrados.<\/strong><\/figcaption><\/figure>\n\n\n\n<p class=\"wp-block-paragraph\"><a target=\"_blank\" href=\"https:\/\/www.perfil.com\/noticias\/politica\/hackeo-en-chile-documentos-senalan-que-alberto-fernandez-tiene-la-costumbre-de-inmiscuirse-en-otros-paises.phtml\" rel=\"noreferrer noopener\">Hackeo en Chile: documentos de inteligencia se\u00f1alan que Alberto Fern\u00e1ndez &#8220;tiene la costumbre&#8221; de &#8220;inmiscuirse&#8221; en otros pa\u00edses<\/a><\/p>\n\n\n\n<h2 class=\"wp-block-heading\"><strong>Mauricio Macri: &#8220;Vamos a volver al poder&#8221;<\/strong><\/h2>\n\n\n\n<p class=\"wp-block-paragraph\">Como se viene manifestando desde hace meses en el rumor subterr\u00e1neo cambiemita, la posibilidad de volver a gobernar el pa\u00eds luego de la magra performance del Frente de Todos es una opci\u00f3n viable a\u00fan a meses de las elecciones.&nbsp;<\/p>\n\n\n\n<p class=\"wp-block-paragraph\">El ex Presidente es uno de los dirigentes del espacio que m\u00e1s lo pregona y esta ma\u00f1ana no fue la excepci\u00f3n, cuando asegur\u00f3 que la coalici\u00f3n opositora volver\u00e1 al poder.&nbsp;<\/p>\n\n\n\n<p class=\"wp-block-paragraph\">\u201c<strong>Lo de ayer en el Congreso es una demostraci\u00f3n de la falta de conciencia sobre la realidad que tiene Cristina Kirchner<\/strong>\u201d, ahond\u00f3 el ex presidente de Boca Juniors.<\/p>\n\n\n\n<h2 class=\"wp-block-heading\"><strong>Macri habl\u00f3 de su nuevo libro, de las PASO y cit\u00f3 a Domingo Cavallo<\/strong><\/h2>\n\n\n\n<p class=\"wp-block-paragraph\">&#8220;Se va a llamar&nbsp;&#8216;Para qu\u00e9&#8217;. Es un poco lo que estoy ense\u00f1ando en el mundo ahora, mis experiencias reflejadas en formas de liderar, de armar equipo en Argentina&#8221;, devel\u00f3 el l\u00edder del PRO sobre su nuevo l\u00edbelo, el segundo despu\u00e9s de &#8220;Primer tiempo&#8221;.&nbsp;<\/p>\n\n\n\n<p class=\"wp-block-paragraph\">Adem\u00e1s&nbsp;se refiri\u00f3 a las declaraciones del ex ministro de Econom\u00eda,&nbsp;<strong><a target=\"_blank\" href=\"https:\/\/www.perfil.com\/noticias\/economia\/domingo-cavallo-auguro-un-rodrigazo-y-dijo-que-el-gobierno-solo-aspira-a-evitar-una-explosion.phtml\" rel=\"noreferrer noopener\">Domingo Cavallo<\/a><\/strong>, quien habl\u00f3 de que se puede generar un nuevo &#8220;Rodrigazo&#8221; en el pa\u00eds por la situaci\u00f3n econ\u00f3mica. &#8220;<strong>Lo le\u00ed a Cavallo, tiene raz\u00f3n, estamos al borde de un Rodrigazo, no hay coherencia en ninguna de las pol\u00edticas<\/strong>. Hay cada vez menos libertades por la incapacidad de generar confianza a partir de reglas claras. A eso lo restablecemos a partir del a\u00f1o que viene o no hay futuro&#8221;, sostuvo.<\/p>\n\n\n\n<p class=\"wp-block-paragraph\"><a target=\"_blank\" href=\"https:\/\/www.perfil.com\/noticias\/economia\/domingo-cavallo-auguro-un-rodrigazo-y-dijo-que-el-gobierno-solo-aspira-a-evitar-una-explosion.phtml\" rel=\"noreferrer noopener\">Domingo Cavallo augur\u00f3 un &#8220;Rodrigazo&#8221; y dijo que el Gobierno solo aspira a &#8220;evitar una explosi\u00f3n&#8221;<\/a><\/p>\n\n\n\n<p class=\"wp-block-paragraph\">Finalmente, se refiri\u00f3 a la posibilidad de que se suspendan las Primarias Abiertas, Simult\u00e1neas y Obligatorias (PASO) del a\u00f1o venidero.&nbsp;&#8220;Que te cambien las reglas en el medio del partido no existe, es la demostraci\u00f3n de la peque\u00f1ez, de la falta de visi\u00f3n de grandeza. Espero que podamos resistir como sociedad a un nuevo atropello a la institucionalidad&#8221;, manifest\u00f3.<\/p>\n\n\n\n<h2 class=\"wp-block-heading\"><strong>La discapacidad de Jorge Macri<\/strong><\/h2>\n\n\n\n<p class=\"wp-block-paragraph\">El actual jefe de Gobierno de la Ciudad de Buenos Aires y primo del ex Presidente confes\u00f3 que padece una discapacidad para caminar, algo que blanque\u00f3 en una entrevista con Luis Novaresio en&nbsp;<em>LN+<\/em>.&nbsp;<\/p>\n\n\n\n<figure data-spectra-id=\"spectra-3f064bfc-9ef8-4d13-907f-293755138b39\" class=\"wp-block-image\"><img decoding=\"async\" src=\"https:\/\/fotos.perfil.com\/\/2022\/09\/06\/900\/0\/jorge-macri-1414289.jpeg\" alt=\"Jorge Macri\" title=\"Mauricio Macri lapid\u00f3 la ampliaci\u00f3n de la Corte Suprema y no descart\u00f3 ser candidato en 2023\" \/><figcaption><strong>Jorge Macri<\/strong><\/figcaption><\/figure>\n\n\n\n<p class=\"wp-block-paragraph\"><a target=\"_blank\" href=\"https:\/\/www.perfil.com\/noticias\/politica\/jorge-macri-hablo-sobre-su-discapacidad-por-primera-vez.phtml\" rel=\"noreferrer noopener\">Jorge Macri habl\u00f3 sobre su discapacidad por primera vez<\/a><\/p>\n\n\n\n<p class=\"wp-block-paragraph\">\u201c<strong>Desde chico tuve dificultades con el pie derecho<\/strong>. Recuerdo un ejercicio que el Dr. Freire me hab\u00eda recomendado: consist\u00eda en tomar unas bolitas con los dedos de los pies y soltarlas, para fortalecer los m\u00fasculos. Nunca pude hacerlo con el derecho, siempre tuve problemas&#8221;, dijo el ex intendente de Vicente L\u00f3pez.&nbsp;<\/p>\n\n\n\n<p class=\"wp-block-paragraph\">Luego continu\u00f3: &#8220;Cuando jugaba al rugby, me doblaba el pie. Pensaba que era accidental, pero las ca\u00eddas se repitieron durante mi vida. Grande, fui al m\u00e9dico por un dolor en la cadera. Me dijo que el problema no estaba ah\u00ed sino en la pierna; la cadera dol\u00eda por lo que hac\u00eda para compensar la desviaci\u00f3n del pie.\u00a0Gracias al diagn\u00f3stico pude ponerle nombre a lo que me pasaba\u201d.<\/p>\n\n\n\n<p class=\"wp-block-paragraph\">Fuente: <a href=\"https:\/\/www.perfil.com\/\">Perfil.com<\/a><\/p>","protected":false},"excerpt":{"rendered":"<p>auricio Macri&nbsp;volvi\u00f3 a criticar las pol\u00edticas del Gobierno nacional, en particular el proyecto para ampliar la&nbsp;Corte Suprema de Justicia,&nbsp;y condicion\u00f3 el di\u00e1logo con&nbsp;Cristina Kirchner&nbsp;al respeto de las instituciones. &#8220;Si vamos a sentarnos para hablar de c\u00f3mo maniatar a la Justicia&#8220;, sostuvo el l\u00edder de Juntos por el Cambio este viernes 23 de septiembre en una [&hellip;]<\/p>\n","protected":false},"author":9,"featured_media":0,"comment_status":"open","ping_status":"open","sticky":false,"template":"","format":"standard","meta":{"site-sidebar-layout":"default","site-content-layout":"","ast-site-content-layout":"default","site-content-style":"default","site-sidebar-style":"default","ast-global-header-display":"","ast-banner-title-visibility":"","ast-main-header-display":"","ast-hfb-above-header-display":"","ast-hfb-below-header-display":"","ast-hfb-mobile-header-display":"","site-post-title":"","ast-breadcrumbs-content":"","ast-featured-img":"","footer-sml-layout":"","ast-disable-related-posts":"","theme-transparent-header-meta":"","adv-header-id-meta":"","stick-header-meta":"","header-above-stick-meta":"","header-main-stick-meta":"","header-below-stick-meta":"","astra-migrate-meta-layouts":"default","ast-page-background-enabled":"default","ast-page-background-meta":{"desktop":{"background-color":"","background-image":"","background-repeat":"repeat","background-position":"center center","background-size":"auto","background-attachment":"scroll","background-type":"","background-media":"","overlay-type":"","overlay-color":"","overlay-opacity":"","overlay-gradient":""},"tablet":{"background-color":"","background-image":"","background-repeat":"repeat","background-position":"center center","background-size":"auto","background-attachment":"scroll","background-type":"","background-media":"","overlay-type":"","overlay-color":"","overlay-opacity":"","overlay-gradient":""},"mobile":{"background-color":"","background-image":"","background-repeat":"repeat","background-position":"center center","background-size":"auto","background-attachment":"scroll","background-type":"","background-media":"","overlay-type":"","overlay-color":"","overlay-opacity":"","overlay-gradient":""}},"ast-content-background-meta":{"desktop":{"background-color":"var(--ast-global-color-5)","background-image":"","background-repeat":"repeat","background-position":"center center","background-size":"auto","background-attachment":"scroll","background-type":"","background-media":"","overlay-type":"","overlay-color":"","overlay-opacity":"","overlay-gradient":""},"tablet":{"background-color":"var(--ast-global-color-5)","background-image":"","background-repeat":"repeat","background-position":"center center","background-size":"auto","background-attachment":"scroll","background-type":"","background-media":"","overlay-type":"","overlay-color":"","overlay-opacity":"","overlay-gradient":""},"mobile":{"background-color":"var(--ast-global-color-5)","background-image":"","background-repeat":"repeat","background-position":"center center","background-size":"auto","background-attachment":"scroll","background-type":"","background-media":"","overlay-type":"","overlay-color":"","overlay-opacity":"","overlay-gradient":""}},"footnotes":""},"categories":[2],"tags":[],"class_list":["post-70637","post","type-post","status-publish","format-standard","hentry","category-politica"],"spectra_blocks_featured_image_url":null,"spectra_blocks_author_info":{"display_name":"Jorge Alfredo Baret","avatar_url":"https:\/\/secure.gravatar.com\/avatar\/31696f5ca83439b642450ec7d3f82f98451a5efacb414343d5478c982b337f26?s=96&d=mm&r=g","author_link":"https:\/\/100xd.com.ar\/es\/author\/jorge\/","description":"Ingeniero Qu\u00edmico UTN - Director Apoderado de Comunicaciones Auditadas SA. Editor Responsable 100xd.com.ar."},"_links":{"self":[{"href":"https:\/\/100xd.com.ar\/es\/wp-json\/wp\/v2\/posts\/70637","targetHints":{"allow":["GET"]}}],"collection":[{"href":"https:\/\/100xd.com.ar\/es\/wp-json\/wp\/v2\/posts"}],"about":[{"href":"https:\/\/100xd.com.ar\/es\/wp-json\/wp\/v2\/types\/post"}],"author":[{"embeddable":true,"href":"https:\/\/100xd.com.ar\/es\/wp-json\/wp\/v2\/users\/9"}],"replies":[{"embeddable":true,"href":"https:\/\/100xd.com.ar\/es\/wp-json\/wp\/v2\/comments?post=70637"}],"version-history":[{"count":1,"href":"https:\/\/100xd.com.ar\/es\/wp-json\/wp\/v2\/posts\/70637\/revisions"}],"predecessor-version":[{"id":70639,"href":"https:\/\/100xd.com.ar\/es\/wp-json\/wp\/v2\/posts\/70637\/revisions\/70639"}],"wp:attachment":[{"href":"https:\/\/100xd.com.ar\/es\/wp-json\/wp\/v2\/media?parent=70637"}],"wp:term":[{"taxonomy":"category","embeddable":true,"href":"https:\/\/100xd.com.ar\/es\/wp-json\/wp\/v2\/categories?post=70637"},{"taxonomy":"post_tag","embeddable":true,"href":"https:\/\/100xd.com.ar\/es\/wp-json\/wp\/v2\/tags?post=70637"}],"curies":[{"name":"wp","href":"https:\/\/api.w.org\/{rel}","templated":true}]}}