{"id":70036,"date":"2022-09-10T12:57:56","date_gmt":"2022-09-10T15:57:56","guid":{"rendered":"https:\/\/100xd.com.ar\/?p=70036"},"modified":"2022-09-10T12:57:56","modified_gmt":"2022-09-10T15:57:56","slug":"el-gobierno-desmintio-los-rumores-y-confirmo-que-habra-elecciones-paso-en-2023","status":"publish","type":"post","link":"https:\/\/100xd.com.ar\/es\/el-gobierno-desmintio-los-rumores-y-confirmo-que-habra-elecciones-paso-en-2023\/","title":{"rendered":"El Gobierno desminti\u00f3 los rumores y confirm\u00f3 que habr\u00e1 elecciones PASO en 2023"},"content":{"rendered":"<p class=\"wp-block-paragraph\">El ministro del Interior,&nbsp;<a href=\"https:\/\/twitter.com\/wadodecorrido\" target=\"_blank\" rel=\"noreferrer noopener\"><strong>Eduardo &#8220;Wado&#8221; De Pedro<\/strong><\/a>, asegur\u00f3 este s\u00e1bado que el Gobierno no eval\u00faa suspender&nbsp;las elecciones Primarias, Abiertas, Simult\u00e1neas y Obligatorias&nbsp;(PASO) de 2023 y aclar\u00f3 que una eventual medida en ese sentido &#8220;es&nbsp;materia del Congreso&#8221;.<\/p>\n\n\n\n<p class=\"wp-block-paragraph\">&#8220;Eso es materia del Congreso. Siempre antes de una elecci\u00f3n&nbsp;se&nbsp;discuten much\u00edsimos temas, pero al Ministerio no lleg\u00f3 ning\u00fan&nbsp;proyecto de suspender las PASO&#8221;,&nbsp;sostuvo el referente de&nbsp;<strong>La C\u00e1mpora<\/strong>.https:\/\/2d6927df4b3908e9fc56b2fd08a1f3a9.safeframe.googlesyndication.com\/safeframe\/1-0-38\/html\/container.html<\/p>\n\n\n\n<p class=\"wp-block-paragraph\">En di\u00e1logo con Radio Mitre, el ministro reconoci\u00f3 que la suspensi\u00f3n de las&nbsp;<strong>elecciones primarias<\/strong>&nbsp;es una de las &#8220;discusiones que en las provincias se est\u00e1n dando&#8221;.&nbsp;PUBLICIDAD<\/p>\n\n\n\n<figure data-spectra-id=\"spectra-e1f122c7-e772-4b9c-b524-e4cea3dc9d99\" class=\"wp-block-image\"><img decoding=\"async\" src=\"https:\/\/www.mdzol.com\/u\/fotografias\/m\/2022\/7\/4\/f768x1-1244294_1244421_7958.jpeg\" alt=\"F768x1 1244294 1244421 7958\" title=\"El Gobierno desminti\u00f3 los rumores y confirm\u00f3 que habr\u00e1 elecciones PASO en 2023\" \/><figcaption>EDUARDO &#8220;WADO&#8221; DE PEDRO CONFIRM\u00d3 QUE HABR\u00c1 ELECCIONES PASO EN 2023.<\/figcaption><\/figure>\n\n\n\n<p class=\"wp-block-paragraph\">De ese modo se refiri\u00f3 a las decisiones que se adoptaron en distritos como Salta, San Juan y Catamarca para no realizar las&nbsp;<strong>PASO<\/strong>&nbsp;el a\u00f1o que viene.&nbsp;&#8220;Ni bien me llegue alg\u00fan proyecto (en ese sentido) lo dar\u00e9 a conocer&#8221;, agreg\u00f3&nbsp;<strong>De Pedro<\/strong>.<\/p>\n\n\n\n<p class=\"wp-block-paragraph\">D\u00edas atr\u00e1s, la vocera presidencial, Gabriela Cerruti, tambi\u00e9n hab\u00eda descartado que la Casa Rosada estuviera pensando en seguir la misma l\u00ednea que las provincias mencionadas.\u00a0<\/p>\n\n\n\n<p class=\"wp-block-paragraph\">Fuente: <a href=\"https:\/\/www.mdzol.com\/\">Mendoza online<\/a><\/p>","protected":false},"excerpt":{"rendered":"<p>El ministro del Interior,&nbsp;Eduardo &#8220;Wado&#8221; De Pedro, asegur\u00f3 este s\u00e1bado que el Gobierno no eval\u00faa suspender&nbsp;las elecciones Primarias, Abiertas, Simult\u00e1neas y Obligatorias&nbsp;(PASO) de 2023 y aclar\u00f3 que una eventual medida en ese sentido &#8220;es&nbsp;materia del Congreso&#8221;. &#8220;Eso es materia del Congreso. Siempre antes de una elecci\u00f3n&nbsp;se&nbsp;discuten much\u00edsimos temas, pero al Ministerio no lleg\u00f3 ning\u00fan&nbsp;proyecto de [&hellip;]<\/p>\n","protected":false},"author":9,"featured_media":0,"comment_status":"open","ping_status":"open","sticky":false,"template":"","format":"standard","meta":{"site-sidebar-layout":"default","site-content-layout":"","ast-site-content-layout":"default","site-content-style":"default","site-sidebar-style":"default","ast-global-header-display":"","ast-banner-title-visibility":"","ast-main-header-display":"","ast-hfb-above-header-display":"","ast-hfb-below-header-display":"","ast-hfb-mobile-header-display":"","site-post-title":"","ast-breadcrumbs-content":"","ast-featured-img":"","footer-sml-layout":"","ast-disable-related-posts":"","theme-transparent-header-meta":"","adv-header-id-meta":"","stick-header-meta":"","header-above-stick-meta":"","header-main-stick-meta":"","header-below-stick-meta":"","astra-migrate-meta-layouts":"default","ast-page-background-enabled":"default","ast-page-background-meta":{"desktop":{"background-color":"","background-image":"","background-repeat":"repeat","background-position":"center center","background-size":"auto","background-attachment":"scroll","background-type":"","background-media":"","overlay-type":"","overlay-color":"","overlay-opacity":"","overlay-gradient":""},"tablet":{"background-color":"","background-image":"","background-repeat":"repeat","background-position":"center center","background-size":"auto","background-attachment":"scroll","background-type":"","background-media":"","overlay-type":"","overlay-color":"","overlay-opacity":"","overlay-gradient":""},"mobile":{"background-color":"","background-image":"","background-repeat":"repeat","background-position":"center center","background-size":"auto","background-attachment":"scroll","background-type":"","background-media":"","overlay-type":"","overlay-color":"","overlay-opacity":"","overlay-gradient":""}},"ast-content-background-meta":{"desktop":{"background-color":"var(--ast-global-color-5)","background-image":"","background-repeat":"repeat","background-position":"center center","background-size":"auto","background-attachment":"scroll","background-type":"","background-media":"","overlay-type":"","overlay-color":"","overlay-opacity":"","overlay-gradient":""},"tablet":{"background-color":"var(--ast-global-color-5)","background-image":"","background-repeat":"repeat","background-position":"center center","background-size":"auto","background-attachment":"scroll","background-type":"","background-media":"","overlay-type":"","overlay-color":"","overlay-opacity":"","overlay-gradient":""},"mobile":{"background-color":"var(--ast-global-color-5)","background-image":"","background-repeat":"repeat","background-position":"center center","background-size":"auto","background-attachment":"scroll","background-type":"","background-media":"","overlay-type":"","overlay-color":"","overlay-opacity":"","overlay-gradient":""}},"footnotes":""},"categories":[25],"tags":[],"class_list":["post-70036","post","type-post","status-publish","format-standard","hentry","category-destacado"],"spectra_blocks_featured_image_url":null,"spectra_blocks_author_info":{"display_name":"Jorge Alfredo Baret","avatar_url":"https:\/\/secure.gravatar.com\/avatar\/31696f5ca83439b642450ec7d3f82f98451a5efacb414343d5478c982b337f26?s=96&d=mm&r=g","author_link":"https:\/\/100xd.com.ar\/es\/author\/jorge\/","description":"Ingeniero Qu\u00edmico UTN - Director Apoderado de Comunicaciones Auditadas SA. Editor Responsable 100xd.com.ar."},"_links":{"self":[{"href":"https:\/\/100xd.com.ar\/es\/wp-json\/wp\/v2\/posts\/70036","targetHints":{"allow":["GET"]}}],"collection":[{"href":"https:\/\/100xd.com.ar\/es\/wp-json\/wp\/v2\/posts"}],"about":[{"href":"https:\/\/100xd.com.ar\/es\/wp-json\/wp\/v2\/types\/post"}],"author":[{"embeddable":true,"href":"https:\/\/100xd.com.ar\/es\/wp-json\/wp\/v2\/users\/9"}],"replies":[{"embeddable":true,"href":"https:\/\/100xd.com.ar\/es\/wp-json\/wp\/v2\/comments?post=70036"}],"version-history":[{"count":1,"href":"https:\/\/100xd.com.ar\/es\/wp-json\/wp\/v2\/posts\/70036\/revisions"}],"predecessor-version":[{"id":70038,"href":"https:\/\/100xd.com.ar\/es\/wp-json\/wp\/v2\/posts\/70036\/revisions\/70038"}],"wp:attachment":[{"href":"https:\/\/100xd.com.ar\/es\/wp-json\/wp\/v2\/media?parent=70036"}],"wp:term":[{"taxonomy":"category","embeddable":true,"href":"https:\/\/100xd.com.ar\/es\/wp-json\/wp\/v2\/categories?post=70036"},{"taxonomy":"post_tag","embeddable":true,"href":"https:\/\/100xd.com.ar\/es\/wp-json\/wp\/v2\/tags?post=70036"}],"curies":[{"name":"wp","href":"https:\/\/api.w.org\/{rel}","templated":true}]}}