{"id":69869,"date":"2022-09-06T11:22:58","date_gmt":"2022-09-06T14:22:58","guid":{"rendered":"https:\/\/100xd.com.ar\/?p=69869"},"modified":"2022-09-06T11:22:58","modified_gmt":"2022-09-06T14:22:58","slug":"la-continua-y-frustrante-decadencia-argentina","status":"publish","type":"post","link":"https:\/\/100xd.com.ar\/es\/la-continua-y-frustrante-decadencia-argentina\/","title":{"rendered":"La continua y frustrante decadencia argentina"},"content":{"rendered":"<p class=\"wp-block-paragraph\">No vamos a escribir de todo aquello que nos pesa demasiado y lo sufrimos todos los d\u00edas. No vamos a referirnos a la insoportable inflaci\u00f3n, la pobre educaci\u00f3n, la fr\u00e1gil salud,&nbsp;etc.&nbsp;Vamos a poner foco solo en la tentativa de homicidio a la vicepresidenta&nbsp;<strong>Cristina Fern\u00e1ndez de Kirchner<\/strong>.<\/p>\n\n\n\n<p class=\"wp-block-paragraph\">Para ahondar sobre ello es imprescindible referirse al caso del fiscal Alberto Nisman y el espanto que rode\u00f3 la investigaci\u00f3n de su muerte, sobre todo en su inicio. La investigaci\u00f3n inicial de la fiscal Viviana Fein fue de una torpeza extrema, dif\u00edcil de imaginar por parte de un integrante de la Justicia.<\/p>\n\n\n\n<p class=\"wp-block-paragraph\">Simult\u00e1neamente, Sergio Berni, en esa \u00e9poca secretario de Seguridad, invad\u00eda y contaminaba la escena del crimen como si se tratara de un aficionado.<\/p>\n\n\n\n<p class=\"wp-block-paragraph\">En paralelo, alrededor de 80 miembros de la AFI (Agencia Federal de Inteligencia) intercambiaban llamadas entre s\u00ed en las inmediaciones del lugar del hecho y todas se concentraban en el tel\u00e9fono de Fernando Pocino, cercano a&nbsp;<strong>Cristina Kirchner<\/strong>&nbsp;y reemplazante de Jaime Stiuso, el expoderoso hombre de inteligencia y operador todo servicio del&nbsp;<strong>kirchnerismo<\/strong>, apartado por desavenencias personales por la entonces presidenta.https:\/\/a7b5e64a99a89d1e930023e45b6b7fe7.safeframe.googlesyndication.com\/safeframe\/1-0-38\/html\/container.html<\/p>\n\n\n\n<p class=\"wp-block-paragraph\">La custodia personal del exfiscal muerto no estableci\u00f3 ning\u00fan contacto con \u00e9l en las 24 horas previas a su muerte. Presunta zona liberada. Por custodios de la Polic\u00eda Federal, inconcebible.<\/p>\n\n\n\n<p class=\"wp-block-paragraph\">Volvamos a la tentativa de magnicidio sobre la&nbsp;<strong>vicepresidenta<\/strong>. Pongamos punto especial sobre la custodia. A&nbsp;<strong>Cristina<\/strong>&nbsp;la custodia desde hace a\u00f1os la Polic\u00eda Federal. En paralelo, La C\u00e1mpora provee una especie de guardia pretoriana de fervientes militantes que construir\u00edan el segundo anillo protector.<\/p>\n\n\n\n<p class=\"wp-block-paragraph\">Lo sucedido el viernes pasado, cuando se arrim\u00f3 una pistola a cent\u00edmetros de la cabeza de&nbsp;<strong>Cristina<\/strong>, es fiel realidad del fracaso rotundo y estrepitoso del sistema de seguridad. Lo que sucedi\u00f3 apenas gatillada la pistola Bersa entra en los anales de la improvisaci\u00f3n, ignorancia de los protocolos de seguridad y se asemeja a un papel\u00f3n a nivel mundial sin precedentes.<\/p>\n\n\n\n<p class=\"wp-block-paragraph\">El portador del arma fue detenido en principio por un concejal militante. Tratando de huir, Sabag Montiel, finalmente reducido, fue entregado por la Polic\u00eda de la Ciudad a la Polic\u00eda Federal, la encargada directa de la seguridad&nbsp;<strong>vicepresidencial<\/strong>.<\/p>\n\n\n\n<p class=\"wp-block-paragraph\">El arma fue tambi\u00e9n rescatada del suelo por un militante, con la consiguiente posibilidad de contaminaci\u00f3n o alteraci\u00f3n de la pistola.&nbsp;Intertanto&nbsp;<strong>Cristina<\/strong>&nbsp;no fue evacuada y cubierta por los custodios. Sigui\u00f3 movi\u00e9ndose libremente y desamparada durante aproximadamente 6 minutos.<\/p>\n\n\n\n<p class=\"wp-block-paragraph\">M\u00e1s de 100 efectivos, cuyo costo solventa la ciudadan\u00eda, son los que protegen y brindan seguridad a&nbsp;<strong>Cristina Fern\u00e1ndez<\/strong>. \u00bfC\u00f3mo fue factible que el imputado llegara a cent\u00edmetros de su objetivo, intentara&nbsp;escapar sin ser detenido por ning\u00fan miembro de la custodia y se desprendiera del arma? \u00bfNovela de ficci\u00f3n?&nbsp;No, realidad real argentina.<\/p>\n\n\n\n<p class=\"wp-block-paragraph\">Para continuar el dislate y la falta de profesionalismo, el tel\u00e9fono del detenido fue reseteado por los \u201c especialistas\u201d de la Polic\u00eda, con consecuencias que pueden haber acarreado la desaparici\u00f3n de elementos probatorios.&nbsp;<\/p>\n\n\n\n<p class=\"wp-block-paragraph\">An\u00edbal Fern\u00e1ndez present\u00f3 su renuncia, no aceptada por el presidente Alberto Fern\u00e1ndez. Se puede intuir que se rechaza por una obviedad; aceptarla significar\u00eda convalidar la mala praxis oficial.<\/p>\n\n\n\n<p class=\"wp-block-paragraph\">Si lo ocurrido con la investigaci\u00f3n del crimen del fiscal Nisman fue alarmante y definible lamentablemente como &#8220;chapucero\u201d, lo que viene sucediendo con la tentativa de homicidio sobre&nbsp;<strong>Cristina<\/strong>&nbsp;se repite e incluso va camino a&nbsp;superarlo en cuanto a la actuaci\u00f3n de los encargados de seguridad. Faltan elementos a determinar todav\u00eda qu\u00e9 pueden ahondar la impericia.<\/p>\n\n\n\n<p class=\"wp-block-paragraph\">Que triste sino persigue a los argentinos.<\/p>\n\n\n\n<p class=\"wp-block-paragraph\">C\u00f3mo es posible que la decadencia no se detenga, por el contrario se agrave y no decidamos en conjunto empezar una tarea reconstructiva en pos de la normalidad y de la gesti\u00f3n con \u00edndices l\u00f3gicos de eficacia y eficiencia.<\/p>\n\n\n\n<p class=\"wp-block-paragraph\">La ca\u00edda de los pa\u00edses no tiene fondo. Es imprescindible tenerlo presente, caso contrario se profundizar\u00e1 el pesar que nos agobia.<\/p>\n\n\n\n<p class=\"wp-block-paragraph\">Fuente:<a href=\"https:\/\/www.mdzol.com\/\"> Mendoza online<\/a><\/p>","protected":false},"excerpt":{"rendered":"<p>No vamos a escribir de todo aquello que nos pesa demasiado y lo sufrimos todos los d\u00edas. No vamos a referirnos a la insoportable inflaci\u00f3n, la pobre educaci\u00f3n, la fr\u00e1gil salud,&nbsp;etc.&nbsp;Vamos a poner foco solo en la tentativa de homicidio a la vicepresidenta&nbsp;Cristina Fern\u00e1ndez de Kirchner. Para ahondar sobre ello es imprescindible referirse al caso [&hellip;]<\/p>\n","protected":false},"author":9,"featured_media":0,"comment_status":"open","ping_status":"open","sticky":false,"template":"","format":"standard","meta":{"site-sidebar-layout":"default","site-content-layout":"","ast-site-content-layout":"default","site-content-style":"default","site-sidebar-style":"default","ast-global-header-display":"","ast-banner-title-visibility":"","ast-main-header-display":"","ast-hfb-above-header-display":"","ast-hfb-below-header-display":"","ast-hfb-mobile-header-display":"","site-post-title":"","ast-breadcrumbs-content":"","ast-featured-img":"","footer-sml-layout":"","ast-disable-related-posts":"","theme-transparent-header-meta":"","adv-header-id-meta":"","stick-header-meta":"","header-above-stick-meta":"","header-main-stick-meta":"","header-below-stick-meta":"","astra-migrate-meta-layouts":"default","ast-page-background-enabled":"default","ast-page-background-meta":{"desktop":{"background-color":"","background-image":"","background-repeat":"repeat","background-position":"center center","background-size":"auto","background-attachment":"scroll","background-type":"","background-media":"","overlay-type":"","overlay-color":"","overlay-opacity":"","overlay-gradient":""},"tablet":{"background-color":"","background-image":"","background-repeat":"repeat","background-position":"center center","background-size":"auto","background-attachment":"scroll","background-type":"","background-media":"","overlay-type":"","overlay-color":"","overlay-opacity":"","overlay-gradient":""},"mobile":{"background-color":"","background-image":"","background-repeat":"repeat","background-position":"center center","background-size":"auto","background-attachment":"scroll","background-type":"","background-media":"","overlay-type":"","overlay-color":"","overlay-opacity":"","overlay-gradient":""}},"ast-content-background-meta":{"desktop":{"background-color":"var(--ast-global-color-5)","background-image":"","background-repeat":"repeat","background-position":"center center","background-size":"auto","background-attachment":"scroll","background-type":"","background-media":"","overlay-type":"","overlay-color":"","overlay-opacity":"","overlay-gradient":""},"tablet":{"background-color":"var(--ast-global-color-5)","background-image":"","background-repeat":"repeat","background-position":"center center","background-size":"auto","background-attachment":"scroll","background-type":"","background-media":"","overlay-type":"","overlay-color":"","overlay-opacity":"","overlay-gradient":""},"mobile":{"background-color":"var(--ast-global-color-5)","background-image":"","background-repeat":"repeat","background-position":"center center","background-size":"auto","background-attachment":"scroll","background-type":"","background-media":"","overlay-type":"","overlay-color":"","overlay-opacity":"","overlay-gradient":""}},"footnotes":""},"categories":[2],"tags":[],"class_list":["post-69869","post","type-post","status-publish","format-standard","hentry","category-politica"],"spectra_blocks_featured_image_url":null,"spectra_blocks_author_info":{"display_name":"Jorge Alfredo Baret","avatar_url":"https:\/\/secure.gravatar.com\/avatar\/31696f5ca83439b642450ec7d3f82f98451a5efacb414343d5478c982b337f26?s=96&d=mm&r=g","author_link":"https:\/\/100xd.com.ar\/es\/author\/jorge\/","description":"Ingeniero Qu\u00edmico UTN - Director Apoderado de Comunicaciones Auditadas SA. Editor Responsable 100xd.com.ar."},"_links":{"self":[{"href":"https:\/\/100xd.com.ar\/es\/wp-json\/wp\/v2\/posts\/69869","targetHints":{"allow":["GET"]}}],"collection":[{"href":"https:\/\/100xd.com.ar\/es\/wp-json\/wp\/v2\/posts"}],"about":[{"href":"https:\/\/100xd.com.ar\/es\/wp-json\/wp\/v2\/types\/post"}],"author":[{"embeddable":true,"href":"https:\/\/100xd.com.ar\/es\/wp-json\/wp\/v2\/users\/9"}],"replies":[{"embeddable":true,"href":"https:\/\/100xd.com.ar\/es\/wp-json\/wp\/v2\/comments?post=69869"}],"version-history":[{"count":1,"href":"https:\/\/100xd.com.ar\/es\/wp-json\/wp\/v2\/posts\/69869\/revisions"}],"predecessor-version":[{"id":69871,"href":"https:\/\/100xd.com.ar\/es\/wp-json\/wp\/v2\/posts\/69869\/revisions\/69871"}],"wp:attachment":[{"href":"https:\/\/100xd.com.ar\/es\/wp-json\/wp\/v2\/media?parent=69869"}],"wp:term":[{"taxonomy":"category","embeddable":true,"href":"https:\/\/100xd.com.ar\/es\/wp-json\/wp\/v2\/categories?post=69869"},{"taxonomy":"post_tag","embeddable":true,"href":"https:\/\/100xd.com.ar\/es\/wp-json\/wp\/v2\/tags?post=69869"}],"curies":[{"name":"wp","href":"https:\/\/api.w.org\/{rel}","templated":true}]}}