{"id":69823,"date":"2022-09-05T11:55:53","date_gmt":"2022-09-05T14:55:53","guid":{"rendered":"https:\/\/100xd.com.ar\/?p=69823"},"modified":"2022-09-05T12:16:59","modified_gmt":"2022-09-05T15:16:59","slug":"cada-vez-mas-sanjuaninos-se-suman-a-la-feria-agroproductiva","status":"publish","type":"post","link":"https:\/\/100xd.com.ar\/es\/cada-vez-mas-sanjuaninos-se-suman-a-la-feria-agroproductiva\/","title":{"rendered":"Provincia de San Ju\u00e1n: Cada vez m\u00e1s sanjuaninos se suman a la Feria Agroproductiva"},"content":{"rendered":"<p class=\"wp-block-paragraph\">El Ministerio de Producci\u00f3n y Desarrollo Econ\u00f3mico a trav\u00e9s de la Secretar\u00eda de Agricultura, Ganader\u00eda y Agroindustria y la Direcci\u00f3n de Desarrollo Agr\u00edcola realizaron este s\u00e1bado una nueva edici\u00f3n de la Feria Agroproductiva.La actividad tuvo lugar en el Paseo de las Palmeras del Parque de Mayo, ubicado en calle Urquiza y San Luis. All\u00ed, los productores locales ofrecieron verduras, huevos, dulces, aceites, productos gourmet, vinos, frutos secos, especias, arom\u00e1ticas, panificaci\u00f3n, conservas y plantas, entre otros productos.La edici\u00f3n cont\u00f3 con degustaci\u00f3n y venta de productos oliv\u00edcolas anticipando las jornadas de ArgOliva. Hubo shows musicales y sorteos de productos para los asistentes al encuentro.<\/p>\n\n\n\n<p class=\"wp-block-paragraph\">La Feria Agroproductiva resulta una alternativa de inter\u00e9s no s\u00f3lo desde el punto de vista econ\u00f3mico para los productores, reduciendo el n\u00famero de intermediarios en la cadena de comercializaci\u00f3n, sino tambi\u00e9n la posibilidad para el consumidor de recibir productos de calidad a precios m\u00e1s accesibles.<\/p>\n\n\n\n<p class=\"wp-block-paragraph\">Fuente:<a href=\"https:\/\/sisanjuan.gob.ar\/\"> Si San Ju\u00e1n<\/a><\/p>","protected":false},"excerpt":{"rendered":"<p>El Ministerio de Producci\u00f3n y Desarrollo Econ\u00f3mico a trav\u00e9s de la Secretar\u00eda de Agricultura, Ganader\u00eda y Agroindustria y la Direcci\u00f3n de Desarrollo Agr\u00edcola realizaron este s\u00e1bado una nueva edici\u00f3n de la Feria Agroproductiva.La actividad tuvo lugar en el Paseo de las Palmeras del Parque de Mayo, ubicado en calle Urquiza y San Luis. All\u00ed, los [&hellip;]<\/p>\n","protected":false},"author":9,"featured_media":0,"comment_status":"open","ping_status":"open","sticky":false,"template":"","format":"standard","meta":{"site-sidebar-layout":"default","site-content-layout":"","ast-site-content-layout":"default","site-content-style":"default","site-sidebar-style":"default","ast-global-header-display":"","ast-banner-title-visibility":"","ast-main-header-display":"","ast-hfb-above-header-display":"","ast-hfb-below-header-display":"","ast-hfb-mobile-header-display":"","site-post-title":"","ast-breadcrumbs-content":"","ast-featured-img":"","footer-sml-layout":"","ast-disable-related-posts":"","theme-transparent-header-meta":"","adv-header-id-meta":"","stick-header-meta":"","header-above-stick-meta":"","header-main-stick-meta":"","header-below-stick-meta":"","astra-migrate-meta-layouts":"default","ast-page-background-enabled":"default","ast-page-background-meta":{"desktop":{"background-color":"","background-image":"","background-repeat":"repeat","background-position":"center center","background-size":"auto","background-attachment":"scroll","background-type":"","background-media":"","overlay-type":"","overlay-color":"","overlay-opacity":"","overlay-gradient":""},"tablet":{"background-color":"","background-image":"","background-repeat":"repeat","background-position":"center center","background-size":"auto","background-attachment":"scroll","background-type":"","background-media":"","overlay-type":"","overlay-color":"","overlay-opacity":"","overlay-gradient":""},"mobile":{"background-color":"","background-image":"","background-repeat":"repeat","background-position":"center center","background-size":"auto","background-attachment":"scroll","background-type":"","background-media":"","overlay-type":"","overlay-color":"","overlay-opacity":"","overlay-gradient":""}},"ast-content-background-meta":{"desktop":{"background-color":"var(--ast-global-color-5)","background-image":"","background-repeat":"repeat","background-position":"center center","background-size":"auto","background-attachment":"scroll","background-type":"","background-media":"","overlay-type":"","overlay-color":"","overlay-opacity":"","overlay-gradient":""},"tablet":{"background-color":"var(--ast-global-color-5)","background-image":"","background-repeat":"repeat","background-position":"center center","background-size":"auto","background-attachment":"scroll","background-type":"","background-media":"","overlay-type":"","overlay-color":"","overlay-opacity":"","overlay-gradient":""},"mobile":{"background-color":"var(--ast-global-color-5)","background-image":"","background-repeat":"repeat","background-position":"center center","background-size":"auto","background-attachment":"scroll","background-type":"","background-media":"","overlay-type":"","overlay-color":"","overlay-opacity":"","overlay-gradient":""}},"footnotes":""},"categories":[8,4],"tags":[],"class_list":["post-69823","post","type-post","status-publish","format-standard","hentry","category-el-mundo","category-sociedad"],"spectra_blocks_featured_image_url":null,"spectra_blocks_author_info":{"display_name":"Jorge Alfredo Baret","avatar_url":"https:\/\/secure.gravatar.com\/avatar\/31696f5ca83439b642450ec7d3f82f98451a5efacb414343d5478c982b337f26?s=96&d=mm&r=g","author_link":"https:\/\/100xd.com.ar\/es\/author\/jorge\/","description":"Ingeniero Qu\u00edmico UTN - Director Apoderado de Comunicaciones Auditadas SA. Editor Responsable 100xd.com.ar."},"_links":{"self":[{"href":"https:\/\/100xd.com.ar\/es\/wp-json\/wp\/v2\/posts\/69823","targetHints":{"allow":["GET"]}}],"collection":[{"href":"https:\/\/100xd.com.ar\/es\/wp-json\/wp\/v2\/posts"}],"about":[{"href":"https:\/\/100xd.com.ar\/es\/wp-json\/wp\/v2\/types\/post"}],"author":[{"embeddable":true,"href":"https:\/\/100xd.com.ar\/es\/wp-json\/wp\/v2\/users\/9"}],"replies":[{"embeddable":true,"href":"https:\/\/100xd.com.ar\/es\/wp-json\/wp\/v2\/comments?post=69823"}],"version-history":[{"count":2,"href":"https:\/\/100xd.com.ar\/es\/wp-json\/wp\/v2\/posts\/69823\/revisions"}],"predecessor-version":[{"id":69835,"href":"https:\/\/100xd.com.ar\/es\/wp-json\/wp\/v2\/posts\/69823\/revisions\/69835"}],"wp:attachment":[{"href":"https:\/\/100xd.com.ar\/es\/wp-json\/wp\/v2\/media?parent=69823"}],"wp:term":[{"taxonomy":"category","embeddable":true,"href":"https:\/\/100xd.com.ar\/es\/wp-json\/wp\/v2\/categories?post=69823"},{"taxonomy":"post_tag","embeddable":true,"href":"https:\/\/100xd.com.ar\/es\/wp-json\/wp\/v2\/tags?post=69823"}],"curies":[{"name":"wp","href":"https:\/\/api.w.org\/{rel}","templated":true}]}}