{"id":69500,"date":"2022-08-29T11:39:38","date_gmt":"2022-08-29T14:39:38","guid":{"rendered":"https:\/\/100xd.com.ar\/?p=69500"},"modified":"2022-08-29T11:39:38","modified_gmt":"2022-08-29T14:39:38","slug":"el-gobierno-ante-una-carrera-de-obstaculos-economicos-en-septiembre","status":"publish","type":"post","link":"https:\/\/100xd.com.ar\/es\/el-gobierno-ante-una-carrera-de-obstaculos-economicos-en-septiembre\/","title":{"rendered":"El Gobierno ante una carrera de obst\u00e1culos econ\u00f3micos en septiembre"},"content":{"rendered":"<p class=\"wp-block-paragraph\">A s\u00f3lo tres jornadas h\u00e1biles de que finalice agosto y de que el ministro de Econom\u00eda,&nbsp;<a href=\"https:\/\/www.mdzol.com\/politica\/2022\/8\/25\/sergio-massa-congelo-las-contrataciones-en-el-estado-269195.html\"><strong>Sergio Massa<\/strong><\/a>, redondee su primer mes de gesti\u00f3n, la coyuntura muestra algunas<strong>&nbsp;<\/strong>pocas certezas y un mar de dudas<strong>&nbsp;<\/strong>de cara \u00faltimo cuarto del a\u00f1o.&nbsp;<\/p>\n\n\n\n<p class=\"wp-block-paragraph\">El principal logro de la nueva conducci\u00f3n del Palacio de Hacienda es haber generado una&nbsp;<a href=\"https:\/\/www.mdzol.com\/dinero\/2022\/8\/17\/los-datos-que-preven-un-oscuro-panorama-economico-en-la-argentina-266821.html\"><strong>relativa sensaci\u00f3n de tranquilidad<\/strong><\/a>&nbsp;en algunas variables clave, en especial en la cotizaci\u00f3n del tipo de cambio paralelo y los&nbsp;<strong>d\u00f3lares financieros&nbsp;<\/strong>(MEP y Contado con liquidaci\u00f3n), aunque no sin sobresaltos y volatilidad a lo largo de agosto.<\/p>\n\n\n\n<p class=\"wp-block-paragraph\">Adem\u00e1s, qued\u00f3 claro el objetivo de Massa de avanzar hacia un&nbsp;<strong>cierto orden fiscal<\/strong>, traducido en lenguaje llano en un cronograma de<a href=\"https:\/\/www.mdzol.com\/politica\/2022\/8\/15\/el-gobierno-presenta-los-detalles-de-la-segmentacion-tarifaria-266584.html\"><strong>&nbsp;segmentaci\u00f3n de tarifas<\/strong><\/a>&nbsp;de algunos servicios p\u00fablicos, como electricidad, gas natural de red y agua potable, adem\u00e1s de un recorte del gasto<strong>&nbsp;<\/strong>en Salud, Educaci\u00f3n, Obras P\u00fablicas (Programa Procrear), Transporte y Producci\u00f3n, por unos $148.000 millones o algo as\u00ed como el 0,2% del Producto Interno Bruto (PIB).<\/p>\n\n\n\n<figure data-spectra-id=\"spectra-e19e8d31-f739-4221-ae05-ede9ea0134cf\" class=\"wp-block-image\"><img decoding=\"async\" src=\"https:\/\/www.mdzol.com\/u\/fotografias\/m\/2022\/8\/21\/f768x400-1268938_1312841_2158.png\" alt=\"F768x400 1268938 1312841 2158\" title=\"El Gobierno ante una carrera de obst\u00e1culos econ\u00f3micos en septiembre\" \/><figcaption>CON LA DESIGNACI\u00d3N DE GABRIEL RUBINSTEIN COMO VICEMINISTRO DE ECONOM\u00cdA, EL GOBIERNO AVANZA EN EL PROGRAMA DE RECORTE DE GASTOS Y AJUSTE FISCAL.<\/figcaption><\/figure>\n\n\n\n<p class=\"wp-block-paragraph\">Hasta aqu\u00ed las certezas, pero quedan&nbsp;<strong>numerosas inc\u00f3gnitas<\/strong>&nbsp;por despejar para llegar a un resultado satisfactorio del actual deterioro econ\u00f3mico. As\u00ed, a las puertas de septiembre el Gobierno mantiene al tope de la agenda econ\u00f3mico los principales desaf\u00edos.&nbsp;<\/p>\n\n\n\n<h2 class=\"wp-block-heading\">Las claves de la agenda econ\u00f3mica<\/h2>\n\n\n\n<p class=\"wp-block-paragraph\">El primero de los desaf\u00edos es c\u00f3mo sumar<strong>&nbsp;d\u00f3lares<\/strong>&nbsp;a las reservas del&nbsp;<a href=\"https:\/\/www.mdzol.com\/dinero\/2022\/8\/26\/evaluan-permitir-la-compra-de-dolares-para-aquellos-que-recibieron-atp-269644.html\"><strong>Banco Central<\/strong><\/a>, que seg\u00fan diversas estimaciones tiene reservas de libre disponibilidad por algo m\u00e1s de<strong>&nbsp;US$1200 millones<\/strong>.<\/p>\n\n\n\n<p class=\"wp-block-paragraph\">El plan del Gobierno para que cerealeras y agroexportadores, compa\u00f1\u00edas mineras y pesqueras, tres sectores con balanza comercial claramente superavitaria, liquiden entre agosto y septiembre unos US$5.000 millones<strong>&nbsp;<\/strong>hasta el momento es un rotundo fracaso.&nbsp;Ni compromiso de liquidaciones extra ni billetes verdes contantes y sonantes.<\/p>\n\n\n\n<p class=\"wp-block-paragraph\">Con este panorama, el Banco Central, que en las \u00faltimas doce jornadas logr\u00f3<strong>&nbsp;<\/strong>comprar unos<strong>&nbsp;US$300 millones<\/strong>, afrontar\u00e1 en septiembre una nueva revisi\u00f3n de las cuentas p\u00fablicas por parte de los t\u00e9cnicos del&nbsp;<a href=\"https:\/\/www.mdzol.com\/dinero\/2022\/8\/17\/massa-da-otro-paso-avanza-en-la-promesa-de-cumplir-con-el-fmi-267014.html\"><strong>Fondo Monetario Internacional (FMI)<\/strong><\/a>, con la certeza de que dos variables clave del acuerdo firmado a fines de marzo, son de muy dif\u00edcil complimiento, meta de<strong>&nbsp;d\u00e9ficit fiscal<\/strong>&nbsp;y monto acordado de&nbsp;<strong>acumulaci\u00f3n de reservas<\/strong>.&nbsp;<\/p>\n\n\n\n<figure data-spectra-id=\"spectra-788fc909-afee-4821-a863-71f01bd57301\" class=\"wp-block-image\"><img decoding=\"async\" src=\"https:\/\/www.mdzol.com\/u\/fotografias\/m\/2021\/5\/14\/f768x400-1056591_1100494_4723.jpg\" alt=\"F768x400 1056591 1100494 4723\" title=\"El Gobierno ante una carrera de obst\u00e1culos econ\u00f3micos en septiembre\" \/><figcaption>KRISTALINA GEORGIEVA, LA TITULAR DEL FMI, DE BUEN DI\u00c1LOGO CON EL GOBIERNO ARGENTINO, PERO URGIDA PORQUE LAS METAS SE CUMPLAN.<\/figcaption><\/figure>\n\n\n\n<p class=\"wp-block-paragraph\">El Gobierno se comprometi\u00f3 a&nbsp;<strong>sumar US$5.800 millones&nbsp;<\/strong>a las reservas del Banco Central hasta fin de a\u00f1o, un objetivo muy exigente, teniendo en cuenta que hasta ahora la mejora de las reservas fue muy baja y que el pa\u00eds est\u00e1 hoy en la \u00e9poca del a\u00f1o en la estacionalmente ingresan menos<strong>&nbsp;d\u00f3lares.<\/strong><\/p>\n\n\n\n<blockquote class=\"wp-block-quote is-layout-flow wp-block-quote-is-layout-flow\"><p>El plan del Gobierno para que cerealeras y agroexportadores, compa\u00f1\u00edas mineras y pesqueras, tres sectores con balanza comercial claramente superavitaria, liquiden entre agosto y septiembre unos US$ 5000 millones hasta el momento es un rotundo fracaso.<\/p><\/blockquote>\n\n\n\n<p class=\"wp-block-paragraph\">Hasta noviembre o diciembre no se liquidan ventas de la cosecha de trigo 2022\/23 y para la cosecha gruesa (soja y ma\u00edz) hay que esperar hasta el segundo trimestre de 2023. S\u00f3lo podr\u00edan ingresar remanentes sin vender de la cosecha 2021\/22, que hoy est\u00e1n guardados en silobolsas, en gran medida como reserva de valor de los productores agropecuarios para financiar la nueva siembra.<\/p>\n\n\n\n<h2 class=\"wp-block-heading\">D\u00e9ficit fiscal, la madre del borrego<\/h2>\n\n\n\n<p class=\"wp-block-paragraph\">En el caso de la meta de d\u00e9ficit fiscal primario de<strong>&nbsp;2,5%<\/strong>&nbsp;acordado para 2022 con el FMI -Sergio Massa insiste en que se cumplir\u00e1- requiere de una combinaci\u00f3n de nuevo torniquete sobre los gastos, y una mayor recaudaci\u00f3n. Este objetivo es bien complicado por cuanto la actividad econ\u00f3mica, est\u00e1 sometida a una&nbsp;<strong><a href=\"https:\/\/www.mdzol.com\/dinero\/2022\/8\/9\/el-gobierno-prometio-que-partir-de-septiembre-habilitara-mas-dolares-para-importar-insumos-265079.html\">baja de insumos importados<\/a><\/strong>, justamente&nbsp;por falta de d\u00f3lares.<\/p>\n\n\n\n<p class=\"wp-block-paragraph\">As\u00ed, los analistas pronostican una&nbsp;<strong>desaceleraci\u00f3n de la actividad econ\u00f3mica<\/strong>&nbsp;o incluso&nbsp;<strong>crecimiento cero,&nbsp;<\/strong>una vez que se conozcan los datos de actividad de agosto.<\/p>\n\n\n\n<p class=\"wp-block-paragraph\">En cuanto a la&nbsp;<a href=\"https:\/\/www.mdzol.com\/dinero\/2022\/8\/11\/inflacion-mucha-preocupacion-pesimismo-entre-los-especialistas-265695.html\"><strong>inflaci\u00f3n<\/strong><\/a>, que incide en todo el proceso, este mes sumar\u00e1 al menos un 6,5% de aumento general de precios, llevando la estimaci\u00f3n anual<strong>&nbsp;<\/strong>por encima del 90%. El Gobierno hoy se encuentra ante una decisi\u00f3n crucial, entre mantener el ritmo de actividad a costo de seguir fogoneando la&nbsp;<strong>inflaci\u00f3n<\/strong>, o apretar el grifo con subas de tarifas, tasas de inter\u00e9s y menos importaciones, lo que empujar\u00e1 la&nbsp;<strong>actividad hacia una mayor recesi\u00f3n.&nbsp;<\/strong><\/p>\n\n\n\n<figure data-spectra-id=\"spectra-9ef32fc9-46e7-40cf-a046-79533b40f5dd\" class=\"wp-block-image\"><img decoding=\"async\" src=\"https:\/\/www.mdzol.com\/u\/fotografias\/m\/2022\/8\/4\/f768x400-1260264_1304167_4734.png\" alt=\"F768x400 1260264 1304167 4734\" title=\"El Gobierno ante una carrera de obst\u00e1culos econ\u00f3micos en septiembre\" \/><figcaption>MIENTRAS EL MINISTRO DE ECONOM\u00cdA, SERGIO MASSA, EST\u00c1 CONVENCIDO DE LA NECESIDAD DE ORDENAR LAS CUENTAS P\u00daBLICAS, EL FRENTE INTERNO DE LA COALICI\u00d3N DE GOBIERNO RECLAMA EXPANDIR EL GASTO P\u00daBLICO.<\/figcaption><\/figure>\n\n\n\n<h2 class=\"wp-block-heading\">Nuevas tarifas sobre la mesa<\/h2>\n\n\n\n<p class=\"wp-block-paragraph\">En este contexto en septiembre arranca el esquema de&nbsp;<strong>segmentaci\u00f3n tarifaria&nbsp;<\/strong>perge\u00f1ado por el Gobierno, con&nbsp;<strong>quitas de subsidios<\/strong>&nbsp;en luz, gas y agua desde ese mismo mes para los consumos de los sectores de mayores ingresos, o una reducci\u00f3n en tres bimestres para perder la ayuda estatal hasta febrero de 2023.<\/p>\n\n\n\n<blockquote class=\"wp-block-quote is-layout-flow wp-block-quote-is-layout-flow\"><p>El Gobierno hoy se encuentra ante una decisi\u00f3n crucial entre mantener el ritmo de actividad a costo de seguir fogoneando la inflaci\u00f3n, o apretar el grifo con subas de tarifas, tasas de inter\u00e9s y menos importaciones, lo que empujar\u00e1 la actividad hacia una mayor recesi\u00f3n.&nbsp;<\/p><\/blockquote>\n\n\n\n<p class=\"wp-block-paragraph\">Como fuere, el golpe a los bolsillos se sentir\u00e1 y la&nbsp;<strong>ca\u00edda del consumo es un secreto a voces<\/strong>&nbsp;entre los empresarios, a partir de los nuevos cuadros tarifarios. No obstante, a\u00fan no est\u00e1 claro cu\u00e1ndo se completar\u00e1n todos los pasos necesarios para aplicar la quita de subsidios, como por ejemplo, notificar formalmente a los contribuyentes, informarles cu\u00e1les ser\u00e1n las nuevas tarifas, audiencias p\u00fablicas, etc.<\/p>\n\n\n\n<p class=\"wp-block-paragraph\">Con este panorama el Gobierno busca encarar el tramo final del a\u00f1o con el&nbsp;<strong>objetivo de estabilizar las principales variables<\/strong>, evitar una aceleraci\u00f3n inflacionaria y una nueva ampliaci\u00f3n de la brecha cambiaria. No es una alternativa sencilla, en momentos en que encienden&nbsp;<strong>luces amarillas en el frente sindical<\/strong>.<\/p>\n\n\n\n<p class=\"wp-block-paragraph\">La mayor\u00eda de los gremios cerraron<strong>\u00a0paritarias en torno al 60%<\/strong>\u00a0con cl\u00e1usula de revisi\u00f3n entre octubre y noviembre. Con inflaci\u00f3n en torno al 90%, ser\u00e1 dif\u00edcil desactivar la agenda gremial y evitar un traslado a precios de la eventual recomposici\u00f3n salarial, desatando un\u00a0<strong>nuevo giro inflacionario.<\/strong><\/p>\n\n\n\n<p class=\"wp-block-paragraph\">Fuente: <a href=\"https:\/\/www.mdzol.com\/\">Mendoza online<\/a><\/p>","protected":false},"excerpt":{"rendered":"<p>A s\u00f3lo tres jornadas h\u00e1biles de que finalice agosto y de que el ministro de Econom\u00eda,&nbsp;Sergio Massa, redondee su primer mes de gesti\u00f3n, la coyuntura muestra algunas&nbsp;pocas certezas y un mar de dudas&nbsp;de cara \u00faltimo cuarto del a\u00f1o.&nbsp; El principal logro de la nueva conducci\u00f3n del Palacio de Hacienda es haber generado una&nbsp;relativa sensaci\u00f3n de [&hellip;]<\/p>\n","protected":false},"author":9,"featured_media":0,"comment_status":"open","ping_status":"open","sticky":false,"template":"","format":"standard","meta":{"site-sidebar-layout":"default","site-content-layout":"","ast-site-content-layout":"default","site-content-style":"default","site-sidebar-style":"default","ast-global-header-display":"","ast-banner-title-visibility":"","ast-main-header-display":"","ast-hfb-above-header-display":"","ast-hfb-below-header-display":"","ast-hfb-mobile-header-display":"","site-post-title":"","ast-breadcrumbs-content":"","ast-featured-img":"","footer-sml-layout":"","ast-disable-related-posts":"","theme-transparent-header-meta":"","adv-header-id-meta":"","stick-header-meta":"","header-above-stick-meta":"","header-main-stick-meta":"","header-below-stick-meta":"","astra-migrate-meta-layouts":"default","ast-page-background-enabled":"default","ast-page-background-meta":{"desktop":{"background-color":"","background-image":"","background-repeat":"repeat","background-position":"center center","background-size":"auto","background-attachment":"scroll","background-type":"","background-media":"","overlay-type":"","overlay-color":"","overlay-opacity":"","overlay-gradient":""},"tablet":{"background-color":"","background-image":"","background-repeat":"repeat","background-position":"center center","background-size":"auto","background-attachment":"scroll","background-type":"","background-media":"","overlay-type":"","overlay-color":"","overlay-opacity":"","overlay-gradient":""},"mobile":{"background-color":"","background-image":"","background-repeat":"repeat","background-position":"center center","background-size":"auto","background-attachment":"scroll","background-type":"","background-media":"","overlay-type":"","overlay-color":"","overlay-opacity":"","overlay-gradient":""}},"ast-content-background-meta":{"desktop":{"background-color":"var(--ast-global-color-5)","background-image":"","background-repeat":"repeat","background-position":"center center","background-size":"auto","background-attachment":"scroll","background-type":"","background-media":"","overlay-type":"","overlay-color":"","overlay-opacity":"","overlay-gradient":""},"tablet":{"background-color":"var(--ast-global-color-5)","background-image":"","background-repeat":"repeat","background-position":"center center","background-size":"auto","background-attachment":"scroll","background-type":"","background-media":"","overlay-type":"","overlay-color":"","overlay-opacity":"","overlay-gradient":""},"mobile":{"background-color":"var(--ast-global-color-5)","background-image":"","background-repeat":"repeat","background-position":"center center","background-size":"auto","background-attachment":"scroll","background-type":"","background-media":"","overlay-type":"","overlay-color":"","overlay-opacity":"","overlay-gradient":""}},"footnotes":""},"categories":[2],"tags":[],"class_list":["post-69500","post","type-post","status-publish","format-standard","hentry","category-politica"],"spectra_blocks_featured_image_url":null,"spectra_blocks_author_info":{"display_name":"Jorge Alfredo Baret","avatar_url":"https:\/\/secure.gravatar.com\/avatar\/31696f5ca83439b642450ec7d3f82f98451a5efacb414343d5478c982b337f26?s=96&d=mm&r=g","author_link":"https:\/\/100xd.com.ar\/es\/author\/jorge\/","description":"Ingeniero Qu\u00edmico UTN - Director Apoderado de Comunicaciones Auditadas SA. Editor Responsable 100xd.com.ar."},"_links":{"self":[{"href":"https:\/\/100xd.com.ar\/es\/wp-json\/wp\/v2\/posts\/69500","targetHints":{"allow":["GET"]}}],"collection":[{"href":"https:\/\/100xd.com.ar\/es\/wp-json\/wp\/v2\/posts"}],"about":[{"href":"https:\/\/100xd.com.ar\/es\/wp-json\/wp\/v2\/types\/post"}],"author":[{"embeddable":true,"href":"https:\/\/100xd.com.ar\/es\/wp-json\/wp\/v2\/users\/9"}],"replies":[{"embeddable":true,"href":"https:\/\/100xd.com.ar\/es\/wp-json\/wp\/v2\/comments?post=69500"}],"version-history":[{"count":1,"href":"https:\/\/100xd.com.ar\/es\/wp-json\/wp\/v2\/posts\/69500\/revisions"}],"predecessor-version":[{"id":69502,"href":"https:\/\/100xd.com.ar\/es\/wp-json\/wp\/v2\/posts\/69500\/revisions\/69502"}],"wp:attachment":[{"href":"https:\/\/100xd.com.ar\/es\/wp-json\/wp\/v2\/media?parent=69500"}],"wp:term":[{"taxonomy":"category","embeddable":true,"href":"https:\/\/100xd.com.ar\/es\/wp-json\/wp\/v2\/categories?post=69500"},{"taxonomy":"post_tag","embeddable":true,"href":"https:\/\/100xd.com.ar\/es\/wp-json\/wp\/v2\/tags?post=69500"}],"curies":[{"name":"wp","href":"https:\/\/api.w.org\/{rel}","templated":true}]}}