{"id":69497,"date":"2022-08-29T11:32:27","date_gmt":"2022-08-29T14:32:27","guid":{"rendered":"https:\/\/100xd.com.ar\/?p=69497"},"modified":"2022-08-29T11:32:27","modified_gmt":"2022-08-29T14:32:27","slug":"envian-a-juicio-oral-a-empresarios-de-bahia-blanca-que-ayudaron-a-lazaro-baez-a-evadir-mas-de-673-millones","status":"publish","type":"post","link":"https:\/\/100xd.com.ar\/es\/envian-a-juicio-oral-a-empresarios-de-bahia-blanca-que-ayudaron-a-lazaro-baez-a-evadir-mas-de-673-millones\/","title":{"rendered":"Env\u00edan a juicio oral a empresarios de Bah\u00eda Blanca que ayudaron a L\u00e1zaro B\u00e1ez a evadir m\u00e1s de $673 millones"},"content":{"rendered":"\n<p class=\"wp-block-paragraph\">El&nbsp;<em>timing&nbsp;<\/em>fue exacto. Mientras la vicepresidenta<strong>&nbsp;Cristina Kirchner&nbsp;<\/strong><a href=\"https:\/\/www.lanacion.com.ar\/politica\/lo-que-dijo-y-lo-que-oculto-cristina-kirchner-en-su-discurso-de-defensa-nid23082022\/\">cargaba a trav\u00e9s de YouTube<\/a>&nbsp;contra jueces, fiscales, opositores y periodistas por la&nbsp;<a href=\"https:\/\/www.lanacion.com.ar\/politica\/el-fiscal-diego-luciani-le-contesto-al-presidente-y-dijo-que-incurrio-en-un-grave-avasallamiento-de-nid25082022\/\">causa Vialidad,&nbsp;<\/a>una de las investigaciones criminales&nbsp;<strong>m\u00e1s inc\u00f3modas para L\u00e1zaro B\u00e1ez y el kirchnerismo<\/strong>&nbsp;registr\u00f3 un paso sustancial, 635 kil\u00f3metros al sudoeste del Senado de la Naci\u00f3n.<\/p>\n\n\n\n<p class=\"wp-block-paragraph\">El fiscal federal con asiento en Bah\u00eda Blanca,&nbsp;<strong>Santiago Ulpiano Mart\u00ednez,&nbsp;<\/strong>pidi\u00f3 el martes la&nbsp;<strong>elevaci\u00f3n a juicio oral&nbsp;<\/strong>del&nbsp;<mark>grupo de empresarios que conform\u00f3 una asociaci\u00f3n il\u00edcita abocada a evadir tributos y lavar activos<\/mark>, y permiti\u00f3 as\u00ed que el presunto testaferro de los Kirchner defraudara al Estado nacional por m\u00e1s de&nbsp;<mark>$673 millones<\/mark>, seg\u00fan determin\u00f3 un peritaje oficial.<a href=\"https:\/\/www.lanacion.com.ar\/politica\/la-hora-mas-oscura-de-cristina-nid28082022\/\" target=\"_blank\" rel=\"noreferrer noopener\"><em><\/em>LA HORA M\u00c1S OSCURA DE CRISTINA KIRCHNER<\/a><\/p>\n\n\n\n<p class=\"wp-block-paragraph\">Con el pedido del fiscal en sus manos, el juez federal&nbsp;<strong>Walter L\u00f3pez da Silva&nbsp;<\/strong>evaluar\u00e1 ahora si eleva la investigaci\u00f3n a un tribunal oral o si, por el contrario, considera que quedan medidas de prueba pendientes en primera instancia.<\/p>\n\n\n\n<p class=\"wp-block-paragraph\">La pesquisa que se desarrolla en Bah\u00eda Blanca resulta clave para el&nbsp;<strong>entramado de expedientes que afrontan B\u00e1ez y los Kirchner.&nbsp;<\/strong>Entre otros motivos, porque podr\u00eda configurar el&nbsp;<mark>\u201cdelito precedente\u201d<\/mark>&nbsp;para las condenas dispuestas en la causa por la ruta del dinero K, y vincularse con la comisi\u00f3n de otros il\u00edcitos investigados en las causas Vialidad y Hotesur-Los Sauces.<\/p>\n\n\n\n<p class=\"wp-block-paragraph\">El fiscal Mart\u00ednez consider\u00f3 que ya<strong>&nbsp;\u201cse encuentra debidamente acreditado\u201d<\/strong>&nbsp;que un pu\u00f1ado de empresarios locales \u2013<strong>Franco, Enzo y Silvio Luis Ficcadenti, y Jos\u00e9 Antonio, Denis Ariel y Franco Nicolas Ferreyra<\/strong>, adem\u00e1s del contador&nbsp;<strong>Rogelio Chanquia<\/strong>\u2013 formaban parte como \u201cmiembros, de una organizaci\u00f3n tendiente a generar un entramado societario para&nbsp;<mark>emitir facturaci\u00f3n total o parcialmente ap\u00f3crifa<\/mark>&nbsp;de la que se beneficiaba, como empresa \u2018usuaria\u2019 Austral Construcciones SA\u201d, por lo que ser\u00edan \u201cautores\u201d de una asociaci\u00f3n il\u00edcita fiscal.<\/p>\n\n\n\n<p class=\"wp-block-paragraph\">De prosperar la petici\u00f3n de la Fiscal\u00eda, la investigaci\u00f3n criminal podr\u00eda, al fin, remitirse a la instancia oral, tras una instrucci\u00f3n que se extendi\u00f3 ocho a\u00f1os y pas\u00f3 por las manos de varios jueces y fiscales, adem\u00e1s de registrar todo tipo de turbulencias, como el viraje de la&nbsp;<strong>Unidad de Informaci\u00f3n Financiera (UIF)&nbsp;<\/strong>y de la&nbsp;<strong>Administraci\u00f3n Federal de Ingresos P\u00fablicos (AFIP)<\/strong>,<strong>&nbsp;<\/strong>que dejaron de impulsar la pesquisa contra todos los sospechosos.<\/p>\n\n\n\n<p class=\"wp-block-paragraph\">El giro de la AFIP, como tambi\u00e9n de la UIF, sorprendi\u00f3 en los tribunales bahienses. Entre otros motivos, porque&nbsp;<strong>sus abogados hab\u00edan requerido a la C\u00e1mara Federal<\/strong>&nbsp;que confirmara todos los procesamientos, incluido el de L\u00e1zaro B\u00e1ez. Pero luego volvi\u00f3 sobre sus pasos.<\/p>\n\n\n\n<p class=\"wp-block-paragraph\">El propio B\u00e1ez pas\u00f3 as\u00ed de quedar procesado en el expediente como&nbsp;<strong>presunto jefe de esa asociaci\u00f3n il\u00edcita fiscal&nbsp;<\/strong>\u2013en la que tambi\u00e9n habr\u00eda participado su hijo Mart\u00edn\u2013&nbsp;<strong>a ser tomado como su mero beneficiario<\/strong>, por lo que se revoc\u00f3 su procesamiento, aunque todav\u00eda afronta otra investigaci\u00f3n por presunta evasi\u00f3n vinculada a facturas truchas. Tramita en Buenos Aires, ante el juez en lo penal econ\u00f3mico, Javier L\u00f3pez Biscayart.<\/p>\n\n\n\n<figure data-spectra-id=\"spectra-f96dff97-a1ef-42af-8bc3-3d276dc250af\" class=\"wp-block-image\"><img decoding=\"async\" src=\"https:\/\/resizer.glanacion.com\/resizer\/9ze8fv-dSFunxGniYIhI7J2M9Tg=\/310x0\/filters:format(webp):quality(80)\/cloudfront-us-east-1.images.arcpublishing.com\/lanacionar\/QVUH5GAAWBBH7DFFB7TE2DB6QU.jpg\" alt=\"El giro de la Unidad de Informaci\u00f3n Financiera (UIF) sorprendi\u00f3 en los tribunales de Bah\u00eda Blanca\" title=\"Env\u00edan a juicio oral a empresarios de Bah\u00eda Blanca que ayudaron a L\u00e1zaro B\u00e1ez a evadir m\u00e1s de $673 millones\" \/><figcaption>El giro de la Unidad de Informaci\u00f3n Financiera (UIF) sorprendi\u00f3 en los tribunales de Bah\u00eda Blanca<\/figcaption><\/figure>\n\n\n\n<p class=\"wp-block-paragraph\">En la misma l\u00ednea, en Bah\u00eda Blanca tambi\u00e9n se cerr\u00f3 la investigaci\u00f3n por los delitos que habr\u00edan cometido&nbsp;<strong>funcionarios y empleados de la Regional de la AFIP&nbsp;<\/strong>en esa ciudad&nbsp;<mark>durante la gesti\u00f3n de Ricardo Echegaray para proteger a B\u00e1ez<\/mark>&nbsp;y la usina de facturas ap\u00f3crifas. La Justicia bahiense concluy\u00f3 que se trataba de \u201ccosa juzgada\u201d porque los acusados ya hab\u00edan sido beneficiados por un cuestionado sobreseimiento que firm\u00f3 el juez federal Norberto Oyarbide el 7 y 9 de diciembre de 2015. Es decir, cuando restaban horas para que Cristina Kirchner concluyera su mandato presidencial.<\/p>\n\n\n\n<h2 class=\"wp-block-heading\">\u201cSin capacidad econ\u00f3mica\u201d<\/h2>\n\n\n\n<p class=\"wp-block-paragraph\">Desde su inicio en 2014, tras una investigaci\u00f3n de&nbsp;<strong>LA NACION<\/strong>, la tramitaci\u00f3n del expediente judicial afront\u00f3 m\u00faltiples dificultades en Bah\u00eda Blanca. Provoc\u00f3 incluso que Echegaray ordenara el cierre de la Regional del organismo en esa ciudad, algo que la C\u00e1mara Federal consider\u00f3 que no logr\u00f3 probarse en el expediente. Y dej\u00f3 en evidencia la pasividad para investigar de los fiscales federales<strong>&nbsp;Antonio Casta\u00f1o&nbsp;<\/strong>y su superior,&nbsp;<strong>Alejandro Cantaro<\/strong>, luego procesado por la presunta protecci\u00f3n que habr\u00eda brindado a una banda narco.<\/p>\n\n\n\n<p class=\"wp-block-paragraph\">Ahora, ya sin B\u00e1ez ni el personal de la AFIP entre los acusados, el fiscal Mart\u00ednez consider\u00f3 que los responsables de los grupos Ficcadenti y Ferreyra, m\u00e1s el contador Chanqu\u00eda,&nbsp;<strong>cometieron y ayudaron a B\u00e1ez a evadir impuestos<\/strong>&nbsp;\u201cal menos desde 2007 en adelante\u201d, con el supuesto apoyo de la poderosa financiera local Crediba.<a href=\"https:\/\/www.lanacion.com.ar\/politica\/el-insolito-graffiti-en-lenguaje-inclusivo-que-pintaron-frente-a-la-casa-de-cristina-kirchner-nid28082022\/\" target=\"_blank\" rel=\"noreferrer noopener\"><em><\/em>EL GRAFFITI EN \u201cLENGUAJE INCLUSIVO\u201d QUE PINTARON FRENTE A LA CASA DE CRISTINA KIRCHNER<\/a><\/p>\n\n\n\n<p class=\"wp-block-paragraph\">\u201cAs\u00ed \u2013remarc\u00f3 la Fiscal\u00eda\u2013, en el orden de la&nbsp;<strong>maniobra delictual&nbsp;<\/strong>que es objeto de esta pesquisa, Austral Construcciones SA, surgir\u00eda como usuaria de las facturas emitidas por cuatro de las empresas involucradas y denominadas \u2018sin capacidad econ\u00f3mica\u2019\u201d. En otras palabras, que&nbsp;<mark>un grupo de empresas y sociedades simularon prestarle servicios a Austral Construcciones, por cientos de millones de pesos, para que pudiera extraer esos fondos de sus balances y disponer de ellos, sin restricciones, desde las sombras<\/mark>.<\/p>\n\n\n\n<p class=\"wp-block-paragraph\">De ser hallados culpables, los Ferreyra, los Ficcadenti y el contador Chanqu\u00eda\u00a0<strong>afrontar\u00edan penas de tres a\u00f1os y seis meses a diez a\u00f1os de prisi\u00f3n efectiva.\u00a0<\/strong>\u201cCada uno de los imputados ha tomado parte activa en beneficio de la asociaci\u00f3n \u2013destac\u00f3 el fiscal Mart\u00ednez\u2013, configur\u00e1ndose as\u00ed una comunidad de prop\u00f3sito delictivo, que se ha exteriorizado a trav\u00e9s de la contribuci\u00f3n de cada uno a la constituci\u00f3n de las sociedades, impresi\u00f3n de comprobantes, punto de contacto externo, la comercializaci\u00f3n de las facturas, los tramites de ida y vuelta de cheques, cobros, etc\u00e9tera, m\u00e1s all\u00e1 del lucro efectivo que les retornaba a cada uno, participando as\u00ed de la evasi\u00f3n fiscal agravada de los usuarios [por los B\u00e1ez con Austral Construcciones] de dichos soportes ap\u00f3crifos\u201d.<\/p>\n\n\n\n<p class=\"wp-block-paragraph\"><a href=\"https:\/\/www.lanacion.com.ar\/autor\/hugo-alconada-mon-97\/\">Hugo Alconada Mon<\/a><\/p>\n\n\n\n<p class=\"wp-block-paragraph\">Fuente:<a href=\"https:\/\/www.lanacion.com.ar\/\"> La Naci\u00f3n<\/a><\/p>\n","protected":false},"excerpt":{"rendered":"<p>El&nbsp;timing&nbsp;fue exacto. Mientras la vicepresidenta&nbsp;Cristina Kirchner&nbsp;cargaba a trav\u00e9s de YouTube&nbsp;contra jueces, fiscales, opositores y periodistas por la&nbsp;causa Vialidad,&nbsp;una de las investigaciones criminales&nbsp;m\u00e1s inc\u00f3modas para L\u00e1zaro B\u00e1ez y el kirchnerismo&nbsp;registr\u00f3 un paso sustancial, 635 kil\u00f3metros al sudoeste del Senado de la Naci\u00f3n. El fiscal federal con asiento en Bah\u00eda Blanca,&nbsp;Santiago Ulpiano Mart\u00ednez,&nbsp;pidi\u00f3 el martes la&nbsp;elevaci\u00f3n a [&hellip;]<\/p>\n","protected":false},"author":9,"featured_media":0,"comment_status":"open","ping_status":"open","sticky":false,"template":"","format":"standard","meta":{"site-sidebar-layout":"default","site-content-layout":"","ast-site-content-layout":"default","site-content-style":"default","site-sidebar-style":"default","ast-global-header-display":"","ast-banner-title-visibility":"","ast-main-header-display":"","ast-hfb-above-header-display":"","ast-hfb-below-header-display":"","ast-hfb-mobile-header-display":"","site-post-title":"","ast-breadcrumbs-content":"","ast-featured-img":"","footer-sml-layout":"","ast-disable-related-posts":"","theme-transparent-header-meta":"","adv-header-id-meta":"","stick-header-meta":"","header-above-stick-meta":"","header-main-stick-meta":"","header-below-stick-meta":"","astra-migrate-meta-layouts":"default","ast-page-background-enabled":"default","ast-page-background-meta":{"desktop":{"background-color":"","background-image":"","background-repeat":"repeat","background-position":"center center","background-size":"auto","background-attachment":"scroll","background-type":"","background-media":"","overlay-type":"","overlay-color":"","overlay-opacity":"","overlay-gradient":""},"tablet":{"background-color":"","background-image":"","background-repeat":"repeat","background-position":"center center","background-size":"auto","background-attachment":"scroll","background-type":"","background-media":"","overlay-type":"","overlay-color":"","overlay-opacity":"","overlay-gradient":""},"mobile":{"background-color":"","background-image":"","background-repeat":"repeat","background-position":"center center","background-size":"auto","background-attachment":"scroll","background-type":"","background-media":"","overlay-type":"","overlay-color":"","overlay-opacity":"","overlay-gradient":""}},"ast-content-background-meta":{"desktop":{"background-color":"var(--ast-global-color-5)","background-image":"","background-repeat":"repeat","background-position":"center center","background-size":"auto","background-attachment":"scroll","background-type":"","background-media":"","overlay-type":"","overlay-color":"","overlay-opacity":"","overlay-gradient":""},"tablet":{"background-color":"var(--ast-global-color-5)","background-image":"","background-repeat":"repeat","background-position":"center center","background-size":"auto","background-attachment":"scroll","background-type":"","background-media":"","overlay-type":"","overlay-color":"","overlay-opacity":"","overlay-gradient":""},"mobile":{"background-color":"var(--ast-global-color-5)","background-image":"","background-repeat":"repeat","background-position":"center center","background-size":"auto","background-attachment":"scroll","background-type":"","background-media":"","overlay-type":"","overlay-color":"","overlay-opacity":"","overlay-gradient":""}},"footnotes":""},"categories":[12],"tags":[],"class_list":["post-69497","post","type-post","status-publish","format-standard","hentry","category-opinion"],"spectra_blocks_featured_image_url":null,"spectra_blocks_author_info":{"display_name":"Jorge Alfredo Baret","avatar_url":"https:\/\/secure.gravatar.com\/avatar\/31696f5ca83439b642450ec7d3f82f98451a5efacb414343d5478c982b337f26?s=96&d=mm&r=g","author_link":"https:\/\/100xd.com.ar\/es\/author\/jorge\/","description":"Ingeniero Qu\u00edmico UTN - Director Apoderado de Comunicaciones Auditadas SA. Editor Responsable 100xd.com.ar."},"_links":{"self":[{"href":"https:\/\/100xd.com.ar\/es\/wp-json\/wp\/v2\/posts\/69497","targetHints":{"allow":["GET"]}}],"collection":[{"href":"https:\/\/100xd.com.ar\/es\/wp-json\/wp\/v2\/posts"}],"about":[{"href":"https:\/\/100xd.com.ar\/es\/wp-json\/wp\/v2\/types\/post"}],"author":[{"embeddable":true,"href":"https:\/\/100xd.com.ar\/es\/wp-json\/wp\/v2\/users\/9"}],"replies":[{"embeddable":true,"href":"https:\/\/100xd.com.ar\/es\/wp-json\/wp\/v2\/comments?post=69497"}],"version-history":[{"count":1,"href":"https:\/\/100xd.com.ar\/es\/wp-json\/wp\/v2\/posts\/69497\/revisions"}],"predecessor-version":[{"id":69499,"href":"https:\/\/100xd.com.ar\/es\/wp-json\/wp\/v2\/posts\/69497\/revisions\/69499"}],"wp:attachment":[{"href":"https:\/\/100xd.com.ar\/es\/wp-json\/wp\/v2\/media?parent=69497"}],"wp:term":[{"taxonomy":"category","embeddable":true,"href":"https:\/\/100xd.com.ar\/es\/wp-json\/wp\/v2\/categories?post=69497"},{"taxonomy":"post_tag","embeddable":true,"href":"https:\/\/100xd.com.ar\/es\/wp-json\/wp\/v2\/tags?post=69497"}],"curies":[{"name":"wp","href":"https:\/\/api.w.org\/{rel}","templated":true}]}}