{"id":69382,"date":"2022-08-26T15:09:53","date_gmt":"2022-08-26T18:09:53","guid":{"rendered":"https:\/\/100xd.com.ar\/?p=69382"},"modified":"2022-08-26T15:09:53","modified_gmt":"2022-08-26T18:09:53","slug":"causa-vialidad-usar-el-senado-como-guarida-de-la-sinrazon","status":"publish","type":"post","link":"https:\/\/100xd.com.ar\/es\/causa-vialidad-usar-el-senado-como-guarida-de-la-sinrazon\/","title":{"rendered":"Causa Vialidad: usar el Senado como guarida de la sinraz\u00f3n"},"content":{"rendered":"<p class=\"wp-block-paragraph\">Hace casi 40 a\u00f1os la Argentina retomaba el camino hacia la vida democr\u00e1tica. La sociedad se conmovi\u00f3 entonces ante un candidato que ofrec\u00eda vivir seg\u00fan las reglas establecidas en la Constituci\u00f3n nacional. El Pre\u00e1mbulo y los valores en ella establecidos fueron la hoja de ruta de una rep\u00fablica que recuperaba las instituciones. Un hito fundamental de ese pasado fue el alegato final del fiscal&nbsp;<strong>Julio Cesar Strassera<\/strong>&nbsp;en el juicio a las Juntas, en diciembre de 1985. Repiti\u00f3 ese d\u00eda el \u201c<strong>Nunca m\u00e1s<\/strong>\u201d con la humildad de se\u00f1alar que la frase no le pertenec\u00eda ya que, como dijo, es patrimonio del pueblo argentino.<\/p>\n\n\n\n<p class=\"wp-block-paragraph\">Hay muchas razones para recordar la trascendencia de la imagen del fiscal Strassera frente al tribunal y a los integrantes de las Juntas requiriendo las condenas luego de un juicio que hab\u00eda insumido hasta entonces dos a\u00f1os.<\/p>\n\n\n\n<p class=\"wp-block-paragraph\">Hoy, la valiente y loable intervenci\u00f3n de los fiscales&nbsp;<strong>Diego Luciani&nbsp;<\/strong>y&nbsp;<strong>Sergio Mola<\/strong>&nbsp;en la causa conocida como&nbsp;<mark>Vialidad<\/mark>&nbsp;es el \u00faltimo eslab\u00f3n de un proceso que lleva seis a\u00f1os. Ya en 2016, el juez&nbsp;<strong>Juli\u00e1n Ercolini<\/strong>, en una resoluci\u00f3n de 794 p\u00e1ginas, orden\u00f3 procesar a&nbsp;<strong>Cristina Kirchner<\/strong>&nbsp;por considerarla&nbsp;<em>prima facie&nbsp;<\/em>coautora penalmente responsable del delito de asociaci\u00f3n il\u00edcita en concurso real con el de administraci\u00f3n fraudulenta agravada por haberse cometido en perjuicio de la administraci\u00f3n p\u00fablica.<\/p>\n\n\n\n<p class=\"wp-block-paragraph\">La historia que sigui\u00f3 al procesamiento es conocida. Apelaciones, incidencias, audiencias, recusaciones, idas y venidas entre todas las instancias judiciales, incluida la&nbsp;<strong>Corte Suprema<\/strong>, con la evidente finalidad de dilatar el juicio en lugar de aportar pruebas para demostrar su inocencia.<\/p>\n\n\n\n<blockquote class=\"wp-block-quote is-layout-flow wp-block-quote-is-layout-flow\"><p>Resulta preocupante que, por ceguera ideol\u00f3gica, tantos personeros del kirchnerismo est\u00e9n llamando a la poblaci\u00f3n a alzarse contra las leyes y la rep\u00fablica<\/p><\/blockquote>\n\n\n\n<p class=\"wp-block-paragraph\">Ayer, bajo la pueril excusa de no poder hablar ante el tribunal,&nbsp;<mark>Cristina Kirchner realiz\u00f3 una provocadora defensa medi\u00e1tica<\/mark>&nbsp;luego de conocido el fundado alegato de los fiscales, que pidieron para ella una pena de 12 a\u00f1os de prisi\u00f3n e inhabilitaci\u00f3n de por vida para ejercer cargos p\u00fablicos. Se trat\u00f3 de&nbsp;<mark>una simple muestra de desesperaci\u00f3n frente a las pruebas que abundan en la causa<\/mark>. Fue una tan inexplicable como exultante muestra de poder realizada desde el Senado de la Naci\u00f3n, lugar que no deber\u00eda utilizar para defenderse de delitos de corrupci\u00f3n.<strong>&nbsp;La C\u00e1mara alta no puede ser la guarida desde la cual cuestionar a la Justicia en su propio beneficio.<\/strong><\/p>\n\n\n\n<p class=\"wp-block-paragraph\">Cristina Kirchner no pudo rebatir hasta ahora ni las pruebas ni las conclusiones legales de los fiscales ni ning\u00fan aspecto de este juicio que intent\u00f3 retrasar y bloquear mediante la presentaci\u00f3n de un sinf\u00edn de chicanas.<mark>&nbsp;Le queda todav\u00eda la etapa de alegato de las defensas y la posibilidad de volver a hablar hacia el final del tr\u00e1mite judicial. Pero prefiere desviar el foco<\/mark>. Solo se ocup\u00f3 ayer, una vez m\u00e1s, de lanzar incriminaciones pol\u00edticas inconsistentes, de victimizarse, de mostrar que, si en algo le interesa la Justicia, es para poder someterla a sus arbitrios, no para preservarla como el poder independiente que es.<\/p>\n\n\n\n<p class=\"wp-block-paragraph\">As\u00ed como aquel \u201cNunca m\u00e1s \u201cde Strassera, quedar\u00e1 en la memoria colectiva la conclusi\u00f3n de Luciani: \u201c<strong>Se\u00f1ores jueces, es corrupci\u00f3n o justicia<\/strong>\u201d.<\/p>\n\n\n\n<p class=\"wp-block-paragraph\">La inclusi\u00f3n del delito de corrupci\u00f3n y de la lucha contra la impunidad en el poder ha sido central en la Constituci\u00f3n nacional reformada en 1994. Su art\u00edculo 36 sostiene claramente: \u201cAtentar\u00e1 contra el sistema democr\u00e1tico quien incurriere en grave delito doloso contra el Estado que conlleve enriquecimiento, quedando inhabilitado por el tiempo que las leyes determinen para ocupar cargos o empleos p\u00fablicos\u201d.<\/p>\n\n\n\n<p class=\"wp-block-paragraph\">Cristina Kirchner conoce perfectamente el valor de esa cl\u00e1usula porque fue convencional reformadora en 1994. Sin embargo,&nbsp;<mark>hoy la desprecia por el simple hecho de que la acusada es ella<\/mark>. No defiende la Constituci\u00f3n ni las leyes, sino que se defiende a s\u00ed misma. Ella no se percibe como una ciudadana m\u00e1s, sino como privilegiada. Protestar ahora medi\u00e1ticamente porque los jueces no la dejaron declarar cuando legalmente ya no correspond\u00eda hacerlo en esta parte del proceso da la pauta del imaginario escal\u00f3n donde pretende situarse respecto del resto de los mortales.<\/p>\n\n\n\n<p class=\"wp-block-paragraph\">Haber sostenido que esta causa en la que est\u00e1 procesada como jefa de una asociaci\u00f3n il\u00edcita responsable de defraudaci\u00f3n al Estado es \u201c<mark>un juicio contra todo el peronismo<\/mark>\u201d es un mensaje m\u00e1s para el adentro de su partido que para el afuera: necesita que sus compa\u00f1eros de ruta apuntalen su tergiversaci\u00f3n de los hechos, apa\u00f1ando el burdo invento conceptual del&nbsp;<em>lawfare<\/em>, victimiz\u00e1ndose junto con ella y denunciando proscripci\u00f3n. En ese sentido estuvo orientado el tan escandaloso como absurdo comunicado del presidente de la Naci\u00f3n,&nbsp;<strong>Alberto Fern\u00e1ndez<\/strong>, condenando la supuesta persecuci\u00f3n judicial y medi\u00e1tica contra la vicepresidenta.&nbsp;<mark>Fern\u00e1ndez tampoco respeta la Constituci\u00f3n<\/mark>, cuyo art\u00edculo 109 dispone que \u201cen ning\u00fan caso el presidente de la Naci\u00f3n puede ejercer funciones judiciales, arrogarse el conocimiento de causas pendientes o restablecer las fenecidas\u201d. Igual que su mentora pol\u00edtica, el jefe del Estado violenta la divisi\u00f3n de poderes y miente. \u00bf<mark>O, acaso, est\u00e1 cimentando el camino para otorgar un eventual indulto<\/mark>?<\/p>\n\n\n\n<p class=\"wp-block-paragraph\">No pueden menos que condenarse tambi\u00e9n los t\u00e9rminos en los que se expres\u00f3 el ministro de Econom\u00eda,&nbsp;<strong>Sergio Massa<\/strong>, tras conocer el pronunciamiento de los fiscales. Dijo que \u201cestamos ante un peligroso antecedente para la pol\u00edtica, los empresarios y aquellos que tienen dependientes\u201d.&nbsp;<mark>Peligroso es que esos \u201cdependientes\u201d del poder de turno puedan delinquir amparados por quienes los dejan hacer para cobrar su tajada<\/mark>. Algo que tanto Massa como Alberto Fern\u00e1ndez denunciaban con el dedo en alto respecto del kirchnerismo antes de volver al redil, con indisimulables ansias de poder absoluto y una progresiva amnesia pol\u00edtica.<\/p>\n\n\n\n<p class=\"wp-block-paragraph\">Las investigaciones de la Justicia hasta el momento dieron como resultado, entre otras cuestiones, que el patrimonio del seudoempresario L\u00e1zaro B\u00e1ez creci\u00f3 12.000 por ciento entre 2004 y 2015, y que el de Austral Construcciones lo hizo en un 46.000 por ciento mediante la adjudicaci\u00f3n de contratos direccionados en su beneficio por el matrimonio Kirchner durante sus presidencias consecutivas. \u00bfQu\u00e9 demostr\u00f3 la vicepresidenta para contrarrestar o desmentir esas pruebas? Nada contundente que se sepa hasta ahora. Solo ataques a la oposici\u00f3n y a la prensa independiente,&nbsp;<mark>cargados de inexactitudes y de furia, mucha furia<\/mark>. Un sentimiento que Cristina Kirchner y sus laderos esperan proyectar y mantener en alto en las calles, como se vio durante las \u00faltimas horas, incluso con agresiones de sus seguidores a la polic\u00eda, que, como es su deber, trataba de evitar desmanes de parte de quienes alimentan el odio y el resentimiento. Las declaraciones de&nbsp;<strong>Hebe de Bonafini<\/strong>&nbsp;y de otros tantos personeros del kirchnerismo llamando a un alzamiento contra la Corte y la Constituci\u00f3n resultan tan aberrantes como peligrosas y&nbsp;<mark>desnudan la ceguera ideol\u00f3gica y las conveniencias personales que les impiden apreciar la verdad.<\/mark><\/p>\n\n\n\n<p class=\"wp-block-paragraph\">No es verdad, como dijo Cristina Kirchner en diciembre de 2019 cuando le toc\u00f3 declarar en este juicio, que a ella ya la hab\u00eda absuelto la historia. Para que eso ocurra, tras un juicio justo y procesalmente incuestionable, primero deber\u00e1n expedirse los jueces.<\/p>\n\n\n\n<p class=\"wp-block-paragraph\"><mark>Estamos ante un momento bisagra de nuestra historia como pa\u00eds<\/mark>. Como bien ha dicho el fiscal Luciani en su alegato, \u201c<mark>una sentencia ejemplar puede ser el primer paso para restaurar la confianza de la sociedad en las instituciones<\/mark>\u201d.<\/p>\n\n\n\n<p class=\"wp-block-paragraph\">Como ciudadanos, desde el lugar que cada uno ocupa, debemos exigir a nuestros representantes el sometimiento absoluto a las normas. Perseguir la verdad defendiendo las instituciones es consolidar la democracia. Corrupci\u00f3n hubo siempre. Lo que como sociedad no podemos permitir es que reine la impunidad.<\/p>\n\n\n\n<p class=\"wp-block-paragraph\">Fuente:<a href=\"https:\/\/www.lanacion.com.ar\/\"> La Naci\u00f3n<\/a><\/p>","protected":false},"excerpt":{"rendered":"<p>Hace casi 40 a\u00f1os la Argentina retomaba el camino hacia la vida democr\u00e1tica. La sociedad se conmovi\u00f3 entonces ante un candidato que ofrec\u00eda vivir seg\u00fan las reglas establecidas en la Constituci\u00f3n nacional. El Pre\u00e1mbulo y los valores en ella establecidos fueron la hoja de ruta de una rep\u00fablica que recuperaba las instituciones. Un hito fundamental [&hellip;]<\/p>\n","protected":false},"author":9,"featured_media":0,"comment_status":"open","ping_status":"open","sticky":false,"template":"","format":"standard","meta":{"site-sidebar-layout":"default","site-content-layout":"","ast-site-content-layout":"default","site-content-style":"default","site-sidebar-style":"default","ast-global-header-display":"","ast-banner-title-visibility":"","ast-main-header-display":"","ast-hfb-above-header-display":"","ast-hfb-below-header-display":"","ast-hfb-mobile-header-display":"","site-post-title":"","ast-breadcrumbs-content":"","ast-featured-img":"","footer-sml-layout":"","ast-disable-related-posts":"","theme-transparent-header-meta":"","adv-header-id-meta":"","stick-header-meta":"","header-above-stick-meta":"","header-main-stick-meta":"","header-below-stick-meta":"","astra-migrate-meta-layouts":"default","ast-page-background-enabled":"default","ast-page-background-meta":{"desktop":{"background-color":"","background-image":"","background-repeat":"repeat","background-position":"center center","background-size":"auto","background-attachment":"scroll","background-type":"","background-media":"","overlay-type":"","overlay-color":"","overlay-opacity":"","overlay-gradient":""},"tablet":{"background-color":"","background-image":"","background-repeat":"repeat","background-position":"center center","background-size":"auto","background-attachment":"scroll","background-type":"","background-media":"","overlay-type":"","overlay-color":"","overlay-opacity":"","overlay-gradient":""},"mobile":{"background-color":"","background-image":"","background-repeat":"repeat","background-position":"center center","background-size":"auto","background-attachment":"scroll","background-type":"","background-media":"","overlay-type":"","overlay-color":"","overlay-opacity":"","overlay-gradient":""}},"ast-content-background-meta":{"desktop":{"background-color":"var(--ast-global-color-5)","background-image":"","background-repeat":"repeat","background-position":"center center","background-size":"auto","background-attachment":"scroll","background-type":"","background-media":"","overlay-type":"","overlay-color":"","overlay-opacity":"","overlay-gradient":""},"tablet":{"background-color":"var(--ast-global-color-5)","background-image":"","background-repeat":"repeat","background-position":"center center","background-size":"auto","background-attachment":"scroll","background-type":"","background-media":"","overlay-type":"","overlay-color":"","overlay-opacity":"","overlay-gradient":""},"mobile":{"background-color":"var(--ast-global-color-5)","background-image":"","background-repeat":"repeat","background-position":"center center","background-size":"auto","background-attachment":"scroll","background-type":"","background-media":"","overlay-type":"","overlay-color":"","overlay-opacity":"","overlay-gradient":""}},"footnotes":""},"categories":[149],"tags":[],"class_list":["post-69382","post","type-post","status-publish","format-standard","hentry","category-entrevistas"],"spectra_blocks_featured_image_url":null,"spectra_blocks_author_info":{"display_name":"Jorge Alfredo Baret","avatar_url":"https:\/\/secure.gravatar.com\/avatar\/31696f5ca83439b642450ec7d3f82f98451a5efacb414343d5478c982b337f26?s=96&d=mm&r=g","author_link":"https:\/\/100xd.com.ar\/es\/author\/jorge\/","description":"Ingeniero Qu\u00edmico UTN - Director Apoderado de Comunicaciones Auditadas SA. Editor Responsable 100xd.com.ar."},"_links":{"self":[{"href":"https:\/\/100xd.com.ar\/es\/wp-json\/wp\/v2\/posts\/69382","targetHints":{"allow":["GET"]}}],"collection":[{"href":"https:\/\/100xd.com.ar\/es\/wp-json\/wp\/v2\/posts"}],"about":[{"href":"https:\/\/100xd.com.ar\/es\/wp-json\/wp\/v2\/types\/post"}],"author":[{"embeddable":true,"href":"https:\/\/100xd.com.ar\/es\/wp-json\/wp\/v2\/users\/9"}],"replies":[{"embeddable":true,"href":"https:\/\/100xd.com.ar\/es\/wp-json\/wp\/v2\/comments?post=69382"}],"version-history":[{"count":1,"href":"https:\/\/100xd.com.ar\/es\/wp-json\/wp\/v2\/posts\/69382\/revisions"}],"predecessor-version":[{"id":69384,"href":"https:\/\/100xd.com.ar\/es\/wp-json\/wp\/v2\/posts\/69382\/revisions\/69384"}],"wp:attachment":[{"href":"https:\/\/100xd.com.ar\/es\/wp-json\/wp\/v2\/media?parent=69382"}],"wp:term":[{"taxonomy":"category","embeddable":true,"href":"https:\/\/100xd.com.ar\/es\/wp-json\/wp\/v2\/categories?post=69382"},{"taxonomy":"post_tag","embeddable":true,"href":"https:\/\/100xd.com.ar\/es\/wp-json\/wp\/v2\/tags?post=69382"}],"curies":[{"name":"wp","href":"https:\/\/api.w.org\/{rel}","templated":true}]}}