{"id":68568,"date":"2022-08-08T11:18:25","date_gmt":"2022-08-08T14:18:25","guid":{"rendered":"https:\/\/100xd.com.ar\/?p=68568"},"modified":"2022-08-08T11:38:49","modified_gmt":"2022-08-08T14:38:49","slug":"cristina-kirchner-recuso-al-fiscal-diego-luciani-y-al-juez-rodrigo-gimenez-uriburu","status":"publish","type":"post","link":"https:\/\/100xd.com.ar\/es\/cristina-kirchner-recuso-al-fiscal-diego-luciani-y-al-juez-rodrigo-gimenez-uriburu\/","title":{"rendered":"Cristina Kirchner recus\u00f3 al fiscal Diego Luciani y al juez Rodrigo Gim\u00e9nez Uriburu"},"content":{"rendered":"<p class=\"wp-block-paragraph\">La vicepresidenta&nbsp;<a target=\"_blank\" href=\"https:\/\/www.perfil.com\/noticias\/politica\/cristina-kirchner-denuncio-que-juez-y-fiscal-juegan-en-el-mismo-equipo-el-poder-judicial-argentino-apesta.phtml\" rel=\"noreferrer noopener\"><strong>Cristina Fern\u00e1ndez de Kirchner<\/strong><\/a>&nbsp;recus\u00f3 al fiscal<strong>&nbsp;<a target=\"_blank\" href=\"https:\/\/www.perfil.com\/noticias\/politica\/quien-es-diego-luciani-fiscal-apunto-cristina-kirchner-causa-obra-publica.phtml\" rel=\"noreferrer noopener\">Diego Luciani<\/a><\/strong>&nbsp;y al juez<strong>&nbsp;Rodrigo Gim\u00e9nez Uriburu<\/strong>, uno de los integrantes del Tribunal Oral Federal 2 que la someten a juicio por irregularidades en la obra p\u00fablica.<\/p>\n\n\n\n<p class=\"wp-block-paragraph\">La presentaci\u00f3n fue realizada&nbsp; por el abogado&nbsp;<strong>Carlos Beraldi<\/strong>&nbsp;momentos antes que el fiscal reanude sus alegatos, a ra\u00edz de una tapa del diario&nbsp;<em>P\u00e1gina\/12<\/em>&nbsp;que da cuenta de que, tanto el fiscal como el juez, jugaron partidos de f\u00fatbol con funcionarios vinculados al macrismo.<\/p>\n\n\n\n<p class=\"wp-block-paragraph\">El planteo seguido por la defensa de la Vicepresidenta va en l\u00ednea con lo que ella misma viene sosteniendo sobre la existencia del &#8220;<a target=\"_blank\" href=\"https:\/\/www.perfil.com\/noticias\/politica\/jorge-lanata-aca-no-hay-lawfare-hay-licitaciones-complicidad-de-maximo-y-de-cristina-como-jefa-de-una-organizacion-ilicita.phtml\" rel=\"noreferrer noopener\"><strong><em>lawfare<\/em><\/strong><\/a>&#8220;, una suerte de complot entre el Poder Judicial y la oposici\u00f3n para armarle causas.<\/p>\n\n\n\n<p class=\"wp-block-paragraph\">&#8220;Impulsar una causa como Fiscal para que la resuelva un&nbsp;<strong>Juez amigo<\/strong>&nbsp;no es un comportamiento inocuo desde el punto de vista legal, m\u00e1xime cuando se trata de un representante del Ministerio P\u00fablico que tanto hincapi\u00e9 hace sobre la necesidad de resguardar la transparencia en el ejercicio de la cosa p\u00fablica&#8221;, comenz\u00f3 Beraldi en su planteo.https:\/\/drive.google.com\/file\/d\/1CaJlMluqPnHezfzUGJ7qZYrjRSzEgFcs\/preview<\/p>\n\n\n\n<p class=\"wp-block-paragraph\">Beraldi mencion\u00f3 que el partido de f\u00fatbol del equipo llamado &#8220;Liverpool&#8221; se dio en&nbsp;<a target=\"_blank\" href=\"https:\/\/www.perfil.com\/noticias\/modo-fontevecchia\/la-fundacion-libertad-reune-a-casi-toda-la-derecha-en-una-cena-y-macri-sera-el-centro-de-la-escena-modof.phtml\" rel=\"noreferrer noopener\"><strong>La Quinta Los Abrojos<\/strong><\/a>&nbsp;la cual es &#8220;de propiedad del ex presidente Mauricio Macri&#8221;.<\/p>\n\n\n\n<p class=\"wp-block-paragraph\">&#8220;\u00bfLes parece razonable que el Fiscal que acusa y el Juez que debe Juzgar a Cristina Fern\u00e1ndez de Kirchner jueguen partidos de f\u00fatbol nada menos que en la quinta de Mauricio Macri, cuyo Gobierno promovi\u00f3 esta misma causa y se constituy\u00f3 como querellante y actor civil a trav\u00e9s de la Oficina Anticorrupci\u00f3n, la Unidad de Informaci\u00f3n Financiera y la Direcci\u00f3n Nacional de Vialidad?&#8221;, cuestion\u00f3 el abogado.<\/p>\n\n\n\n<p class=\"wp-block-paragraph\">Este lunes Luciani y el fiscal&nbsp;<strong>Sergio Mola<\/strong>&nbsp;contin\u00faan con la cuarta jornada de alegatos en la causa que denuncia redireccionamiento de licitaciones de la obra p\u00fablica hacia la empresa Austral Construcciones, propiedad del empresario&nbsp;<a target=\"_blank\" href=\"https:\/\/www.perfil.com\/noticias\/politica\/limpiar-todo-el-fiscal-luciani-expuso-las-relaciones-de-promiscuidad-de-lazaro-baez-con-el-estado.phtml\" rel=\"noreferrer noopener\"><strong>L\u00e1zaro B\u00e1ez<\/strong><\/a>, amigo del ex presidente N\u00e9stor Kirchner y vinculado a su familia.&nbsp;<\/p>\n\n\n\n<figure data-spectra-id=\"spectra-0a61587b-1fd3-4cb2-a0e2-06c9f4cadd67\" class=\"wp-block-image\"><img decoding=\"async\" src=\"https:\/\/fotos.perfil.com\/\/2022\/08\/01\/900\/0\/diego-luciani-fiscal-20220801-1394986.jpg\" alt=\"Diego Luciani fiscal 20220801\" title=\"Cristina Kirchner recus\u00f3 al fiscal Diego Luciani y al juez Rodrigo Gim\u00e9nez Uriburu\" \/><figcaption>El fiscal Diego Luciani en los alegatos contra Cristina Kirchner.<\/figcaption><\/figure>\n\n\n\n<h2 class=\"wp-block-heading\"><strong>El tweet de Cristina Kirchner que adelant\u00f3 la recusaci\u00f3n<\/strong><\/h2>\n\n\n\n<p class=\"wp-block-paragraph\">Este domingo en horas de la noche la titular del Senado se hizo eco de la investigaci\u00f3n del periodista Ra\u00fal Kollmann y adelant\u00f3 que su representante legal presentar\u00eda una recusaci\u00f3n contra Luciani y Gim\u00e9nez Uriburu.&nbsp;<\/p>\n\n\n\n<p class=\"wp-block-paragraph\">&#8220;Y si no te alcanza\u2026 2do testimonio fotogr\u00e1fico: en el \u201cmismo equipo\u201d juega Roby Mart\u00ednez, cu\u00f1ado del candidato presidencial de Cambiemos para el 2023, Horacio Rodr\u00edguez Larreta. Pensar que me armaron una causa porque dec\u00edan que un d\u00eda lo hab\u00edan visto al Juez Cassanello en Olivos&#8221;, apunt\u00f3 la Vicepresidenta, que adem\u00e1s revel\u00f3 en otra foto la presencia del intendente de San Miguel, Jaime M\u00e9ndez.&nbsp;<\/p>\n\n\n\n<p class=\"wp-block-paragraph\"><strong>&#8220;He instruido a mi abogado para que ma\u00f1ana a primera hora recuse a los jugadores de f\u00fatbol. El Poder Judicial argentino apesta&#8221;<\/strong>, cuestion\u00f3 Cristina Kirchner.&nbsp;&nbsp;<\/p>\n\n\n\n<p class=\"wp-block-paragraph\">Luego de que se conocieran las fotos, algunas voces del oficialismo salieron a respaldar a la ex mandataria nacional. &#8220;Es un grado de promiscuidad entre funcionarios pol\u00edticos y judiciales que no se ha visto.<strong>&nbsp;Se deber\u00eda llamar Club deportivo social comodoro Pro&#8221;<\/strong>, dijo el ministro de Justicia,<strong>&nbsp;Mart\u00edn Soria<\/strong>. Tambi\u00e9n agreg\u00f3 que &#8220;la foto es verdaderamente vergonzosa. M\u00e1s que dar un alegato dar\u00eda explicaciones&#8221;.<\/p>\n\n\n\n<p class=\"wp-block-paragraph\">El gobernador de Buenos Aires,&nbsp;<strong>Axel Kicillof<\/strong>, reposte\u00f3 el tweet de Cristina Kirchner al igual que sus funcionarios Andr\u00e9s Larroque y Nicol\u00e1s Kreplak, de los ministerios de la Comunidad y Salud.<\/p>\n\n\n\n<h2 class=\"wp-block-heading\"><strong>La oposici\u00f3n tambi\u00e9n se expres\u00f3 por los dichos de Cristina Kirchner<\/strong><\/h2>\n\n\n\n<p class=\"wp-block-paragraph\">El jefe del interbloque de Juntos por el Cambio en Diputados,&nbsp;<strong>Mario Negri<\/strong>, fue uno de los exponentes de la oposici\u00f3n que se refiri\u00f3 a lo dicho por la Vicepresidenta. &#8220;Ahora resulta que en un picadito los fiscales y jueces armaron un plan para perjudicar a Cristina Kirchner. \u00a1El gui\u00f3n del kirchnerismo es cada vez m\u00e1s delirante y s\u00f3lo revela desesperaci\u00f3n!&#8221;, escribi\u00f3.<\/p>\n\n\n\n<figure data-spectra-id=\"spectra-5be111d2-19c6-45fe-8f4b-2798c12457c1\" class=\"wp-block-image\"><img decoding=\"async\" src=\"https:\/\/fotos.perfil.com\/\/2022\/04\/13\/900\/0\/mario-negri-y-cristina-fernandez-20220413-1341445.jpg\" alt=\"Mario Negri y Cristina Fern\u00e1ndez 20220413\" title=\"Cristina Kirchner recus\u00f3 al fiscal Diego Luciani y al juez Rodrigo Gim\u00e9nez Uriburu\" \/><figcaption>Mario Negri, cr\u00edtico con Cristina Kirchner.<\/figcaption><\/figure>\n\n\n\n<p class=\"wp-block-paragraph\">Su colega en el Congreso,&nbsp;<strong>Waldo Wolff<\/strong>, habl\u00f3 de &#8220;impunidad&#8221;.&nbsp;\u201cTodo hace juego con todo\u201d. Cristina Kirchner utiliza el mismo t\u00edtulo y m\u00e9todo que utiliz\u00f3 en 2015 para inventarnos una causa por tema memor\u00e1ndum por la que fui imputado y finalmente por rid\u00edcula cay\u00f3 sola. 7 a\u00f1os despu\u00e9s, la misma lucha x la impunidad y el mismo m\u00e9todo&#8221;, se expres\u00f3 en redes sociales.<\/p>\n\n\n\n<p class=\"wp-block-paragraph\">Desde el espacio Avanza Libertad que comanda el diputado&nbsp;<strong>Jos\u00e9 Luis Espert<\/strong>&nbsp;publicaron un mensaje conciso pero lapidario: &#8220;Cristina Kirchner huele a chorra&#8221;, escribieron.<\/p>\n\n\n\n<p class=\"wp-block-paragraph\">Fuente: <a href=\"https:\/\/www.perfil.com\/\">Perfil.com<\/a><\/p>","protected":false},"excerpt":{"rendered":"<p>La vicepresidenta&nbsp;Cristina Fern\u00e1ndez de Kirchner&nbsp;recus\u00f3 al fiscal&nbsp;Diego Luciani&nbsp;y al juez&nbsp;Rodrigo Gim\u00e9nez Uriburu, uno de los integrantes del Tribunal Oral Federal 2 que la someten a juicio por irregularidades en la obra p\u00fablica. La presentaci\u00f3n fue realizada&nbsp; por el abogado&nbsp;Carlos Beraldi&nbsp;momentos antes que el fiscal reanude sus alegatos, a ra\u00edz de una tapa del diario&nbsp;P\u00e1gina\/12&nbsp;que da [&hellip;]<\/p>\n","protected":false},"author":9,"featured_media":0,"comment_status":"open","ping_status":"open","sticky":false,"template":"","format":"standard","meta":{"site-sidebar-layout":"default","site-content-layout":"","ast-site-content-layout":"default","site-content-style":"default","site-sidebar-style":"default","ast-global-header-display":"","ast-banner-title-visibility":"","ast-main-header-display":"","ast-hfb-above-header-display":"","ast-hfb-below-header-display":"","ast-hfb-mobile-header-display":"","site-post-title":"","ast-breadcrumbs-content":"","ast-featured-img":"","footer-sml-layout":"","ast-disable-related-posts":"","theme-transparent-header-meta":"","adv-header-id-meta":"","stick-header-meta":"","header-above-stick-meta":"","header-main-stick-meta":"","header-below-stick-meta":"","astra-migrate-meta-layouts":"default","ast-page-background-enabled":"default","ast-page-background-meta":{"desktop":{"background-color":"","background-image":"","background-repeat":"repeat","background-position":"center center","background-size":"auto","background-attachment":"scroll","background-type":"","background-media":"","overlay-type":"","overlay-color":"","overlay-opacity":"","overlay-gradient":""},"tablet":{"background-color":"","background-image":"","background-repeat":"repeat","background-position":"center center","background-size":"auto","background-attachment":"scroll","background-type":"","background-media":"","overlay-type":"","overlay-color":"","overlay-opacity":"","overlay-gradient":""},"mobile":{"background-color":"","background-image":"","background-repeat":"repeat","background-position":"center center","background-size":"auto","background-attachment":"scroll","background-type":"","background-media":"","overlay-type":"","overlay-color":"","overlay-opacity":"","overlay-gradient":""}},"ast-content-background-meta":{"desktop":{"background-color":"var(--ast-global-color-5)","background-image":"","background-repeat":"repeat","background-position":"center center","background-size":"auto","background-attachment":"scroll","background-type":"","background-media":"","overlay-type":"","overlay-color":"","overlay-opacity":"","overlay-gradient":""},"tablet":{"background-color":"var(--ast-global-color-5)","background-image":"","background-repeat":"repeat","background-position":"center center","background-size":"auto","background-attachment":"scroll","background-type":"","background-media":"","overlay-type":"","overlay-color":"","overlay-opacity":"","overlay-gradient":""},"mobile":{"background-color":"var(--ast-global-color-5)","background-image":"","background-repeat":"repeat","background-position":"center center","background-size":"auto","background-attachment":"scroll","background-type":"","background-media":"","overlay-type":"","overlay-color":"","overlay-opacity":"","overlay-gradient":""}},"footnotes":""},"categories":[25],"tags":[],"class_list":["post-68568","post","type-post","status-publish","format-standard","hentry","category-destacado"],"spectra_blocks_featured_image_url":null,"spectra_blocks_author_info":{"display_name":"Jorge Alfredo Baret","avatar_url":"https:\/\/secure.gravatar.com\/avatar\/31696f5ca83439b642450ec7d3f82f98451a5efacb414343d5478c982b337f26?s=96&d=mm&r=g","author_link":"https:\/\/100xd.com.ar\/es\/author\/jorge\/","description":"Ingeniero Qu\u00edmico UTN - Director Apoderado de Comunicaciones Auditadas SA. Editor Responsable 100xd.com.ar."},"_links":{"self":[{"href":"https:\/\/100xd.com.ar\/es\/wp-json\/wp\/v2\/posts\/68568","targetHints":{"allow":["GET"]}}],"collection":[{"href":"https:\/\/100xd.com.ar\/es\/wp-json\/wp\/v2\/posts"}],"about":[{"href":"https:\/\/100xd.com.ar\/es\/wp-json\/wp\/v2\/types\/post"}],"author":[{"embeddable":true,"href":"https:\/\/100xd.com.ar\/es\/wp-json\/wp\/v2\/users\/9"}],"replies":[{"embeddable":true,"href":"https:\/\/100xd.com.ar\/es\/wp-json\/wp\/v2\/comments?post=68568"}],"version-history":[{"count":2,"href":"https:\/\/100xd.com.ar\/es\/wp-json\/wp\/v2\/posts\/68568\/revisions"}],"predecessor-version":[{"id":68580,"href":"https:\/\/100xd.com.ar\/es\/wp-json\/wp\/v2\/posts\/68568\/revisions\/68580"}],"wp:attachment":[{"href":"https:\/\/100xd.com.ar\/es\/wp-json\/wp\/v2\/media?parent=68568"}],"wp:term":[{"taxonomy":"category","embeddable":true,"href":"https:\/\/100xd.com.ar\/es\/wp-json\/wp\/v2\/categories?post=68568"},{"taxonomy":"post_tag","embeddable":true,"href":"https:\/\/100xd.com.ar\/es\/wp-json\/wp\/v2\/tags?post=68568"}],"curies":[{"name":"wp","href":"https:\/\/api.w.org\/{rel}","templated":true}]}}