{"id":68262,"date":"2022-08-01T11:24:08","date_gmt":"2022-08-01T14:24:08","guid":{"rendered":"https:\/\/100xd.com.ar\/?p=68262"},"modified":"2022-08-01T11:24:08","modified_gmt":"2022-08-01T14:24:08","slug":"inflacion-cuales-son-los-aumentos-que-llegan-en-agosto","status":"publish","type":"post","link":"https:\/\/100xd.com.ar\/es\/inflacion-cuales-son-los-aumentos-que-llegan-en-agosto\/","title":{"rendered":"Inflaci\u00f3n: cu\u00e1les son los aumentos que llegan en agosto"},"content":{"rendered":"<p class=\"wp-block-paragraph\">Mientras las consultoras econ\u00f3micas estiman que la inflaci\u00f3n de julio cerr\u00f3 con un \u00edndice mensual cercano al 8%, los aumentos ya programados a partir del comienzo de agosto tambi\u00e9n pondr\u00e1n presi\u00f3n a la suba de precios. Por otro lado, se espera que en las pr\u00f3ximas semanas se autoricen los nuevos cuadros tarifarios para servicios de electricidad y gas que estar\u00e1n vigentes a partir de septiembre para los usuarios de mayores ingresos que dejar\u00e1n de percibir subsidios a la energ\u00eda.<\/p>\n\n\n\n<p class=\"wp-block-paragraph\">\u00bfQu\u00e9 aumentos impactar\u00e1n en el bolsillo durante este mes?<\/p>\n\n\n\n<h2 class=\"wp-block-heading\">Transporte<\/h2>\n\n\n\n<p class=\"wp-block-paragraph\"><mark><strong>E<\/strong><strong>l valor del boleto de los colectivos y los trenes del \u00c1rea Metropolitana de Buenos Aires (AMBA) aument\u00f3 40% a partir de este lunes<\/strong><\/mark>. El boleto de colectivo pas\u00f3 de $18 a $25,20 para el tramo inferior a 3 kil\u00f3metros; de $20 a $28 para los viajes de entre 3 y 6 km y de $21 a $29,40 para los tramos de 6 a 12 km.<\/p>\n\n\n\n<p class=\"wp-block-paragraph\">Los boletos para viajes de entre 12 y 27 kil\u00f3metros pasaron de $22 a $30,80 y para tramos superiores a los 27 kil\u00f3metros el valor del pasaje pas\u00f3 de $23 a $32,20. El pasaje de tren interurbano es ahora de $17,25 en las l\u00edneas Mitre, Sarmiento y San Mart\u00edn; en la l\u00ednea Urquiza de $11,25; en las l\u00edneas Roca y Belgrano Sur de $10,75 y en la l\u00ednea Belgrano Norte $9,50.<\/p>\n\n\n\n<p class=\"wp-block-paragraph\">Con todo, se mantiene la tarifa social, con 55% de descuento en cada boleto a trav\u00e9s de la tarjeta SUBE para jubilados o pensionados, trabajadores de casas particulares, veteranos de la Guerra de Malvinas y monotributistas sociales. Tambi\u00e9n seguir\u00e1 vigente el sistema de Red Sube en el AMBA, que abarca cinco combinaciones de transporte p\u00fablico (trenes, colectivos y subte) en dos horas, y que aplica un descuento del 50% de la tarifa al momento del segundo viaje, y 75% menos del valor de la tarifa a partir del tercer viaje realizado. El precio de los boletos de colectivo y tren en el AMBA permanec\u00eda congelado desde hace tres a\u00f1os.<\/p>\n\n\n\n<h2 class=\"wp-block-heading\">Prepagas<\/h2>\n\n\n\n<p class=\"wp-block-paragraph\">Con autorizaci\u00f3n del Gobierno nacional,&nbsp;<mark><strong>las empresas de medicina prepaga aplicar\u00e1n a partir de agosto un aumento bimestral de hasta 11,34% en sus cuotas<\/strong><\/mark>. A trav\u00e9s de la resoluci\u00f3n 1293\/2022 del Ministerio de Salud se aprob\u00f3 el \u00cdndice de Costos de Salud, que contempla la evoluci\u00f3n de los rubros de recursos humanos, medicamentos, insumos m\u00e9dicos y otros costos significativos. Por la Resoluci\u00f3n 867\/2022 se hab\u00edan autorizado incrementos bimestrales en el valor de las cuotas de las Entidades de Medicina Prepaga inscriptas en el Registro Nacional de Entidades de Medicina Prepaga (RNEMP) con un \u201cl\u00edmite m\u00e1ximo la variaci\u00f3n del \u00cdndice de Costos de Salud\u201d.<\/p>\n\n\n\n<p class=\"wp-block-paragraph\">Al 30 de junio, el c\u00e1lculo de este \u00cdndice \u2014que volver\u00e1 a ser calculado al \u00faltimo d\u00eda de agosto y octubre\u2014 tuvo una variaci\u00f3n de 11,34%. \u201cEste porcentaje representan la proporci\u00f3n m\u00e1xima en que las entidades de medicina prepaga podr\u00e1n aumentar los valores de cuota de sus planes, pudiendo aplicar aumentos en una proporci\u00f3n menor o no aplicar aumentos\u201d, aclararon fuentes oficiales.<img loading=\"lazy\" decoding=\"async\" alt=\"Tambi\u00e9n habr\u00e1 un incremento para las cuotas de la medicina Prepaga \" height=\"1199\" width=\"1800\" class=\"\" src=\"https:\/\/cloudfront-us-east-1.images.arcpublishing.com\/infobae\/TNMHCZP2OJDGNMB4DGVXTHCVZA.jpeg\" srcset=\"https:\/\/www.infobae.com\/new-resizer\/YDssjgJCo7S3ZLb0R7H_cmYXdK4=\/420x280\/filters:format(webp):quality(85)\/cloudfront-us-east-1.images.arcpublishing.com\/infobae\/TNMHCZP2OJDGNMB4DGVXTHCVZA.jpeg 420w,https:\/\/www.infobae.com\/new-resizer\/XAX7y7ycE_66gleVdh9qIsMJusA=\/768x512\/filters:format(webp):quality(85)\/cloudfront-us-east-1.images.arcpublishing.com\/infobae\/TNMHCZP2OJDGNMB4DGVXTHCVZA.jpeg 768w,https:\/\/www.infobae.com\/new-resizer\/StE0JU0yNr7BUXnYn1aoyqamJmU=\/992x661\/filters:format(webp):quality(85)\/cloudfront-us-east-1.images.arcpublishing.com\/infobae\/TNMHCZP2OJDGNMB4DGVXTHCVZA.jpeg 992w,https:\/\/www.infobae.com\/new-resizer\/0X5_2VQqazM9DtuJo-eMo74pJEE=\/1200x800\/filters:format(webp):quality(85)\/cloudfront-us-east-1.images.arcpublishing.com\/infobae\/TNMHCZP2OJDGNMB4DGVXTHCVZA.jpeg 1200w,https:\/\/www.infobae.com\/new-resizer\/lX_scxaHYEXc7vldZwvl029N7WQ=\/1440x960\/filters:format(webp):quality(85)\/cloudfront-us-east-1.images.arcpublishing.com\/infobae\/TNMHCZP2OJDGNMB4DGVXTHCVZA.jpeg 1440w\" title=\"Inflaci\u00f3n: cu\u00e1les son los aumentos que llegan en agosto\">Tambi\u00e9n habr\u00e1 un incremento para las cuotas de la medicina Prepaga<\/p>\n\n\n\n<h2 class=\"wp-block-heading\">Alquileres<\/h2>\n\n\n\n<p class=\"wp-block-paragraph\">Este mes se aplicar\u00e1n los aumentos anuales para los inquilinos que hayan firmado contratos en agosto de 2020 \u2014segunda actualizaci\u00f3n anual prevista\u2014 o el a\u00f1o pasado, en agosto de 2021. El aumento se debe calcular en base a el \u00cdndice de Contratos de Locaci\u00f3n (ICL), que publica todos los d\u00edas el BCRA en su p\u00e1gina oficial, y que contempla en partes iguales la variaci\u00f3n de la inflaci\u00f3n (seg\u00fan el IPC que mide el INDEC) y de los salarios, de acuerdo con la remuneraci\u00f3n promedio de los trabajadores estables (Ripte).<\/p>\n\n\n\n<p class=\"wp-block-paragraph\">De acuerdo a los valores vigentes,&nbsp;<mark><strong>para un contrato iniciado en agosto de 2021 se debe aplicar una actualizaci\u00f3n anual de 60,9%<\/strong><\/mark>. Por ejemplo, un inquilino que hasta ahora pagaba $45.000 mensuales de alquiler pasar\u00e1 a pagar a partir de este mes $72.431.<\/p>\n\n\n\n<h2 class=\"wp-block-heading\">Expensas<\/h2>\n\n\n\n<p class=\"wp-block-paragraph\">A partir de este mes, los trabajadores de edificios recibir\u00e1n un bono de $134.000 que se pagar\u00e1 en siete cuotas y que tendr\u00e1 impacto en las expensas que pagan los propietarios e inquilinos. La Federaci\u00f3n Argentina de Trabajadores de Propiedad Horizontal acord\u00f3 con c\u00e1maras del sector que se abonar\u00e1 en dos cuotas de $12.000(agosto y septiembre), dos de $18.000 (octubre y noviembre), dos de $24.000(diciembre y enero) y una de $26.000 en febrero de 2023. En todos los casos, los montos ser\u00e1n remunerativos.<\/p>\n\n\n\n<p class=\"wp-block-paragraph\">. <\/p>\n\n\n\n<p class=\"wp-block-paragraph\">Fuente:<a href=\"https:\/\/www.infobae.com\/?noredirect\"> Infobae.com<\/a><\/p>","protected":false},"excerpt":{"rendered":"<p>Mientras las consultoras econ\u00f3micas estiman que la inflaci\u00f3n de julio cerr\u00f3 con un \u00edndice mensual cercano al 8%, los aumentos ya programados a partir del comienzo de agosto tambi\u00e9n pondr\u00e1n presi\u00f3n a la suba de precios. Por otro lado, se espera que en las pr\u00f3ximas semanas se autoricen los nuevos cuadros tarifarios para servicios de [&hellip;]<\/p>\n","protected":false},"author":9,"featured_media":0,"comment_status":"open","ping_status":"open","sticky":false,"template":"","format":"standard","meta":{"site-sidebar-layout":"default","site-content-layout":"","ast-site-content-layout":"default","site-content-style":"default","site-sidebar-style":"default","ast-global-header-display":"","ast-banner-title-visibility":"","ast-main-header-display":"","ast-hfb-above-header-display":"","ast-hfb-below-header-display":"","ast-hfb-mobile-header-display":"","site-post-title":"","ast-breadcrumbs-content":"","ast-featured-img":"","footer-sml-layout":"","ast-disable-related-posts":"","theme-transparent-header-meta":"","adv-header-id-meta":"","stick-header-meta":"","header-above-stick-meta":"","header-main-stick-meta":"","header-below-stick-meta":"","astra-migrate-meta-layouts":"default","ast-page-background-enabled":"default","ast-page-background-meta":{"desktop":{"background-color":"","background-image":"","background-repeat":"repeat","background-position":"center center","background-size":"auto","background-attachment":"scroll","background-type":"","background-media":"","overlay-type":"","overlay-color":"","overlay-opacity":"","overlay-gradient":""},"tablet":{"background-color":"","background-image":"","background-repeat":"repeat","background-position":"center center","background-size":"auto","background-attachment":"scroll","background-type":"","background-media":"","overlay-type":"","overlay-color":"","overlay-opacity":"","overlay-gradient":""},"mobile":{"background-color":"","background-image":"","background-repeat":"repeat","background-position":"center center","background-size":"auto","background-attachment":"scroll","background-type":"","background-media":"","overlay-type":"","overlay-color":"","overlay-opacity":"","overlay-gradient":""}},"ast-content-background-meta":{"desktop":{"background-color":"var(--ast-global-color-5)","background-image":"","background-repeat":"repeat","background-position":"center center","background-size":"auto","background-attachment":"scroll","background-type":"","background-media":"","overlay-type":"","overlay-color":"","overlay-opacity":"","overlay-gradient":""},"tablet":{"background-color":"var(--ast-global-color-5)","background-image":"","background-repeat":"repeat","background-position":"center center","background-size":"auto","background-attachment":"scroll","background-type":"","background-media":"","overlay-type":"","overlay-color":"","overlay-opacity":"","overlay-gradient":""},"mobile":{"background-color":"var(--ast-global-color-5)","background-image":"","background-repeat":"repeat","background-position":"center center","background-size":"auto","background-attachment":"scroll","background-type":"","background-media":"","overlay-type":"","overlay-color":"","overlay-opacity":"","overlay-gradient":""}},"footnotes":""},"categories":[2],"tags":[],"class_list":["post-68262","post","type-post","status-publish","format-standard","hentry","category-politica"],"spectra_blocks_featured_image_url":null,"spectra_blocks_author_info":{"display_name":"Jorge Alfredo Baret","avatar_url":"https:\/\/secure.gravatar.com\/avatar\/31696f5ca83439b642450ec7d3f82f98451a5efacb414343d5478c982b337f26?s=96&d=mm&r=g","author_link":"https:\/\/100xd.com.ar\/es\/author\/jorge\/","description":"Ingeniero Qu\u00edmico UTN - Director Apoderado de Comunicaciones Auditadas SA. Editor Responsable 100xd.com.ar."},"_links":{"self":[{"href":"https:\/\/100xd.com.ar\/es\/wp-json\/wp\/v2\/posts\/68262","targetHints":{"allow":["GET"]}}],"collection":[{"href":"https:\/\/100xd.com.ar\/es\/wp-json\/wp\/v2\/posts"}],"about":[{"href":"https:\/\/100xd.com.ar\/es\/wp-json\/wp\/v2\/types\/post"}],"author":[{"embeddable":true,"href":"https:\/\/100xd.com.ar\/es\/wp-json\/wp\/v2\/users\/9"}],"replies":[{"embeddable":true,"href":"https:\/\/100xd.com.ar\/es\/wp-json\/wp\/v2\/comments?post=68262"}],"version-history":[{"count":1,"href":"https:\/\/100xd.com.ar\/es\/wp-json\/wp\/v2\/posts\/68262\/revisions"}],"predecessor-version":[{"id":68264,"href":"https:\/\/100xd.com.ar\/es\/wp-json\/wp\/v2\/posts\/68262\/revisions\/68264"}],"wp:attachment":[{"href":"https:\/\/100xd.com.ar\/es\/wp-json\/wp\/v2\/media?parent=68262"}],"wp:term":[{"taxonomy":"category","embeddable":true,"href":"https:\/\/100xd.com.ar\/es\/wp-json\/wp\/v2\/categories?post=68262"},{"taxonomy":"post_tag","embeddable":true,"href":"https:\/\/100xd.com.ar\/es\/wp-json\/wp\/v2\/tags?post=68262"}],"curies":[{"name":"wp","href":"https:\/\/api.w.org\/{rel}","templated":true}]}}