{"id":68029,"date":"2022-07-26T11:43:41","date_gmt":"2022-07-26T14:43:41","guid":{"rendered":"https:\/\/100xd.com.ar\/?p=68029"},"modified":"2022-07-26T11:49:06","modified_gmt":"2022-07-26T14:49:06","slug":"trabajadores-de-jachal-recibira-formacion-profesional-con-apoyo-de-mineria","status":"publish","type":"post","link":"https:\/\/100xd.com.ar\/es\/trabajadores-de-jachal-recibira-formacion-profesional-con-apoyo-de-mineria\/","title":{"rendered":"Provincia de San Juan: Trabajadores de J\u00e1chal recibir\u00e1 formaci\u00f3n profesional con apoyo de Miner\u00eda"},"content":{"rendered":"<p class=\"wp-block-paragraph\">El ministro de Miner\u00eda Carlos Astudillo se reuni\u00f3 con representantes de la CTA del departamento J\u00e1chal con el fin de avanzar en el&nbsp;<strong>apoyo en herramientas de capacitaci\u00f3n a trabajadores del departamento.<\/strong>&nbsp;En representaci\u00f3n de la central estuvieron presentes Sergio Tejada, Silvio Coria, Mariela Castro, Jazm\u00edn Ahumada, Cristina Figueroa y Carlos Gatica.<\/p>\n\n\n\n<p class=\"wp-block-paragraph\">Los numerosos proyectos mineros distribuidos por la provincia hacen crecer la expectativa de generaci\u00f3n de fuentes de trabajo para la sociedad sanjuanina, y esa realidad exige contar con mano de obra calificada y local. Es por esta raz\u00f3n que la propuesta presentada es la de<strong>&nbsp;brindar un curso de formaci\u00f3n de operadores de equipos para movimientos de suelo.<\/strong>&nbsp;Con el fin de potenciar a las personas para que, capacitaci\u00f3n mediante, puedan acceder a nuevas oportunidades laborales<\/p>\n\n\n\n<p class=\"wp-block-paragraph\">\u201cNo hay forma de una mejor redistribuci\u00f3n de la riqueza sin la educaci\u00f3n, en este caso a trav\u00e9s de una capacitaci\u00f3n. Es lo fundamental para el crecimiento de un pueblo. Tenemos que seguir generando mayor valor agregado a trav\u00e9s del conocimiento de nuestras comunidades. Tenemos que desarrollar a los sanjuaninos porque con ellos vamos a lograr el San Juan que todos queremos\u201d, manifest\u00f3 Astudillo.<\/p>\n\n\n\n<p class=\"wp-block-paragraph\">Por su parte Sergio Tejada agradeci\u00f3 la predisposici\u00f3n del ministerio para generar herramientas que beneficien a los trabajadores. \u201cSiempre encontramos las puertas del ministerio abiertas y un ministro dispuesto al dialogo. Creemos que a trav\u00e9s de un trabajo conjunto vamos generar un valor agregado para nuestras comunidades. Eso nos va a permitir crecer \u00edntegramente a todos\u201d.<\/p>\n\n\n\n<p class=\"wp-block-paragraph\">Fuente: <a href=\"https:\/\/sisanjuan.gob.ar\/\">Si San Juan<\/a><\/p>","protected":false},"excerpt":{"rendered":"<p>El ministro de Miner\u00eda Carlos Astudillo se reuni\u00f3 con representantes de la CTA del departamento J\u00e1chal con el fin de avanzar en el&nbsp;apoyo en herramientas de capacitaci\u00f3n a trabajadores del departamento.&nbsp;En representaci\u00f3n de la central estuvieron presentes Sergio Tejada, Silvio Coria, Mariela Castro, Jazm\u00edn Ahumada, Cristina Figueroa y Carlos Gatica. Los numerosos proyectos mineros distribuidos [&hellip;]<\/p>\n","protected":false},"author":9,"featured_media":0,"comment_status":"open","ping_status":"open","sticky":false,"template":"","format":"standard","meta":{"site-sidebar-layout":"default","site-content-layout":"","ast-site-content-layout":"default","site-content-style":"default","site-sidebar-style":"default","ast-global-header-display":"","ast-banner-title-visibility":"","ast-main-header-display":"","ast-hfb-above-header-display":"","ast-hfb-below-header-display":"","ast-hfb-mobile-header-display":"","site-post-title":"","ast-breadcrumbs-content":"","ast-featured-img":"","footer-sml-layout":"","ast-disable-related-posts":"","theme-transparent-header-meta":"","adv-header-id-meta":"","stick-header-meta":"","header-above-stick-meta":"","header-main-stick-meta":"","header-below-stick-meta":"","astra-migrate-meta-layouts":"default","ast-page-background-enabled":"default","ast-page-background-meta":{"desktop":{"background-color":"","background-image":"","background-repeat":"repeat","background-position":"center center","background-size":"auto","background-attachment":"scroll","background-type":"","background-media":"","overlay-type":"","overlay-color":"","overlay-opacity":"","overlay-gradient":""},"tablet":{"background-color":"","background-image":"","background-repeat":"repeat","background-position":"center center","background-size":"auto","background-attachment":"scroll","background-type":"","background-media":"","overlay-type":"","overlay-color":"","overlay-opacity":"","overlay-gradient":""},"mobile":{"background-color":"","background-image":"","background-repeat":"repeat","background-position":"center center","background-size":"auto","background-attachment":"scroll","background-type":"","background-media":"","overlay-type":"","overlay-color":"","overlay-opacity":"","overlay-gradient":""}},"ast-content-background-meta":{"desktop":{"background-color":"var(--ast-global-color-5)","background-image":"","background-repeat":"repeat","background-position":"center center","background-size":"auto","background-attachment":"scroll","background-type":"","background-media":"","overlay-type":"","overlay-color":"","overlay-opacity":"","overlay-gradient":""},"tablet":{"background-color":"var(--ast-global-color-5)","background-image":"","background-repeat":"repeat","background-position":"center center","background-size":"auto","background-attachment":"scroll","background-type":"","background-media":"","overlay-type":"","overlay-color":"","overlay-opacity":"","overlay-gradient":""},"mobile":{"background-color":"var(--ast-global-color-5)","background-image":"","background-repeat":"repeat","background-position":"center center","background-size":"auto","background-attachment":"scroll","background-type":"","background-media":"","overlay-type":"","overlay-color":"","overlay-opacity":"","overlay-gradient":""}},"footnotes":""},"categories":[8,4],"tags":[],"class_list":["post-68029","post","type-post","status-publish","format-standard","hentry","category-el-mundo","category-sociedad"],"spectra_blocks_featured_image_url":null,"spectra_blocks_author_info":{"display_name":"Jorge Alfredo Baret","avatar_url":"https:\/\/secure.gravatar.com\/avatar\/31696f5ca83439b642450ec7d3f82f98451a5efacb414343d5478c982b337f26?s=96&d=mm&r=g","author_link":"https:\/\/100xd.com.ar\/es\/author\/jorge\/","description":"Ingeniero Qu\u00edmico UTN - Director Apoderado de Comunicaciones Auditadas SA. Editor Responsable 100xd.com.ar."},"_links":{"self":[{"href":"https:\/\/100xd.com.ar\/es\/wp-json\/wp\/v2\/posts\/68029","targetHints":{"allow":["GET"]}}],"collection":[{"href":"https:\/\/100xd.com.ar\/es\/wp-json\/wp\/v2\/posts"}],"about":[{"href":"https:\/\/100xd.com.ar\/es\/wp-json\/wp\/v2\/types\/post"}],"author":[{"embeddable":true,"href":"https:\/\/100xd.com.ar\/es\/wp-json\/wp\/v2\/users\/9"}],"replies":[{"embeddable":true,"href":"https:\/\/100xd.com.ar\/es\/wp-json\/wp\/v2\/comments?post=68029"}],"version-history":[{"count":2,"href":"https:\/\/100xd.com.ar\/es\/wp-json\/wp\/v2\/posts\/68029\/revisions"}],"predecessor-version":[{"id":68035,"href":"https:\/\/100xd.com.ar\/es\/wp-json\/wp\/v2\/posts\/68029\/revisions\/68035"}],"wp:attachment":[{"href":"https:\/\/100xd.com.ar\/es\/wp-json\/wp\/v2\/media?parent=68029"}],"wp:term":[{"taxonomy":"category","embeddable":true,"href":"https:\/\/100xd.com.ar\/es\/wp-json\/wp\/v2\/categories?post=68029"},{"taxonomy":"post_tag","embeddable":true,"href":"https:\/\/100xd.com.ar\/es\/wp-json\/wp\/v2\/tags?post=68029"}],"curies":[{"name":"wp","href":"https:\/\/api.w.org\/{rel}","templated":true}]}}