{"id":67898,"date":"2022-07-24T09:21:45","date_gmt":"2022-07-24T12:21:45","guid":{"rendered":"https:\/\/100xd.com.ar\/?p=67898"},"modified":"2022-07-24T09:21:45","modified_gmt":"2022-07-24T12:21:45","slug":"el-gobierno-apunta-a-mas-medidas-monetarias-para-frenar-al-dolar","status":"publish","type":"post","link":"https:\/\/100xd.com.ar\/es\/el-gobierno-apunta-a-mas-medidas-monetarias-para-frenar-al-dolar\/","title":{"rendered":"El Gobierno apunta a m\u00e1s medidas monetarias para frenar al d\u00f3lar"},"content":{"rendered":"<p class=\"wp-block-paragraph\">De cara a agosto, el mes que el oficialismo mira con terror por la incesante baja en las reservas de d\u00f3lares, y en pos de superar la mayor crisis econ\u00f3mica desde que lleg\u00f3 al poder en diciembre de 2019,&nbsp;<mark><strong>el Gobierno busca avanzar con el armado de una serie de medidas econ\u00f3micas<\/strong><\/mark>. Todo se da en un contexto en el que el d\u00f3lar blue cerr\u00f3 esta semana a 338 pesos y el riego pa\u00eds roz\u00f3 los 2900 puntos.<\/p>\n\n\n\n<p class=\"wp-block-paragraph\"><mark><strong>A ese escenario se suman las diferencias internas del resquebrajado Frente de Todos<\/strong><\/mark>, lo que se da no solo en su c\u00fapula, sino en sus primeras l\u00edneas y se plasma incluso en la definici\u00f3n de las medidas que est\u00e1n en estudio para tratar de contener la sangr\u00eda de divisas estadounidenses. Precisamente por el tema<a href=\"https:\/\/www.lanacion.com.ar\/politica\/en-medio-de-la-crisis-el-presidente-se-reunio-con-cristina-kirchner-en-la-quinta-de-olivos-nid23072022\/\">&nbsp;ayer se encontraron el presidente Alberto Fern\u00e1ndez y su vice, Cristina Kirchner, en la quinta de Olivos<\/a>.<\/p>\n\n\n\n<p class=\"wp-block-paragraph\"><strong>\u201cMonetarias y cambiarias\u201d<\/strong>, defini\u00f3 un importante funcionario del Ejecutivo las medidas que podr\u00edan conocerse en las pr\u00f3ximas horas o d\u00edas, ante la consulta de&nbsp;<strong>LA NACION<\/strong>&nbsp;Tras lo que asegur\u00f3 que tendr\u00e1n el&nbsp;<strong>\u201cmismo ritmo e intensidad\u201d&nbsp;<\/strong>que vienen teniendo los \u00faltimos anuncios del Ejecutivo.<\/p>\n\n\n\n<p class=\"wp-block-paragraph\">De momento parece haber quedado a un lado la idea del anuncio con mensaje grabado que desde sectores del propio Gobierno se daba por seguro para este domingo, aunque siguiendo la l\u00ednea cambiante de la administraci\u00f3n de Fern\u00e1ndez, hay quienes no terminan de dar por cerrar la posibilidad.&nbsp;<strong>Sin embargo, con la ministra de Econom\u00eda Silvina Batakis en Washington, adonde viaj\u00f3 para llevar adelante una serie de reuniones, la posibilidad de un mensaje antes de la nueva apertura de los mercados parece cada vez m\u00e1s improbable.<\/strong><\/p>\n\n\n\n<p class=\"wp-block-paragraph\">Las medidas, por su parte, se espera que tengan el sello de lo trabajado en&nbsp;<a href=\"https:\/\/www.lanacion.com.ar\/politica\/apuntado-directamente-por-cristina-renuncio-el-secretario-de-comunicacion-juan-pablo-biondi-nid17092021\/\">las \u00faltimas dos reuniones que entre este jueves y viernes encabez\u00f3 Fern\u00e1ndez con Batakis y el titular del Banco Central, Miguel Pesce.&nbsp;<\/a>Seg\u00fan dejaron trascender fuentes del tema, gran parte de la preocupaci\u00f3n principal y hacia donde todo indica que se podr\u00eda apuntar es al sector del agro con un&nbsp;<strong>\u201c\u201dd\u00f3lar diferenciado\u201d o \u201cinstrumento\u201d<\/strong>, como lo que fueron en su momento los CEDIM, a cambio de que el campo \u201cliquide\u201d\u201d, explic\u00f3 una fuente del Gobierno a La Naci\u00f3n.<\/p>\n\n\n\n<p class=\"wp-block-paragraph\"><strong>En Casa Rosada se ilusionan con que con \u201cese gesto del campo\u201d se pueda \u201cestabilizar\u201d la situaci\u00f3n econ\u00f3mica que atraviesa horas cr\u00edticas.&nbsp;<\/strong>\u201cLa principal preocupaci\u00f3n pasa por lo del agro, todo apunta a c\u00f3mo incentivar que los exportadores liquiden las divisas de manera urgente\u201d, complet\u00f3 otro hombre de Balcarce 50. Sin embargo, cerca de Batakis niegan que las medidas vayan a ir en direcci\u00f3n de un cambio para la liquidaci\u00f3n del agro.&nbsp;<a href=\"https:\/\/www.lanacion.com.ar\/economia\/campo\/el-campo-califico-de-provocacion-innecesaria-los-dichos-de-alberto-fernandez-y-lo-contradijo-nid22072022\/\">El propio Presidente apunt\u00f3 al sector este viernes con fuertes cr\u00edticas en su discurso.&nbsp;<\/a>\u201cEl desaf\u00edo de enfrentar a los que guardan 20 mil millones de d\u00f3lares en el campo y no los liquidan, esperando una mejor rentabilidad cuando el pa\u00eds lo necesita\u201d, dijo Fern\u00e1ndez en lo que muchos leyeron como un gesto para el electorado del Frente de Todos y la interna del oficialismo, en la previa a lo que podr\u00eda ser una medida favorable para el sector.<\/p>\n\n\n\n<p class=\"wp-block-paragraph\">Desde Casa Rosada aseguran que el otro pilar que se mira por estas horas hacia donde podr\u00edan apuntar desde el Gobierno con sus medidas est\u00e1 en la&nbsp;<mark><strong>posible introducci\u00f3n de cambios en las condiciones de las importaciones<\/strong><\/mark>, \u201cpara que las fabricas no se queden sin insumos para producir, pero sin caer en la l\u00f3gica de las importaciones del macrismo, que entr\u00f3 de todo y perjudic\u00f3 a la industria nacional\u201d, distinguen.<\/p>\n\n\n\n<p class=\"wp-block-paragraph\">Con esa medida, aseguran, buscar\u00edan evitar que \u201ca la inflaci\u00f3n se sume una desaceleraci\u00f3n en la producci\u00f3n y consumo y se caigan en una estanflaci\u00f3n\u201d, detallan.&nbsp;<mark><strong>\u201cHay que garantizar medidas para que haya insumos\u201d<\/strong><\/mark>, insisten. En medio de las internas del oficialismo, en Casa Rosada rescatan de Batakis otro aspecto que fue resaltado como \u201cuna se\u00f1al de ortodoxia\u201d de la funcionaria la imposibilidad de sumar gente a planta.&nbsp;<strong>\u201cBatakis no quiere imprimir m\u00e1s de lo que tiene que imprimir\u201d<\/strong>, dicen.<\/p>\n\n\n\n<p class=\"wp-block-paragraph\">En tanto tambi\u00e9n\u00a0<a href=\"https:\/\/www.lanacion.com.ar\/politica\/silvina-batakis-se-reunira-con-kristalina-georgieva-en-washington-nid22072022\/\">cifran parte de sus esperanzas en lo que har\u00e1 la ministra en Washington<\/a>\u00a0donde se reunir\u00e1 con la titular del FMI, Kristalina Georgieva, con con inversores y analistas de Wall Street, y luego en la US Chamber of Commerce tendr\u00e1 una ronda con las principales empresas norteamericanas que tienen inversiones en la Argentina, seg\u00fan explic\u00f3 a la agencia T\u00e9lam el embajador argentino en Estados Unidos, Jorge Arg\u00fcello. Adem\u00e1s, explic\u00f3, Batakis mantendr\u00e1 bilaterales con las autoridades de las empresas Google, Chevron, Amazon y General Motors\u201d.<\/p>\n\n\n\n<p class=\"wp-block-paragraph\"><a href=\"https:\/\/www.lanacion.com.ar\/autor\/cdevanna\/\">Cecilia Devanna<\/a><\/p>\n\n\n\n<p class=\"wp-block-paragraph\">Fuente: <a href=\"https:\/\/www.lanacion.com.ar\/\">La Nacion<\/a><\/p>","protected":false},"excerpt":{"rendered":"<p>De cara a agosto, el mes que el oficialismo mira con terror por la incesante baja en las reservas de d\u00f3lares, y en pos de superar la mayor crisis econ\u00f3mica desde que lleg\u00f3 al poder en diciembre de 2019,&nbsp;el Gobierno busca avanzar con el armado de una serie de medidas econ\u00f3micas. Todo se da en [&hellip;]<\/p>\n","protected":false},"author":9,"featured_media":0,"comment_status":"open","ping_status":"open","sticky":false,"template":"","format":"standard","meta":{"site-sidebar-layout":"default","site-content-layout":"","ast-site-content-layout":"default","site-content-style":"default","site-sidebar-style":"default","ast-global-header-display":"","ast-banner-title-visibility":"","ast-main-header-display":"","ast-hfb-above-header-display":"","ast-hfb-below-header-display":"","ast-hfb-mobile-header-display":"","site-post-title":"","ast-breadcrumbs-content":"","ast-featured-img":"","footer-sml-layout":"","ast-disable-related-posts":"","theme-transparent-header-meta":"","adv-header-id-meta":"","stick-header-meta":"","header-above-stick-meta":"","header-main-stick-meta":"","header-below-stick-meta":"","astra-migrate-meta-layouts":"default","ast-page-background-enabled":"default","ast-page-background-meta":{"desktop":{"background-color":"","background-image":"","background-repeat":"repeat","background-position":"center center","background-size":"auto","background-attachment":"scroll","background-type":"","background-media":"","overlay-type":"","overlay-color":"","overlay-opacity":"","overlay-gradient":""},"tablet":{"background-color":"","background-image":"","background-repeat":"repeat","background-position":"center center","background-size":"auto","background-attachment":"scroll","background-type":"","background-media":"","overlay-type":"","overlay-color":"","overlay-opacity":"","overlay-gradient":""},"mobile":{"background-color":"","background-image":"","background-repeat":"repeat","background-position":"center center","background-size":"auto","background-attachment":"scroll","background-type":"","background-media":"","overlay-type":"","overlay-color":"","overlay-opacity":"","overlay-gradient":""}},"ast-content-background-meta":{"desktop":{"background-color":"var(--ast-global-color-5)","background-image":"","background-repeat":"repeat","background-position":"center center","background-size":"auto","background-attachment":"scroll","background-type":"","background-media":"","overlay-type":"","overlay-color":"","overlay-opacity":"","overlay-gradient":""},"tablet":{"background-color":"var(--ast-global-color-5)","background-image":"","background-repeat":"repeat","background-position":"center center","background-size":"auto","background-attachment":"scroll","background-type":"","background-media":"","overlay-type":"","overlay-color":"","overlay-opacity":"","overlay-gradient":""},"mobile":{"background-color":"var(--ast-global-color-5)","background-image":"","background-repeat":"repeat","background-position":"center center","background-size":"auto","background-attachment":"scroll","background-type":"","background-media":"","overlay-type":"","overlay-color":"","overlay-opacity":"","overlay-gradient":""}},"footnotes":""},"categories":[25],"tags":[],"class_list":["post-67898","post","type-post","status-publish","format-standard","hentry","category-destacado"],"spectra_blocks_featured_image_url":null,"spectra_blocks_author_info":{"display_name":"Jorge Alfredo Baret","avatar_url":"https:\/\/secure.gravatar.com\/avatar\/31696f5ca83439b642450ec7d3f82f98451a5efacb414343d5478c982b337f26?s=96&d=mm&r=g","author_link":"https:\/\/100xd.com.ar\/es\/author\/jorge\/","description":"Ingeniero Qu\u00edmico UTN - Director Apoderado de Comunicaciones Auditadas SA. Editor Responsable 100xd.com.ar."},"_links":{"self":[{"href":"https:\/\/100xd.com.ar\/es\/wp-json\/wp\/v2\/posts\/67898","targetHints":{"allow":["GET"]}}],"collection":[{"href":"https:\/\/100xd.com.ar\/es\/wp-json\/wp\/v2\/posts"}],"about":[{"href":"https:\/\/100xd.com.ar\/es\/wp-json\/wp\/v2\/types\/post"}],"author":[{"embeddable":true,"href":"https:\/\/100xd.com.ar\/es\/wp-json\/wp\/v2\/users\/9"}],"replies":[{"embeddable":true,"href":"https:\/\/100xd.com.ar\/es\/wp-json\/wp\/v2\/comments?post=67898"}],"version-history":[{"count":1,"href":"https:\/\/100xd.com.ar\/es\/wp-json\/wp\/v2\/posts\/67898\/revisions"}],"predecessor-version":[{"id":67900,"href":"https:\/\/100xd.com.ar\/es\/wp-json\/wp\/v2\/posts\/67898\/revisions\/67900"}],"wp:attachment":[{"href":"https:\/\/100xd.com.ar\/es\/wp-json\/wp\/v2\/media?parent=67898"}],"wp:term":[{"taxonomy":"category","embeddable":true,"href":"https:\/\/100xd.com.ar\/es\/wp-json\/wp\/v2\/categories?post=67898"},{"taxonomy":"post_tag","embeddable":true,"href":"https:\/\/100xd.com.ar\/es\/wp-json\/wp\/v2\/tags?post=67898"}],"curies":[{"name":"wp","href":"https:\/\/api.w.org\/{rel}","templated":true}]}}