{"id":67371,"date":"2022-07-11T08:46:29","date_gmt":"2022-07-11T11:46:29","guid":{"rendered":"https:\/\/100xd.com.ar\/?p=67371"},"modified":"2022-07-11T08:46:29","modified_gmt":"2022-07-11T11:46:29","slug":"miguel-pesce-es-una-coyuntura-dificil-pero-no-va-a-ser-necesario-ni-ajustar-ni-producir-bruscas-devaluaciones","status":"publish","type":"post","link":"https:\/\/100xd.com.ar\/es\/miguel-pesce-es-una-coyuntura-dificil-pero-no-va-a-ser-necesario-ni-ajustar-ni-producir-bruscas-devaluaciones\/","title":{"rendered":"Miguel Pesce: \u201cEs una coyuntura dif\u00edcil, pero no va a ser necesario ni ajustar, ni producir bruscas devaluaciones\u201d"},"content":{"rendered":"<p class=\"wp-block-paragraph\">A un d\u00eda de que la flamante ministra de Econom\u00eda,&nbsp;<strong>Silvina Batakis<\/strong>, anuncie las primeras medidas de su gesti\u00f3n, el presidente del Banco Central (BCRA),&nbsp;<strong>Miguel Pesce<\/strong>, asegur\u00f3 este domingo que, a pesar de que la Argentina enfrenta una \u201ccoyuntura compleja\u201d en su balanza cambiaria, \u201cno va a ser necesario ni ajustar, ni producir bruscas devaluaciones\u201d.<\/p>\n\n\n\n<p class=\"wp-block-paragraph\">En primer lugar, el funcionario remarc\u00f3 que el pa\u00eds \u201csiempre tuvo problemas porque export\u00f3 poco para el nivel de crecimiento que se pretend\u00eda tener\u201d, pero destac\u00f3 que este a\u00f1o el comercio exterior representar\u00e1 cerca de US$ 90.000 millones.PUBLICIDAD<\/p>\n\n\n\n<p class=\"wp-block-paragraph\">Al respecto, se\u00f1al\u00f3 que la suba del precio de la energ\u00eda \u201cdebido a la guerra en Ucrania\u201d est\u00e1 afectando las cuentas nacionales, pero&nbsp;<strong>neg\u00f3 que haya<\/strong>&nbsp;<strong>un \u201cproblema estructural\u201d de falta de d\u00f3lares<\/strong>&nbsp;y se mostr\u00f3 confiado en ir reduciendo para \u201cel final de agosto o septiembre\u201d los requisitos a empresas para importar.<\/p>\n\n\n\n<p class=\"wp-block-paragraph\"><mark>\u201cHe o\u00eddo, se habla de sacrificio, de ajuste, de no s\u00e9 qu\u00e9 y la verdad es que no hay razones para nada de eso. Es una coyuntura dif\u00edcil, pero la vamos a superar. No va a ser necesario ni ajustar, ni producir bruscas devaluaciones, ni nada por el estilo\u201d<\/mark>, sostuvo el titular del BCRA en declaraciones a&nbsp;<em>Radio 10<\/em>.<\/p>\n\n\n\n<p class=\"wp-block-paragraph\">Seg\u00fan explic\u00f3 el funcionario, para sortear esta medida el Gobierno les ha pedido a las empresas \u201cque financien el aumento de las importaciones que tuvieron respecto del a\u00f1o pasado a 180 d\u00edas\u201d.<\/p>\n\n\n\n<p class=\"wp-block-paragraph\">Seg\u00fan Pesce, en el \u00faltimo a\u00f1o \u201cel precio de la energ\u00eda aument\u00f3 200 por ciento y mientras que en abril se importaban 900 millones de d\u00f3lares en energ\u00eda, en junio se gastaron cerca de 2.000 millones de d\u00f3lares, por lo que no es que tengamos un problema estructural, sino coyuntural por el incremento de energ\u00eda\u201d.<img loading=\"lazy\" decoding=\"async\" alt=\"Miguel Pesce junto a Silvina Batakis, la nueva ministra de Econom\u00eda \" height=\"1080\" width=\"1920\" class=\"\" src=\"https:\/\/cloudfront-us-east-1.images.arcpublishing.com\/infobae\/ED25YSDFVFH2RBRUFM547WAUZ4.jpg\" srcset=\"https:\/\/www.infobae.com\/new-resizer\/sNpCVkl2BiV04zoZvXsr6gPvebA=\/420x236\/filters:format(webp):quality(85)\/cloudfront-us-east-1.images.arcpublishing.com\/infobae\/ED25YSDFVFH2RBRUFM547WAUZ4.jpg 420w,https:\/\/www.infobae.com\/new-resizer\/qsurqsCgHVrQKUoOAz7mZzDAk64=\/768x432\/filters:format(webp):quality(85)\/cloudfront-us-east-1.images.arcpublishing.com\/infobae\/ED25YSDFVFH2RBRUFM547WAUZ4.jpg 768w,https:\/\/www.infobae.com\/new-resizer\/_gRVn6gUKxOcmQSdeYqKTm5SC1Q=\/992x558\/filters:format(webp):quality(85)\/cloudfront-us-east-1.images.arcpublishing.com\/infobae\/ED25YSDFVFH2RBRUFM547WAUZ4.jpg 992w,https:\/\/www.infobae.com\/new-resizer\/A5JnTrLhalt-2zAW99i9IPnRoO4=\/1200x675\/filters:format(webp):quality(85)\/cloudfront-us-east-1.images.arcpublishing.com\/infobae\/ED25YSDFVFH2RBRUFM547WAUZ4.jpg 1200w,https:\/\/www.infobae.com\/new-resizer\/2yhM5y9ycWDYydthZEe25HPsB00=\/1440x810\/filters:format(webp):quality(85)\/cloudfront-us-east-1.images.arcpublishing.com\/infobae\/ED25YSDFVFH2RBRUFM547WAUZ4.jpg 1440w\" title=\"Miguel Pesce: \u201cEs una coyuntura dif\u00edcil, pero no va a ser necesario ni ajustar, ni producir bruscas devaluaciones\u201d\">Miguel Pesce junto a Silvina Batakis, la nueva ministra de Econom\u00eda<\/p>\n\n\n\n<p class=\"wp-block-paragraph\">\u201cCuando disminuya el nivel de importaciones (de energ\u00eda) porque no har\u00e1 tanto fr\u00edo como en los meses de junio y julio y baje la demanda de energ\u00eda tendremos una balanza cambiaria mejor\u201d, agreg\u00f3.<\/p>\n\n\n\n<p class=\"wp-block-paragraph\">Por otra parte,&nbsp;<strong>respecto del posible faltante de algunos productos particulares, como el caf\u00e9 o los fertilizantes, el presidente del Banco Central remarc\u00f3 que esos son bienes que \u201ctienen una estacionalidad muy marcada\u201d y que se limit\u00f3 el pedido de financiamiento a 60 d\u00edas<\/strong>, pero aclar\u00f3 que para los env\u00edos en tr\u00e1nsito se ha estado trabajando con las empresas y analizando opciones para resolver casos particulares.<\/p>\n\n\n\n<p class=\"wp-block-paragraph\">Esta semana, la m\u00e1xima autoridad del organismo monetario se reuni\u00f3 con autoridades de la Copal y la UIA y tambi\u00e9n con empresas de consumo masivo junto a la ministra de Econom\u00eda, Silvina Batakis, y el ministro de Desarrollo Productivo,&nbsp;<strong>Daniel Scioli<\/strong>, para encontrar soluciones en esta coyuntura.<\/p>\n\n\n\n<p class=\"wp-block-paragraph\">\u201cProducir y exportar es muy dif\u00edcil y requiere un gran esfuerzo. Pero con el di\u00e1logo hemos logrado ir acomodando la situaci\u00f3n como para que los casos particulares como el del caf\u00e9 y los fertilizantes puedan atravesar la situaci\u00f3n\u201d, destac\u00f3 Pesce.<\/p>\n\n\n\n<p class=\"wp-block-paragraph\">Por su parte,\u00a0<a rel=\"noreferrer noopener\" href=\"https:\/\/www.infobae.com\/economia\/2022\/07\/11\/batakis-consensuo-con-el-presidente-las-medidas-para-contener-la-inflacion-se-anunciaran-este-lunes\/\" target=\"_blank\"><strong>Batakis<\/strong>\u00a0se reuni\u00f3 este mismo domingo por la tarde con el presidente<strong>\u00a0Alberto Fern\u00e1ndez<\/strong><\/a>\u00a0en la Quinta de Olivos para informarle al mandatario nacional de las medidas que, al cabo de reuniones con las empresas productoras de alimentos de consumo masivo y de dos d\u00edas de trabajo con miembros de su propio equipo y funcionario del ministerio de Desarrollo Productivos, de la AFIP y de Arba, el organismo recaudador bonaerense, trabajar\u00e1 desde este lunes para resolver el desaf\u00edo m\u00e1s inmediato, la contenci\u00f3n de los aumentos de precios, que amenazan con llevar la inflaci\u00f3n del mes de julio a un nivel de dos d\u00edgitos.<\/p>\n\n\n\n<p class=\"wp-block-paragraph\">Fuente: <a href=\"https:\/\/www.infobae.com\/?noredirect\">Infobae.com<\/a><\/p>","protected":false},"excerpt":{"rendered":"<p>A un d\u00eda de que la flamante ministra de Econom\u00eda,&nbsp;Silvina Batakis, anuncie las primeras medidas de su gesti\u00f3n, el presidente del Banco Central (BCRA),&nbsp;Miguel Pesce, asegur\u00f3 este domingo que, a pesar de que la Argentina enfrenta una \u201ccoyuntura compleja\u201d en su balanza cambiaria, \u201cno va a ser necesario ni ajustar, ni producir bruscas devaluaciones\u201d. En [&hellip;]<\/p>\n","protected":false},"author":9,"featured_media":0,"comment_status":"open","ping_status":"open","sticky":false,"template":"","format":"standard","meta":{"site-sidebar-layout":"default","site-content-layout":"","ast-site-content-layout":"default","site-content-style":"default","site-sidebar-style":"default","ast-global-header-display":"","ast-banner-title-visibility":"","ast-main-header-display":"","ast-hfb-above-header-display":"","ast-hfb-below-header-display":"","ast-hfb-mobile-header-display":"","site-post-title":"","ast-breadcrumbs-content":"","ast-featured-img":"","footer-sml-layout":"","ast-disable-related-posts":"","theme-transparent-header-meta":"","adv-header-id-meta":"","stick-header-meta":"","header-above-stick-meta":"","header-main-stick-meta":"","header-below-stick-meta":"","astra-migrate-meta-layouts":"default","ast-page-background-enabled":"default","ast-page-background-meta":{"desktop":{"background-color":"","background-image":"","background-repeat":"repeat","background-position":"center center","background-size":"auto","background-attachment":"scroll","background-type":"","background-media":"","overlay-type":"","overlay-color":"","overlay-opacity":"","overlay-gradient":""},"tablet":{"background-color":"","background-image":"","background-repeat":"repeat","background-position":"center center","background-size":"auto","background-attachment":"scroll","background-type":"","background-media":"","overlay-type":"","overlay-color":"","overlay-opacity":"","overlay-gradient":""},"mobile":{"background-color":"","background-image":"","background-repeat":"repeat","background-position":"center center","background-size":"auto","background-attachment":"scroll","background-type":"","background-media":"","overlay-type":"","overlay-color":"","overlay-opacity":"","overlay-gradient":""}},"ast-content-background-meta":{"desktop":{"background-color":"var(--ast-global-color-5)","background-image":"","background-repeat":"repeat","background-position":"center center","background-size":"auto","background-attachment":"scroll","background-type":"","background-media":"","overlay-type":"","overlay-color":"","overlay-opacity":"","overlay-gradient":""},"tablet":{"background-color":"var(--ast-global-color-5)","background-image":"","background-repeat":"repeat","background-position":"center center","background-size":"auto","background-attachment":"scroll","background-type":"","background-media":"","overlay-type":"","overlay-color":"","overlay-opacity":"","overlay-gradient":""},"mobile":{"background-color":"var(--ast-global-color-5)","background-image":"","background-repeat":"repeat","background-position":"center center","background-size":"auto","background-attachment":"scroll","background-type":"","background-media":"","overlay-type":"","overlay-color":"","overlay-opacity":"","overlay-gradient":""}},"footnotes":""},"categories":[25],"tags":[],"class_list":["post-67371","post","type-post","status-publish","format-standard","hentry","category-destacado"],"spectra_blocks_featured_image_url":null,"spectra_blocks_author_info":{"display_name":"Jorge Alfredo Baret","avatar_url":"https:\/\/secure.gravatar.com\/avatar\/31696f5ca83439b642450ec7d3f82f98451a5efacb414343d5478c982b337f26?s=96&d=mm&r=g","author_link":"https:\/\/100xd.com.ar\/es\/author\/jorge\/","description":"Ingeniero Qu\u00edmico UTN - Director Apoderado de Comunicaciones Auditadas SA. Editor Responsable 100xd.com.ar."},"_links":{"self":[{"href":"https:\/\/100xd.com.ar\/es\/wp-json\/wp\/v2\/posts\/67371","targetHints":{"allow":["GET"]}}],"collection":[{"href":"https:\/\/100xd.com.ar\/es\/wp-json\/wp\/v2\/posts"}],"about":[{"href":"https:\/\/100xd.com.ar\/es\/wp-json\/wp\/v2\/types\/post"}],"author":[{"embeddable":true,"href":"https:\/\/100xd.com.ar\/es\/wp-json\/wp\/v2\/users\/9"}],"replies":[{"embeddable":true,"href":"https:\/\/100xd.com.ar\/es\/wp-json\/wp\/v2\/comments?post=67371"}],"version-history":[{"count":1,"href":"https:\/\/100xd.com.ar\/es\/wp-json\/wp\/v2\/posts\/67371\/revisions"}],"predecessor-version":[{"id":67373,"href":"https:\/\/100xd.com.ar\/es\/wp-json\/wp\/v2\/posts\/67371\/revisions\/67373"}],"wp:attachment":[{"href":"https:\/\/100xd.com.ar\/es\/wp-json\/wp\/v2\/media?parent=67371"}],"wp:term":[{"taxonomy":"category","embeddable":true,"href":"https:\/\/100xd.com.ar\/es\/wp-json\/wp\/v2\/categories?post=67371"},{"taxonomy":"post_tag","embeddable":true,"href":"https:\/\/100xd.com.ar\/es\/wp-json\/wp\/v2\/tags?post=67371"}],"curies":[{"name":"wp","href":"https:\/\/api.w.org\/{rel}","templated":true}]}}