{"id":65332,"date":"2022-05-24T11:41:27","date_gmt":"2022-05-24T14:41:27","guid":{"rendered":"https:\/\/100xd.com.ar\/?p=65332"},"modified":"2022-05-24T11:41:27","modified_gmt":"2022-05-24T14:41:27","slug":"cecilia-goyeneche-la-fiscal-que-investigo-el-poder-en-entre-rios-repudio-su-destitucion-lo-que-hicieron-da-asco","status":"publish","type":"post","link":"https:\/\/100xd.com.ar\/es\/cecilia-goyeneche-la-fiscal-que-investigo-el-poder-en-entre-rios-repudio-su-destitucion-lo-que-hicieron-da-asco\/","title":{"rendered":"Cecilia Goyeneche, la fiscal que investig\u00f3 el poder en Entre R\u00edos, repudi\u00f3 su destituci\u00f3n: \u201cLo que hicieron da asco\u201d"},"content":{"rendered":"<p class=\"wp-block-paragraph\">Ocurri\u00f3 lo que se anunciaba inevitable. Para la pol\u00edtica y la Justicia de Entre R\u00edos no hubo sorpresas:<mark><strong>&nbsp;Cecilia Goyeneche<\/strong>, la fiscal anticorrupci\u00f3n que investig\u00f3 al poder de la provincia, termin\u00f3 afuera de su cargo en un tr\u00e1mite plagado de cuestionamientos<\/mark>&nbsp;y que lleg\u00f3, incluso, a provocar una inusual intervenci\u00f3n de la Corte Suprema.<\/p>\n\n\n\n<p class=\"wp-block-paragraph\">La expulsi\u00f3n de la procuradora adjunta fue dispuesta este lunes por el Jury de Enjuiciamiento, con una mayor\u00eda de 5 a 2, conformada por representantes que integran el Superior Tribunal de Justicia local y responden al gobierno del peronista Gustavo Bordet. Fue cuestionada con dureza por la oposici\u00f3n local y nacional que, adem\u00e1s de condenar la destituci\u00f3n de manera p\u00fablica, present\u00f3 un proyecto de declaraci\u00f3n en la C\u00e1mara de Diputados que se\u00f1ala \u201c<strong>arbitrariedades<\/strong>\u201d en el proceso y advierte sobre las posibles \u201cresponsabilidades internacionales ante la afectaci\u00f3n de Derechos Humanos consagrados en instrumentos internacionales suscriptos por nuestro pa\u00eds\u201d.<\/p>\n\n\n\n<p class=\"wp-block-paragraph\">En di\u00e1logo con&nbsp;<strong>Infobae<\/strong>, Goyeneche confirm\u00f3 que va a recurrir a la Corte provincial y la naci\u00f3n para pedirles una pronunciamiento sobre sendos recursos que present\u00f3 antes de la consumaci\u00f3n de la destituci\u00f3n, que incluyen una presentaci\u00f3n contra su remoci\u00f3n y un amparo por considerar que no haber garantizar su derecho de defensa. \u201c<strong>Esperamos que resuelvan pronto<\/strong>\u201d, afirm\u00f3 la funcionaria removida, quien durante su gesti\u00f3n investig\u00f3 al poder pol\u00edtico de Entre R\u00edos, desbarat\u00f3 una red de recaudaci\u00f3n ilegal mediante falsos contratos de locaci\u00f3n de la Legislatura y particip\u00f3 de causas que terminaron con condenas a reconocidos pol\u00edticos.<\/p>\n\n\n\n<p class=\"wp-block-paragraph\">Por su actuaci\u00f3n, y con el argumento de no haberse excusado en la causa conocida como \u201cContratos de la Legislatura\u201d, la fiscal anticorrupci\u00f3n pas\u00f3 del estrado al banquillo. El Poder Judicial y el Poder Pol\u00edtico aprobaron el 30 de noviembre pasado que sea sometida al Jury y este lunes, a una semana de culminado el plazo m\u00e1ximo de seis meses, fue aprobada la destituci\u00f3n.<\/p>\n\n\n\n<p class=\"wp-block-paragraph\">\u201c<strong>Vamos a recurrir ante la Corte Suprema de Justicia, tanto por el amparo que interpusimos como por la destituci\u00f3n y esperamos que la Corte resuelva pronto. Lo que puedo decir es que el balance de todo el Jury es emocional, porque uno tiene una sensaci\u00f3n de asco por el nivel de impudicia y obscenidad de todo este tr\u00e1mite. Llega al punto de que no estoy notificada si me destituyeron o no, pero lo doy por cierto\u201d,<\/strong>&nbsp;afirm\u00f3 la ahora ex procuradora.<img loading=\"lazy\" decoding=\"async\" alt=\"Los votos de la destituci\u00f3n: Armando Gay, Juan Smaldone, Daniel Carubia, Gisela Nerea Schumacher y Gonzalo Garc\u00eda Garro.\" height=\"1080\" width=\"1920\" class=\"\" src=\"https:\/\/cloudfront-us-east-1.images.arcpublishing.com\/infobae\/E4QH5QXPWNBPXBA3ZCRYMAWTVU.jpg\" srcset=\"https:\/\/www.infobae.com\/new-resizer\/T0D6RR912EQmxc5Vl3jcVFyJFes=\/420x236\/filters:format(webp):quality(85)\/cloudfront-us-east-1.images.arcpublishing.com\/infobae\/E4QH5QXPWNBPXBA3ZCRYMAWTVU.jpg 420w,https:\/\/www.infobae.com\/new-resizer\/N1pTFBqBSuy5DsPnVpVi-SimNWM=\/768x432\/filters:format(webp):quality(85)\/cloudfront-us-east-1.images.arcpublishing.com\/infobae\/E4QH5QXPWNBPXBA3ZCRYMAWTVU.jpg 768w,https:\/\/www.infobae.com\/new-resizer\/Gl8Nbo_-q88Ycds8RiqnD-9s6I4=\/992x558\/filters:format(webp):quality(85)\/cloudfront-us-east-1.images.arcpublishing.com\/infobae\/E4QH5QXPWNBPXBA3ZCRYMAWTVU.jpg 992w,https:\/\/www.infobae.com\/new-resizer\/WEGGTbjZFPvcjrivn0nTJJ_4g58=\/1200x675\/filters:format(webp):quality(85)\/cloudfront-us-east-1.images.arcpublishing.com\/infobae\/E4QH5QXPWNBPXBA3ZCRYMAWTVU.jpg 1200w,https:\/\/www.infobae.com\/new-resizer\/Oqv-ar3ZmNtrSemN0naK8kbNrjQ=\/1440x810\/filters:format(webp):quality(85)\/cloudfront-us-east-1.images.arcpublishing.com\/infobae\/E4QH5QXPWNBPXBA3ZCRYMAWTVU.jpg 1440w\" title=\"Cecilia Goyeneche, la fiscal que investig\u00f3 el poder en Entre R\u00edos, repudi\u00f3 su destituci\u00f3n: \u201cLo que hicieron da asco\u201d\">Los votos de la destituci\u00f3n: Armando Gay, Juan Smaldone, Daniel Carubia, Gisela Nerea Schumacher y Gonzalo Garc\u00eda Garro.<\/p>\n\n\n\n<p class=\"wp-block-paragraph\">A Cecilia Goyeneche la destituyeron con el voto de&nbsp;<strong>Armando Gay<\/strong>, un senador provincial de estrecho v\u00ednculo con Bordet;<strong>&nbsp;Juan Smaldone, Daniel Carubia<\/strong>&nbsp;y&nbsp;<strong>Gisela Nerea Schumacher<\/strong>, que integran el Superior Tribunal de Justicia de Entre R\u00edos y fueron designados por sorteo para integrar el organismo constitucional a cargo del juzgamiento de jueces y fiscales; y Gonzalo Garc\u00eda Garro, por el Colegio de la Abogac\u00eda. En contra, votaron&nbsp;<strong>Ver\u00f3nica Mulone<\/strong>, la otra representante del Colegio de la Abogac\u00eda; y&nbsp;<strong>Gustavo Zavallo<\/strong>, un diputado provincial que respond\u00eda al fallecido ex gobernador Jorge Busti.<\/p>\n\n\n\n<p class=\"wp-block-paragraph\">La fiscal removida apunt\u00f3 contra la actual administraci\u00f3n por el resultado que tuvo la votaci\u00f3n:&nbsp;<strong>\u201dEl gobernador Bordet est\u00e1 fuertemente vinculado a esta decisi\u00f3n pero tambi\u00e9n el Superior Tribunal de Justicia como brazo ejecutor de este plan esencialmente. Todos ellos, por distintos motivos hicieron esta tropel\u00eda, este atropello institucional\u201d.<\/strong><img loading=\"lazy\" decoding=\"async\" alt=\"Los votos en contra de la destituci\u00f3n fueron de Ver\u00f3nica Mulone y Gustavo Zavallo.\" height=\"1080\" width=\"1920\" class=\"\" src=\"https:\/\/cloudfront-us-east-1.images.arcpublishing.com\/infobae\/PIYKEB3FNRCBTFUKLM4QABACVE.jpg\" srcset=\"https:\/\/www.infobae.com\/new-resizer\/myY54BhuHmQdMzDj4fN06ZlGusg=\/420x236\/filters:format(webp):quality(85)\/cloudfront-us-east-1.images.arcpublishing.com\/infobae\/PIYKEB3FNRCBTFUKLM4QABACVE.jpg 420w,https:\/\/www.infobae.com\/new-resizer\/Pxw3ZlQhB4uNykoTwN0RXmvFZZA=\/768x432\/filters:format(webp):quality(85)\/cloudfront-us-east-1.images.arcpublishing.com\/infobae\/PIYKEB3FNRCBTFUKLM4QABACVE.jpg 768w,https:\/\/www.infobae.com\/new-resizer\/0Us1F0QSSV9Mp3iEQy5ZqxXVh7M=\/992x558\/filters:format(webp):quality(85)\/cloudfront-us-east-1.images.arcpublishing.com\/infobae\/PIYKEB3FNRCBTFUKLM4QABACVE.jpg 992w,https:\/\/www.infobae.com\/new-resizer\/Jd25ksW9rQxsNP7f1vn68ikt2ZE=\/1200x675\/filters:format(webp):quality(85)\/cloudfront-us-east-1.images.arcpublishing.com\/infobae\/PIYKEB3FNRCBTFUKLM4QABACVE.jpg 1200w,https:\/\/www.infobae.com\/new-resizer\/ebSYVUbOst1SDhWrxMRXPDblxhM=\/1440x810\/filters:format(webp):quality(85)\/cloudfront-us-east-1.images.arcpublishing.com\/infobae\/PIYKEB3FNRCBTFUKLM4QABACVE.jpg 1440w\" title=\"Cecilia Goyeneche, la fiscal que investig\u00f3 el poder en Entre R\u00edos, repudi\u00f3 su destituci\u00f3n: \u201cLo que hicieron da asco\u201d\">Los votos en contra de la destituci\u00f3n fueron de Ver\u00f3nica Mulone y Gustavo Zavallo.<\/p>\n\n\n\n<p class=\"wp-block-paragraph\">Finalmente, en declaraciones period\u00edsticas, Goyeneche dijo que el jurado de enjuiciamiento apur\u00f3 el fallo y dio su interpretaci\u00f3n:\u00a0<strong>\u201cVeo que aceleraron una semana. Ten\u00edan miedo de que la Corte intervenga\u201d<\/strong>, manifest\u00f3 y agreg\u00f3 que la condena\u00a0<strong>\u201ces la consumaci\u00f3n de un golpe dado por la corrupci\u00f3n en un proceso tendiente a mantener el status quo en la provincia. Este es el primer round. La lucha puede ser larga o no,\u00a0<\/strong>va a depender del m\u00e1ximo tribunal. Puede ser una lucha larga de varios meses o a\u00f1os<strong>\u201d.<\/strong><\/p>\n\n\n\n<p class=\"wp-block-paragraph\">Fuente: <a href=\"https:\/\/www.infobae.com\/?noredirect\">Infobae.com<\/a><\/p>","protected":false},"excerpt":{"rendered":"<p>Ocurri\u00f3 lo que se anunciaba inevitable. Para la pol\u00edtica y la Justicia de Entre R\u00edos no hubo sorpresas:&nbsp;Cecilia Goyeneche, la fiscal anticorrupci\u00f3n que investig\u00f3 al poder de la provincia, termin\u00f3 afuera de su cargo en un tr\u00e1mite plagado de cuestionamientos&nbsp;y que lleg\u00f3, incluso, a provocar una inusual intervenci\u00f3n de la Corte Suprema. La expulsi\u00f3n de [&hellip;]<\/p>\n","protected":false},"author":9,"featured_media":0,"comment_status":"open","ping_status":"open","sticky":false,"template":"","format":"standard","meta":{"site-sidebar-layout":"default","site-content-layout":"","ast-site-content-layout":"default","site-content-style":"default","site-sidebar-style":"default","ast-global-header-display":"","ast-banner-title-visibility":"","ast-main-header-display":"","ast-hfb-above-header-display":"","ast-hfb-below-header-display":"","ast-hfb-mobile-header-display":"","site-post-title":"","ast-breadcrumbs-content":"","ast-featured-img":"","footer-sml-layout":"","ast-disable-related-posts":"","theme-transparent-header-meta":"","adv-header-id-meta":"","stick-header-meta":"","header-above-stick-meta":"","header-main-stick-meta":"","header-below-stick-meta":"","astra-migrate-meta-layouts":"default","ast-page-background-enabled":"default","ast-page-background-meta":{"desktop":{"background-color":"","background-image":"","background-repeat":"repeat","background-position":"center center","background-size":"auto","background-attachment":"scroll","background-type":"","background-media":"","overlay-type":"","overlay-color":"","overlay-opacity":"","overlay-gradient":""},"tablet":{"background-color":"","background-image":"","background-repeat":"repeat","background-position":"center center","background-size":"auto","background-attachment":"scroll","background-type":"","background-media":"","overlay-type":"","overlay-color":"","overlay-opacity":"","overlay-gradient":""},"mobile":{"background-color":"","background-image":"","background-repeat":"repeat","background-position":"center center","background-size":"auto","background-attachment":"scroll","background-type":"","background-media":"","overlay-type":"","overlay-color":"","overlay-opacity":"","overlay-gradient":""}},"ast-content-background-meta":{"desktop":{"background-color":"var(--ast-global-color-5)","background-image":"","background-repeat":"repeat","background-position":"center center","background-size":"auto","background-attachment":"scroll","background-type":"","background-media":"","overlay-type":"","overlay-color":"","overlay-opacity":"","overlay-gradient":""},"tablet":{"background-color":"var(--ast-global-color-5)","background-image":"","background-repeat":"repeat","background-position":"center center","background-size":"auto","background-attachment":"scroll","background-type":"","background-media":"","overlay-type":"","overlay-color":"","overlay-opacity":"","overlay-gradient":""},"mobile":{"background-color":"var(--ast-global-color-5)","background-image":"","background-repeat":"repeat","background-position":"center center","background-size":"auto","background-attachment":"scroll","background-type":"","background-media":"","overlay-type":"","overlay-color":"","overlay-opacity":"","overlay-gradient":""}},"footnotes":""},"categories":[25],"tags":[],"class_list":["post-65332","post","type-post","status-publish","format-standard","hentry","category-destacado"],"spectra_blocks_featured_image_url":null,"spectra_blocks_author_info":{"display_name":"Jorge Alfredo Baret","avatar_url":"https:\/\/secure.gravatar.com\/avatar\/31696f5ca83439b642450ec7d3f82f98451a5efacb414343d5478c982b337f26?s=96&d=mm&r=g","author_link":"https:\/\/100xd.com.ar\/es\/author\/jorge\/","description":"Ingeniero Qu\u00edmico UTN - Director Apoderado de Comunicaciones Auditadas SA. Editor Responsable 100xd.com.ar."},"_links":{"self":[{"href":"https:\/\/100xd.com.ar\/es\/wp-json\/wp\/v2\/posts\/65332","targetHints":{"allow":["GET"]}}],"collection":[{"href":"https:\/\/100xd.com.ar\/es\/wp-json\/wp\/v2\/posts"}],"about":[{"href":"https:\/\/100xd.com.ar\/es\/wp-json\/wp\/v2\/types\/post"}],"author":[{"embeddable":true,"href":"https:\/\/100xd.com.ar\/es\/wp-json\/wp\/v2\/users\/9"}],"replies":[{"embeddable":true,"href":"https:\/\/100xd.com.ar\/es\/wp-json\/wp\/v2\/comments?post=65332"}],"version-history":[{"count":1,"href":"https:\/\/100xd.com.ar\/es\/wp-json\/wp\/v2\/posts\/65332\/revisions"}],"predecessor-version":[{"id":65334,"href":"https:\/\/100xd.com.ar\/es\/wp-json\/wp\/v2\/posts\/65332\/revisions\/65334"}],"wp:attachment":[{"href":"https:\/\/100xd.com.ar\/es\/wp-json\/wp\/v2\/media?parent=65332"}],"wp:term":[{"taxonomy":"category","embeddable":true,"href":"https:\/\/100xd.com.ar\/es\/wp-json\/wp\/v2\/categories?post=65332"},{"taxonomy":"post_tag","embeddable":true,"href":"https:\/\/100xd.com.ar\/es\/wp-json\/wp\/v2\/tags?post=65332"}],"curies":[{"name":"wp","href":"https:\/\/api.w.org\/{rel}","templated":true}]}}