{"id":65042,"date":"2022-05-14T11:56:39","date_gmt":"2022-05-14T14:56:39","guid":{"rendered":"https:\/\/100xd.com.ar\/?p=65042"},"modified":"2022-05-14T11:56:39","modified_gmt":"2022-05-14T14:56:39","slug":"dos-hipotesis-distintas-sobre-el-porvenir","status":"publish","type":"post","link":"https:\/\/100xd.com.ar\/es\/dos-hipotesis-distintas-sobre-el-porvenir\/","title":{"rendered":"Dos hip\u00f3tesis distintas sobre el porvenir"},"content":{"rendered":"<p class=\"wp-block-paragraph\"><em><\/em><em><\/em>100<\/p>\n\n\n\n<p class=\"wp-block-paragraph\">\u201cJam\u00e1s me voy a pelear con Cristina\u201d. Esa promesa de&nbsp;<strong>Alberto Fern\u00e1ndez,<\/strong>&nbsp;formulada en innumerables ocasiones, quedar\u00e1 tambi\u00e9n incumplida. Otra frustraci\u00f3n imputable a la pandemia. La gira del Presidente por Europa, que ya ten\u00eda rasgos poco comprensibles, termin\u00f3 de incorporarse a la historia de las excentricidades diplom\u00e1ticas. Las reglas de ese arte aconsejan que cuando un jefe de Estado viaja al exterior se abstenga de criticar a la dirigencia de su pa\u00eds. Incluso a los opositores. Pero Fern\u00e1ndez cruz\u00f3 el Atl\u00e1ntico para agigantar la fisura sobre la que est\u00e1 parado. El hombre que lleg\u00f3 para ser el agente de la reconciliaci\u00f3n nacional no solo repiti\u00f3 que&nbsp;<strong>Mauricio Macri&nbsp;<\/strong>es su \u201cenemigo\u201d. Desde la otra orilla critic\u00f3 a&nbsp;<strong>Cristina Kirchner<\/strong>, quien, adem\u00e1s de ser de su mismo partido, estaba, en el momento de recibir las objeciones, al frente de la Rep\u00fablica.<\/p>\n\n\n\n<p class=\"wp-block-paragraph\">El conflicto que se abri\u00f3 en la cima del poder es el conflicto entre dos estrategias diferentes. Y, como sucede siempre en pol\u00edtica, las estrategias se elaboran partiendo del futuro para llegar hasta el presente.<strong>&nbsp;La se\u00f1ora de Kirchner y el Presidente tienen hip\u00f3tesis distintas sobre el porvenir.<\/strong>&nbsp;<mark>Ella cree que la actual experiencia de gobierno es irrecuperable y que termina en un colapso.<\/mark>&nbsp;No est\u00e1 claro si ese colapso es econ\u00f3mico, pero seguro es electoral. Desde ese punto de llegada, ha establecido un nuevo punto de partida: separarse de la gesti\u00f3n oficial, romper con Fern\u00e1ndez, y definir para el Frente de Todos un nuevo contorno y una nueva agenda.<\/p>\n\n\n\n<p class=\"wp-block-paragraph\"><mark>Fern\u00e1ndez imagina que lo que est\u00e1 por venir es diferente. Esa es la ra\u00edz del entredicho. \u00c9l est\u00e1 convencido de que la econom\u00eda se ha recuperado y solo queda por solucionar el problema de la inflaci\u00f3n.&nbsp;<\/mark>\u00bfNo ser\u00e1 que la reactivaci\u00f3n es una consecuencia de la inflaci\u00f3n? \u00bfLa vitalidad del aparato productivo no derivar\u00e1 de que el p\u00fablico se desprende, comprando lo que sea, de una moneda cuyo valor se va pulverizando? Son preguntas cruciales. Pero \u00e9l no se las hace.<\/p>\n\n\n\n<figure data-spectra-id=\"spectra-43c4707a-40e2-42a0-af62-dbcbd8f3c7dd\" class=\"wp-block-image\"><img decoding=\"async\" src=\"https:\/\/resizer.glanacion.com\/resizer\/gyrrtskVSHnYjVb47czf7pyTRgo=\/310x0\/filters:format(webp):quality(80)\/cloudfront-us-east-1.images.arcpublishing.com\/lanacionar\/23XDBLFE6FD5VJ3CFSWTGAUUII.jpg\" alt=\"Alberto Fern\u00e1ndez y un momento inc\u00f3modo en la conferencia de prensa con Olaf Scholz\" title=\"Dos hip\u00f3tesis distintas sobre el porvenir\" \/><figcaption>Alberto Fern\u00e1ndez y un momento inc\u00f3modo en la conferencia de prensa con Olaf Scholz<\/figcaption><\/figure>\n\n\n\n<p class=\"wp-block-paragraph\">Confiado en que camina hacia un horizonte luminoso, el Presidente ha iniciado tambi\u00e9n una diferenciaci\u00f3n que no es solo defensiva. Tambi\u00e9n es ofensiva. \u00c9l y sus voceros comienzan a recordar que en tiempos de Cristina Kirchner se adulteraban las estad\u00edsticas y se ocultaba la pobreza con la excusa de no estigmatizarla. Son reproches que alcanzan, adem\u00e1s, al exministro&nbsp;<strong>Axel Kicillof<\/strong>, a quien en la Casa Rosada identifican como el libretista econ\u00f3mico de la vicepresidenta. En cualquier momento, Fern\u00e1ndez,&nbsp;<strong>Mat\u00edas Kulfas&nbsp;<\/strong>y&nbsp;<strong>Mart\u00edn Guzm\u00e1n&nbsp;<\/strong>har\u00e1n el inventario de la herencia maldita que recibi\u00f3 Mauricio Macri. Ese que&nbsp;<strong>Jaime Dur\u00e1n Barba<\/strong>&nbsp;le ten\u00eda prohibido pronunciar al propio interesado.<\/p>\n\n\n\n<p class=\"wp-block-paragraph\">El Presidente lamenta ahora que la se\u00f1ora de Kirchner tenga \u201cuna visi\u00f3n parcial, porque no advirti\u00f3 del todo lo que sucedi\u00f3 con la pandemia\u201d.&nbsp;<strong>En sus conversaciones reservadas es m\u00e1s severo, aunque siempre comprensivo: \u201cEl problema de Cristina es que, desde 2008, dej\u00f3 de leer bien el mundo, como me dice siempre Lula\u201d.<\/strong><\/p>\n\n\n\n<p class=\"wp-block-paragraph\">En el c\u00edrculo presidencial, los chistosos se presentan como v\u00edctimas de un golpe cl\u00e1sico: est\u00e1n de manual, dicen, que comenz\u00f3 con una entrevista con la jefa del Comando Sur.<\/p>\n\n\n\n<p class=\"wp-block-paragraph\"><mark>Asoma otro Fern\u00e1ndez. Aquel que, entre 2008 y 2018, recorr\u00eda los canales de TV describiendo con los peores adjetivos la gesti\u00f3n de quien hab\u00eda sido su jefa,&nbsp;<\/mark>parece estar de vuelta. Y, en su regreso, incurre en insinuaciones odiosas. Por ejemplo, al decir: \u201cDebo ser el presidente con menos bienes de la historia, porque nunca llegu\u00e9 al poder para enriquecerme\u201d. Una l\u00ednea argumental que hab\u00eda inaugurado&nbsp;<strong>Luis D\u2019El\u00eda<\/strong>&nbsp;al elogiarlo porque jam\u00e1s tuvo una denuncia penal en su contra. Ya hay derecho a sospechar por d\u00f3nde ir\u00e1n los tiros de la interna.<\/p>\n\n\n\n<p class=\"wp-block-paragraph\">Como la vicepresidenta, Fern\u00e1ndez construye la plataforma para dar esa batalla en un pron\u00f3stico. Es el que le ofrece Guzm\u00e1n. La econom\u00eda crecer\u00e1 este a\u00f1o y el que viene alrededor de 5%. Y la inflaci\u00f3n ser\u00e1, en el peor de los casos, 60%. Como el empleo se est\u00e1 recuperando, los aumentos de salarios compensar\u00e1n la carrera de los precios.&nbsp;<strong>El ministro de Econom\u00eda se pregunta: \u201c\u00bfPor qu\u00e9 hay tantas dudas sobre la posibilidad del Presidente de hacerse reelegir?\u201d.<\/strong><\/p>\n\n\n\n<p class=\"wp-block-paragraph\">Ese clima de optimismo presenta algunas sombras. E<mark>n Econom\u00eda existe una preocupaci\u00f3n por la falta de compromiso de todo el gabinete en cumplir con las metas fiscales.<\/mark>&nbsp;Los funcionarios, susceptibles a los reclamos distribucionistas de Cristina Kirchner, presionan sobre el gasto. El problema de Guzm\u00e1n no es la vicepresidenta. Es Fern\u00e1ndez, que no disciplina a esos funcionarios. En esta dificultad se insin\u00faa una din\u00e1mica inquietante:&nbsp;<strong>el enfrentamiento dom\u00e9stico del Frente de Todos amenaza con convertirse en una competencia por el gasto<\/strong>. Es la encrucijada que dise\u00f1an desde el Congreso Cristina y&nbsp;<strong>M\u00e1ximo Kirchner.&nbsp;<\/strong>O el Gobierno incumple el acuerdo con el Fondo Monetario o el Presidente se convierte en el antip\u00e1tico censor de medidas demag\u00f3gicas, que deben ser vetadas. En los dos casos pierde el Presidente.<\/p>\n\n\n\n<figure data-spectra-id=\"spectra-e764b4be-c082-4825-af51-a48605440b67\" class=\"wp-block-image\"><img decoding=\"async\" src=\"https:\/\/resizer.glanacion.com\/resizer\/dd0puYd1ejPzZvAQRLnQ-G3bHuc=\/310x0\/filters:format(webp):quality(80)\/cloudfront-us-east-1.images.arcpublishing.com\/lanacionar\/MCRP4V5SJRBFBIUP5CHDTM4LDA.jpg\" alt=\"Mart\u00edn Guzm\u00e1n en el foro de la AmCham\" title=\"Dos hip\u00f3tesis distintas sobre el porvenir\" \/><figcaption>Mart\u00edn Guzm\u00e1n en el foro de la AmCham<\/figcaption><\/figure>\n\n\n\n<p class=\"wp-block-paragraph\">Mientras tanto, la inflaci\u00f3n, cuyo nuevo nivel se conocer\u00e1 hoy, sigue con su trabajo corrosivo. En la intimidad del gabinete hay figuras importantes desveladas. Kulfas, por ejemplo, visit\u00f3 a&nbsp;<strong>Jorge Remes Lenicov&nbsp;<\/strong>y a&nbsp;<strong>Roberto Frenkel&nbsp;<\/strong>para indagar, a la luz de las experiencias que ellos protagonizaron, las condiciones que deber\u00eda tener un plan polifac\u00e9tico de estabilizaci\u00f3n.<\/p>\n\n\n\n<p class=\"wp-block-paragraph\">El otro obst\u00e1culo para que Fern\u00e1ndez corrobore su optimismo es el energ\u00e9tico. La quita de subsidios es un calvario que reci\u00e9n comenz\u00f3. Ayer en Berl\u00edn la presentadora de la Deutsche Welle&nbsp;<strong>Jenny P\u00e9rez-Schmidt<\/strong>&nbsp;logr\u00f3 irritarlo citando una encuesta de Zuban C\u00f3rdoba, publicada en&nbsp;<strong>LA NACION<\/strong>, seg\u00fan la cual quienes adhieren a esa racionalizaci\u00f3n son votantes de Juntos por el Cambio. Los del Frente de Todos la rechazan. \u201c\u00bfUsted para qui\u00e9n est\u00e1 gobernando?\u201d, le pregunt\u00f3 la periodista, como si fuera una militante de Die Kampora. En Buenos Aires, a la misma hora, el secretario de Energ\u00eda,&nbsp;<strong>Dar\u00edo Mart\u00ednez,<\/strong>&nbsp;y el subsecretario de Energ\u00eda El\u00e9ctrica,&nbsp;<strong>Federico Basualdo<\/strong>, se exhib\u00edan recorriendo una central t\u00e9rmica en Ezeiza para dejar en claro que no hab\u00edan asistido a la audiencia de aumento de tarifas.<\/p>\n\n\n\n<p class=\"wp-block-paragraph\"><strong>La visita a Espa\u00f1a y Alemania respondi\u00f3, en su llamativa improvisaci\u00f3n, al impulso del problema energ\u00e9tico<\/strong>. Fern\u00e1ndez pretende conseguir los contratos de compra de gas a largo plazo que permitan financiar un nuevo gasoducto, una planta de licuefacci\u00f3n y un puerto, a trav\u00e9s de los cuales exportar ese combustible. Es un proyecto principal de Guzm\u00e1n, sobre el que el Presidente y el ministro dialogaron con el chairman de Techint,&nbsp;<strong>Paolo Rocca<\/strong>, el jueves pasado. En el curso de los pr\u00f3ximos meses Guzm\u00e1n se propone enviar al Congreso un proyecto de ley que garantice libre disponibilidad de divisas y estabilidad tributaria a los que participen en ese emprendimiento.<\/p>\n\n\n\n<p class=\"wp-block-paragraph\"><mark>En el entusiasmo por seducir a los europeos, Fern\u00e1ndez confes\u00f3 reparos frente a China<\/mark>&nbsp;que hab\u00eda ocultado a&nbsp;<strong>Xi Jinping<\/strong>&nbsp;en su visita de febrero. En la Deutsche Welle reconoci\u00f3 que los chinos son grandes inversores, pero, a diferencia de los europeos, carecen de afinidad cultural con Am\u00e9rica Latina. Es el mismo Fern\u00e1ndez que, reprimiendo su fervoroso europe\u00edsmo, hace un a\u00f1o bloque\u00f3 el acuerdo de libre comercio del Mercosur con la Uni\u00f3n Europea.<\/p>\n\n\n\n<figure data-spectra-id=\"spectra-0d830687-3876-4f1f-ae9b-83181734096a\" class=\"wp-block-image\"><img decoding=\"async\" src=\"https:\/\/resizer.glanacion.com\/resizer\/TxAbAJqpSRr6WJYVczq15olEQ5Y=\/310x0\/filters:format(webp):quality(80)\/cloudfront-us-east-1.images.arcpublishing.com\/lanacionar\/OOA3MGADDBDXNAJQITHKBEX3WQ\" alt=\"En esta foto publicada por la agencia de noticias Xinhua, el presidente chino, Xi Jinping, a la derecha, y el presidente argentino Alberto Fern\u00e1ndez posan para una fotograf\u00eda antes de su reuni\u00f3n bilateral en el Gran Sal\u00f3n del Pueblo en Beijing, el domingo 6 de febrero de 2022. Fern\u00e1ndez est\u00e1 en Beijing para la ceremonia de apertura de los Juegos Ol\u00edmpicos de Invierno. (Liu Weibing\/Xinhua v\u00eda AP)\" title=\"Dos hip\u00f3tesis distintas sobre el porvenir\" \/><figcaption>En esta foto publicada por la agencia de noticias Xinhua, el presidente chino, Xi Jinping, a la derecha, y el presidente argentino Alberto Fern\u00e1ndez posan para una fotograf\u00eda antes de su reuni\u00f3n bilateral en el Gran Sal\u00f3n del Pueblo en Beijing, el domingo 6 de febrero de 2022. Fern\u00e1ndez est\u00e1 en Beijing para la ceremonia de apertura de los Juegos Ol\u00edmpicos de Invierno. (Liu Weibing\/Xinhua v\u00eda AP)<\/figcaption><\/figure>\n\n\n\n<p class=\"wp-block-paragraph\">Las relaciones econ\u00f3micas internacionales del oficialismo inspiran grandes interrogantes. El Presidente justific\u00f3 su viaje en la vocaci\u00f3n por vender granos a pa\u00edses que se abastec\u00edan en Rusia y en Ucrania. Una curiosidad, porque ese comercio se realiza entre privados, y tambi\u00e9n porque el ministro Juli\u00e1n Dom\u00ednguez qued\u00f3, olvidado, en Buenos Aires.<\/p>\n\n\n\n<p class=\"wp-block-paragraph\">El otro problema en ese frente externo es delicad\u00edsimo: la apuesta de Fern\u00e1ndez a la vacuna Sputnik recibi\u00f3 un peligroso rev\u00e9s, por razones obvias. Una p\u00e9sima noticia para el laboratorio Richmond, de&nbsp;<strong>Marcelo Figueiras,&nbsp;<\/strong>en cuyo informe financiero, publicado ayer, no aparece mencionado ese producto. Figueiras hab\u00eda conseguido ser el productor local de la Sputnik, para lo cual obtuvo un aporte especial del Gobierno y comenz\u00f3 a constituir un fondo ad hoc.&nbsp;<strong>Esa aventura enfrenta una tormenta. Va a ser dif\u00edcil comerciar con Rusia.<\/strong>&nbsp;Y va a ser m\u00e1s dif\u00edcil que alguien quiera aplicarse una vacuna que carecer\u00e1 de reconocimiento internacional. Todo un desaf\u00edo sanitario cuando comienza a recrudecer la pandemia.<\/p>\n\n\n\n<p class=\"wp-block-paragraph\">El nombre de Figueiras y de su laboratorio circula en estos d\u00edas por la pol\u00edtica. Se los mencion\u00f3 en las comisiones de Presupuesto y Hacienda e Industria de Diputados, anteayer, donde se trat\u00f3 un proyecto para incluir al Pami en el r\u00e9gimen de Compre Nacional. Es decir, un proyecto para otorgar a los laboratorios nacionales el monopolio de la provisi\u00f3n de medicamentos a la entidad que controla el 40% del mercado. All\u00ed se habl\u00f3 de Figueiras y de&nbsp;<strong>Hugo Sigman,&nbsp;<\/strong>el titular del grupo Insud, como inspiradores de la medida. M\u00e1s agresivo fue el debate, ayer, en un Zoom de Juntos por el Cambio, donde&nbsp;<mark>un diputado santafesino se refiri\u00f3 a la iniciativa como ley Sigman.&nbsp;<\/mark>La sesi\u00f3n en la que se trate esta extraordinaria protecci\u00f3n, que hoy ser\u00e1 de nuevo discutida en un plenario de comisiones, promete convertirse en un esc\u00e1ndalo. Otro reto para un presidente europe\u00edsta.<\/p>\n\n\n\n<figure data-spectra-id=\"spectra-1b4830e0-c1f1-425a-b6ec-57b21737ea28\" class=\"wp-block-image\"><img decoding=\"async\" src=\"https:\/\/resizer.glanacion.com\/resizer\/UwCM90FO-C4mPRyaYRGdVamiH_E=\/310x0\/filters:format(webp):quality(80)\/cloudfront-us-east-1.images.arcpublishing.com\/lanacionar\/LUR74F47ENAL5BVFIF5MVE2S2M.jpeg\" alt=\"se reparten las vacunas fabricadas en la argentina\" title=\"Dos hip\u00f3tesis distintas sobre el porvenir\" \/><figcaption>se reparten las vacunas fabricadas en la argentinaPresidencia<\/figcaption><\/figure>\n\n\n\n<p class=\"wp-block-paragraph\">La disputa entre el Presidente y Cristina Kirchner abre una inc\u00f3gnita importante: c\u00f3mo se alinear\u00e1n los dirigentes peronistas. Despu\u00e9s de todo, Fern\u00e1ndez, que se postul\u00f3 para la reelecci\u00f3n en las primarias, es el titular del PJ. Ayer consigui\u00f3 solo dos apoyos. Uno, el de&nbsp;<strong>Claudio Ferre\u00f1o<\/strong>, el presidente de Parte, la fuerza que el fund\u00f3. El otro, el del gobernador fueguino,&nbsp;<strong>Gustavo Melella<\/strong>, un radical que integra el frente Forja. Hay que recordar que los intendentes de Ushuaia y de R\u00edo Grande son militantes de La C\u00e1mpora.<\/p>\n\n\n\n<p class=\"wp-block-paragraph\"><strong>El peronismo, como se advierte, no sabe o no contesta.<\/strong>&nbsp;Es probable que la guerra multiplique la decisi\u00f3n de los gobernadores de adelantar las elecciones provinciales para ponerse a salvo, no solo de una derrota, sino de una confrontaci\u00f3n inconveniente. Esta pulsi\u00f3n por provincializar la confrontaci\u00f3n electoral apareci\u00f3 tambi\u00e9n en el reino de Cristina Kirchner: el feudo bonaerense.<\/p>\n\n\n\n<p class=\"wp-block-paragraph\"><strong>Hay varios intendentes que ven con simpat\u00eda un desdoblamiento de las elecciones provinciales y municipales, que celebrar\u00edan sus primarias el 19 de marzo.<\/strong>&nbsp;Eligen salvarse ellos, aun cuando ese instinto libre a su suerte las ambiciones de Fern\u00e1ndez, que deber\u00eda prescindir del principal aparato territorial de su partido. Respecto de la vicepresidenta, se esboza una ocurrencia de dificil\u00edsima realizaci\u00f3n.&nbsp;<strong>Se trata de conseguir que el juez federal-electoral Alejo Ramos Padilla autorice a que tambi\u00e9n se adelante la elecci\u00f3n de senador nacional,<\/strong>&nbsp;con el forzad\u00edsimo argumento de que es un representante de la provincia, no del pueblo. La se\u00f1ora de Kirchner podr\u00eda competir en esa categor\u00eda y, de ese modo, garantizarse fueros.&nbsp;<mark>Quedar\u00eda abierta la chance de que, m\u00e1s tarde, en las elecciones nacionales, compita tambi\u00e9n por la presidencia.<\/mark><\/p>\n\n\n\n<p class=\"wp-block-paragraph\">No est\u00e1 para nada claro si este plan cuenta con el aval del jefe del PJ provincial,&nbsp;<strong>M\u00e1ximo Kirchner.<\/strong>&nbsp;A pesar de que en su elaboraci\u00f3n estar\u00eda su aliado&nbsp;<strong>Mart\u00edn Insaurralde<\/strong>, uno de los candidatos a la gobernaci\u00f3n. Tambi\u00e9n es un enigma c\u00f3mo mover\u00e1 sus piezas Cristina Kirchner. Ser\u00eda un error suponer que la postulaci\u00f3n del Presidente a la reelecci\u00f3n la obliga a competir en ese rango. El plan que se est\u00e1 preparando, por ahora, consiste en fortalecer a&nbsp;<strong>Eduardo \u201cWado\u201d de Pedro<\/strong>, quien teje compromisos con sindicalistas, dirigentes de la oposici\u00f3n, empresarios y, sobre todo, gobernadores, como se pudo advertir en el reciente viaje a Israel. No solo por la presencia de jefes de provincia, sino por el crucial auspicio del proveedor estatal&nbsp;<strong>Mario Montoto,&nbsp;<\/strong>el padre de&nbsp;<strong>Fernanda Raverta<\/strong>, la titular de la Anses.<\/p>\n\n\n\n<p class=\"wp-block-paragraph\">El desdoblamiento bonaerense interesa tambi\u00e9n en la oposici\u00f3n. Sobre todo porque es una prueba de fuego para&nbsp;<strong>Javier Milei,<\/strong>&nbsp;que carece de inserci\u00f3n territorial, en especial en el conurbano. Este d\u00e9ficit acerc\u00f3 a Milei con algunos dirigentes de Juntos por el Cambio, a la cabeza de los cuales est\u00e1&nbsp;<strong>Joaqu\u00edn de la Torre<\/strong>. Este senador provincial y l\u00edder de San Miguel est\u00e1 en negociaciones con Milei, a quien podr\u00eda ofrecer una estructura. Ser\u00eda el primer paso para que el candidato de ultraderecha ingrese a un frente con Juntos por el Cambio. \u00bfEnsayo general de una operaci\u00f3n m\u00e1s ambiciosa de alcance nacional? Milei es una piedra en el zapato para la coalici\u00f3n opositora. Al conquistar a votantes del macrismo, se convierte para Juntos por el Cambio en lo que fue&nbsp;<strong>Sergio Massa<\/strong>&nbsp;para la candidatura de Daniel Scioli en 2015: el principal factor de la derrota. En este contexto se entiende por qu\u00e9 fue De la Torre, que es candidato a gobernador, y no<strong>&nbsp;Diego Santilli<\/strong>&nbsp;o<strong>&nbsp;Cristian Ritondo,&nbsp;<\/strong>el invitado de Macri al asado del s\u00e1bado pasado con&nbsp;<strong>Mario Vargas Llosa<\/strong>&nbsp;y&nbsp;<strong>Cayetana \u00c1lvarez de Toledo.<\/strong><\/p>\n\n\n\n<p class=\"wp-block-paragraph\"><strong>La aproximaci\u00f3n de Macri a Milei enardece a algunos radicales.<\/strong>&nbsp;No es el \u00fanico motivo. Al trascender que el expresidente pidi\u00f3 a los suyos, el lunes, que no se dejen arrastrar por el radicalismo y la Coalici\u00f3n C\u00edvica en el Congreso, la relaci\u00f3n entre esos partidos y Pro entr\u00f3 en crisis. En el radicalismo hay quienes observan esta tensi\u00f3n sin inquietarse.&nbsp;<strong>Facundo Manes<\/strong>, por ejemplo, que ya encarna una candidatura presidencial, suele decir a los suyos:&nbsp;<mark>\u201cNo deseo una ruptura. Pero tampoco la descarto. Y me preparo para ella\u201d.&nbsp;<\/mark>Este es el calamitoso estado del instrumental pol\u00edtico del que la sociedad debe esperar la soluci\u00f3n de sus mortificaciones econ\u00f3micas.<\/p>\n\n\n\n<p class=\"wp-block-paragraph\">Resulta siempre interesante ver la afinidad de los extremos. La se\u00f1ora de Kirchner y Macri comparten niveles inconvenientes de rechazo electoral. Los dos se radicalizan. En ese movimiento, amenazan con la fractura a sus propias coaliciones. Ambos representan una idea inconfundible en su nitidez. Ambos son audaces y resisten. Los dos saben lo que quieren. Por eso son determinantes de la configuraci\u00f3n global. No alcanza con que Fern\u00e1ndez diga, a una distancia de 10.000 kil\u00f3metros, que se lanza contra su madrina y que su enemigo es Macri. Para ser aceptado en ese ring hace falta mucho m\u00e1s.<\/p>\n\n\n\n<p class=\"wp-block-paragraph\"><a href=\"https:\/\/www.lanacion.com.ar\/autor\/carlos-pagni-81\/\">Carlos Pagni<\/a><\/p>\n\n\n\n<p class=\"wp-block-paragraph\">Fuente:<a href=\"https:\/\/www.lanacion.com.ar\/\"> La Naci\u00f3n<\/a><\/p>","protected":false},"excerpt":{"rendered":"<p>100 \u201cJam\u00e1s me voy a pelear con Cristina\u201d. Esa promesa de&nbsp;Alberto Fern\u00e1ndez,&nbsp;formulada en innumerables ocasiones, quedar\u00e1 tambi\u00e9n incumplida. Otra frustraci\u00f3n imputable a la pandemia. La gira del Presidente por Europa, que ya ten\u00eda rasgos poco comprensibles, termin\u00f3 de incorporarse a la historia de las excentricidades diplom\u00e1ticas. Las reglas de ese arte aconsejan que cuando un [&hellip;]<\/p>\n","protected":false},"author":9,"featured_media":0,"comment_status":"open","ping_status":"open","sticky":false,"template":"","format":"standard","meta":{"site-sidebar-layout":"default","site-content-layout":"","ast-site-content-layout":"default","site-content-style":"default","site-sidebar-style":"default","ast-global-header-display":"","ast-banner-title-visibility":"","ast-main-header-display":"","ast-hfb-above-header-display":"","ast-hfb-below-header-display":"","ast-hfb-mobile-header-display":"","site-post-title":"","ast-breadcrumbs-content":"","ast-featured-img":"","footer-sml-layout":"","ast-disable-related-posts":"","theme-transparent-header-meta":"","adv-header-id-meta":"","stick-header-meta":"","header-above-stick-meta":"","header-main-stick-meta":"","header-below-stick-meta":"","astra-migrate-meta-layouts":"default","ast-page-background-enabled":"default","ast-page-background-meta":{"desktop":{"background-color":"","background-image":"","background-repeat":"repeat","background-position":"center center","background-size":"auto","background-attachment":"scroll","background-type":"","background-media":"","overlay-type":"","overlay-color":"","overlay-opacity":"","overlay-gradient":""},"tablet":{"background-color":"","background-image":"","background-repeat":"repeat","background-position":"center center","background-size":"auto","background-attachment":"scroll","background-type":"","background-media":"","overlay-type":"","overlay-color":"","overlay-opacity":"","overlay-gradient":""},"mobile":{"background-color":"","background-image":"","background-repeat":"repeat","background-position":"center center","background-size":"auto","background-attachment":"scroll","background-type":"","background-media":"","overlay-type":"","overlay-color":"","overlay-opacity":"","overlay-gradient":""}},"ast-content-background-meta":{"desktop":{"background-color":"var(--ast-global-color-5)","background-image":"","background-repeat":"repeat","background-position":"center center","background-size":"auto","background-attachment":"scroll","background-type":"","background-media":"","overlay-type":"","overlay-color":"","overlay-opacity":"","overlay-gradient":""},"tablet":{"background-color":"var(--ast-global-color-5)","background-image":"","background-repeat":"repeat","background-position":"center center","background-size":"auto","background-attachment":"scroll","background-type":"","background-media":"","overlay-type":"","overlay-color":"","overlay-opacity":"","overlay-gradient":""},"mobile":{"background-color":"var(--ast-global-color-5)","background-image":"","background-repeat":"repeat","background-position":"center center","background-size":"auto","background-attachment":"scroll","background-type":"","background-media":"","overlay-type":"","overlay-color":"","overlay-opacity":"","overlay-gradient":""}},"footnotes":""},"categories":[12],"tags":[],"class_list":["post-65042","post","type-post","status-publish","format-standard","hentry","category-opinion"],"spectra_blocks_featured_image_url":null,"spectra_blocks_author_info":{"display_name":"Jorge Alfredo Baret","avatar_url":"https:\/\/secure.gravatar.com\/avatar\/31696f5ca83439b642450ec7d3f82f98451a5efacb414343d5478c982b337f26?s=96&d=mm&r=g","author_link":"https:\/\/100xd.com.ar\/es\/author\/jorge\/","description":"Ingeniero Qu\u00edmico UTN - Director Apoderado de Comunicaciones Auditadas SA. Editor Responsable 100xd.com.ar."},"_links":{"self":[{"href":"https:\/\/100xd.com.ar\/es\/wp-json\/wp\/v2\/posts\/65042","targetHints":{"allow":["GET"]}}],"collection":[{"href":"https:\/\/100xd.com.ar\/es\/wp-json\/wp\/v2\/posts"}],"about":[{"href":"https:\/\/100xd.com.ar\/es\/wp-json\/wp\/v2\/types\/post"}],"author":[{"embeddable":true,"href":"https:\/\/100xd.com.ar\/es\/wp-json\/wp\/v2\/users\/9"}],"replies":[{"embeddable":true,"href":"https:\/\/100xd.com.ar\/es\/wp-json\/wp\/v2\/comments?post=65042"}],"version-history":[{"count":1,"href":"https:\/\/100xd.com.ar\/es\/wp-json\/wp\/v2\/posts\/65042\/revisions"}],"predecessor-version":[{"id":65044,"href":"https:\/\/100xd.com.ar\/es\/wp-json\/wp\/v2\/posts\/65042\/revisions\/65044"}],"wp:attachment":[{"href":"https:\/\/100xd.com.ar\/es\/wp-json\/wp\/v2\/media?parent=65042"}],"wp:term":[{"taxonomy":"category","embeddable":true,"href":"https:\/\/100xd.com.ar\/es\/wp-json\/wp\/v2\/categories?post=65042"},{"taxonomy":"post_tag","embeddable":true,"href":"https:\/\/100xd.com.ar\/es\/wp-json\/wp\/v2\/tags?post=65042"}],"curies":[{"name":"wp","href":"https:\/\/api.w.org\/{rel}","templated":true}]}}