{"id":64889,"date":"2022-05-11T10:31:40","date_gmt":"2022-05-11T13:31:40","guid":{"rendered":"https:\/\/100xd.com.ar\/?p=64889"},"modified":"2022-05-11T10:31:40","modified_gmt":"2022-05-11T13:31:40","slug":"denuncian-que-no-cuadran-los-numeros-del-gobierno-sobre-el-aumento-del-precio-del-gas","status":"publish","type":"post","link":"https:\/\/100xd.com.ar\/es\/denuncian-que-no-cuadran-los-numeros-del-gobierno-sobre-el-aumento-del-precio-del-gas\/","title":{"rendered":"Denuncian que &#8220;no cuadran los n\u00fameros&#8221; del Gobierno sobre el aumento del precio del gas"},"content":{"rendered":"<p class=\"wp-block-paragraph\"><strong>La audiencia p\u00fablica para considerar los nuevos precios del\u00a0<a rel=\"noreferrer noopener\" target=\"_blank\" href=\"https:\/\/www.perfil.com\/noticias\/actualidad\/como-funcionara-el-nuevo-esquema-de-tarifas-de-gas-y-electricidad.phtml\">gas natural<\/a><\/strong>\u00a0en el Punto de Ingreso al Sistema de Transporte (PIST) comenz\u00f3 este martes a la ma\u00f1ana y finaliz\u00f3 a las 13:30, en lo que constituye el primer paso para que la Secretar\u00eda de Energ\u00eda disponga los\u00a0<strong>esquemas tarifarios que regir\u00e1n a partir de junio.<\/strong><\/p>\n\n\n\n<p class=\"wp-block-paragraph\">En este contexto, el equipo de&nbsp;<strong><em>RePerfilAr&nbsp;<\/em><\/strong>se comunic\u00f3 con&nbsp;<a target=\"_blank\" href=\"https:\/\/www.perfil.com\/noticias\/actualidad\/jimena-latorre-la-diputada-que-padece-cancer-fue-ovacionada-en-diputados-por-ir-a-la-sesion.phtml\" rel=\"noreferrer noopener\"><strong>Jimena Latorre<\/strong><\/a>, diputada de<em>&nbsp;Juntos por el Cambio<\/em>&nbsp;por la UCR, quien habl\u00f3 sobre los aumentos en los servicios y el impacto de las audiencias p\u00fablicas.<\/p>\n\n\n\n<p class=\"wp-block-paragraph\">\u201cSon las segundas audiencias que se celebran,&nbsp;<strong>las primeras fueron por el precio de las tarifas del gas\u201d<\/strong>, dijo Latorre, quien luego complet\u00f3:<strong>&nbsp;\u201cHoy se discute el precio del gas en boca de pozo\u201d<\/strong>. \u201cLas audiencias p\u00fablicas se llevan a cabo porque no hay libre competencia en precios\u201d, complet\u00f3.<\/p>\n\n\n\n<p class=\"wp-block-paragraph\"><a target=\"_blank\" href=\"https:\/\/www.perfil.com\/noticias\/reperfilar\/quien-es-jimena-latorre-la-diputada-que-rompio-la-grieta-por-su-lucha-contra-el-cancer.phtml\" rel=\"noreferrer noopener\">Quien es Jimena Latorre, la diputada que rompi\u00f3 la grieta por su lucha contra el c\u00e1ncer<\/a><\/p>\n\n\n\n<p class=\"wp-block-paragraph\">Para la legisladora, las audiencias p\u00fablicas &#8220;solo se celebran como un acto formal a los efectos de legitimar las decisiones que ya tienen formadas&#8221;. &#8220;En realidad no cuadran los n\u00fameros de ninguna manera, no cuadran los escenarios y no hay respuestas, porque uno va y es como hablarle a la luna&#8221;, sentenci\u00f3.&nbsp;<\/p>\n\n\n\n<p class=\"wp-block-paragraph\">La diputada habl\u00f3 sobre las audiencias p\u00fablicas que determinan el aumento de servicios:\u00a0<strong>\u201cEl acuerdo con el Fondo hizo que haya un cambio de rumbo en los subsidios energ\u00e9ticos\u201d<\/strong>.\u00a0<strong>\u201cHay muchas internas en el Gobierno<\/strong>\u00a0con respecto a la pol\u00edtica energ\u00e9tica y de subsidios\u201d, concluy\u00f3.<\/p>\n\n\n\n<p class=\"wp-block-paragraph\">Fuente:<a href=\"https:\/\/www.perfil.com\/\"> Perfil.com<\/a><\/p>","protected":false},"excerpt":{"rendered":"<p>La audiencia p\u00fablica para considerar los nuevos precios del\u00a0gas natural\u00a0en el Punto de Ingreso al Sistema de Transporte (PIST) comenz\u00f3 este martes a la ma\u00f1ana y finaliz\u00f3 a las 13:30, en lo que constituye el primer paso para que la Secretar\u00eda de Energ\u00eda disponga los\u00a0esquemas tarifarios que regir\u00e1n a partir de junio. En este contexto, [&hellip;]<\/p>\n","protected":false},"author":9,"featured_media":0,"comment_status":"open","ping_status":"open","sticky":false,"template":"","format":"standard","meta":{"site-sidebar-layout":"default","site-content-layout":"","ast-site-content-layout":"default","site-content-style":"default","site-sidebar-style":"default","ast-global-header-display":"","ast-banner-title-visibility":"","ast-main-header-display":"","ast-hfb-above-header-display":"","ast-hfb-below-header-display":"","ast-hfb-mobile-header-display":"","site-post-title":"","ast-breadcrumbs-content":"","ast-featured-img":"","footer-sml-layout":"","ast-disable-related-posts":"","theme-transparent-header-meta":"","adv-header-id-meta":"","stick-header-meta":"","header-above-stick-meta":"","header-main-stick-meta":"","header-below-stick-meta":"","astra-migrate-meta-layouts":"default","ast-page-background-enabled":"default","ast-page-background-meta":{"desktop":{"background-color":"","background-image":"","background-repeat":"repeat","background-position":"center center","background-size":"auto","background-attachment":"scroll","background-type":"","background-media":"","overlay-type":"","overlay-color":"","overlay-opacity":"","overlay-gradient":""},"tablet":{"background-color":"","background-image":"","background-repeat":"repeat","background-position":"center center","background-size":"auto","background-attachment":"scroll","background-type":"","background-media":"","overlay-type":"","overlay-color":"","overlay-opacity":"","overlay-gradient":""},"mobile":{"background-color":"","background-image":"","background-repeat":"repeat","background-position":"center center","background-size":"auto","background-attachment":"scroll","background-type":"","background-media":"","overlay-type":"","overlay-color":"","overlay-opacity":"","overlay-gradient":""}},"ast-content-background-meta":{"desktop":{"background-color":"var(--ast-global-color-5)","background-image":"","background-repeat":"repeat","background-position":"center center","background-size":"auto","background-attachment":"scroll","background-type":"","background-media":"","overlay-type":"","overlay-color":"","overlay-opacity":"","overlay-gradient":""},"tablet":{"background-color":"var(--ast-global-color-5)","background-image":"","background-repeat":"repeat","background-position":"center center","background-size":"auto","background-attachment":"scroll","background-type":"","background-media":"","overlay-type":"","overlay-color":"","overlay-opacity":"","overlay-gradient":""},"mobile":{"background-color":"var(--ast-global-color-5)","background-image":"","background-repeat":"repeat","background-position":"center center","background-size":"auto","background-attachment":"scroll","background-type":"","background-media":"","overlay-type":"","overlay-color":"","overlay-opacity":"","overlay-gradient":""}},"footnotes":""},"categories":[25],"tags":[],"class_list":["post-64889","post","type-post","status-publish","format-standard","hentry","category-destacado"],"spectra_blocks_featured_image_url":null,"spectra_blocks_author_info":{"display_name":"Jorge Alfredo Baret","avatar_url":"https:\/\/secure.gravatar.com\/avatar\/31696f5ca83439b642450ec7d3f82f98451a5efacb414343d5478c982b337f26?s=96&d=mm&r=g","author_link":"https:\/\/100xd.com.ar\/es\/author\/jorge\/","description":"Ingeniero Qu\u00edmico UTN - Director Apoderado de Comunicaciones Auditadas SA. Editor Responsable 100xd.com.ar."},"_links":{"self":[{"href":"https:\/\/100xd.com.ar\/es\/wp-json\/wp\/v2\/posts\/64889","targetHints":{"allow":["GET"]}}],"collection":[{"href":"https:\/\/100xd.com.ar\/es\/wp-json\/wp\/v2\/posts"}],"about":[{"href":"https:\/\/100xd.com.ar\/es\/wp-json\/wp\/v2\/types\/post"}],"author":[{"embeddable":true,"href":"https:\/\/100xd.com.ar\/es\/wp-json\/wp\/v2\/users\/9"}],"replies":[{"embeddable":true,"href":"https:\/\/100xd.com.ar\/es\/wp-json\/wp\/v2\/comments?post=64889"}],"version-history":[{"count":1,"href":"https:\/\/100xd.com.ar\/es\/wp-json\/wp\/v2\/posts\/64889\/revisions"}],"predecessor-version":[{"id":64891,"href":"https:\/\/100xd.com.ar\/es\/wp-json\/wp\/v2\/posts\/64889\/revisions\/64891"}],"wp:attachment":[{"href":"https:\/\/100xd.com.ar\/es\/wp-json\/wp\/v2\/media?parent=64889"}],"wp:term":[{"taxonomy":"category","embeddable":true,"href":"https:\/\/100xd.com.ar\/es\/wp-json\/wp\/v2\/categories?post=64889"},{"taxonomy":"post_tag","embeddable":true,"href":"https:\/\/100xd.com.ar\/es\/wp-json\/wp\/v2\/tags?post=64889"}],"curies":[{"name":"wp","href":"https:\/\/api.w.org\/{rel}","templated":true}]}}