{"id":64582,"date":"2022-04-25T13:18:27","date_gmt":"2022-04-25T16:18:27","guid":{"rendered":"https:\/\/100xd.com.ar\/?p=64582"},"modified":"2022-04-25T13:18:27","modified_gmt":"2022-04-25T16:18:27","slug":"juan-manzur-se-sumo-al-pedido-de-martin-guzman-de-gobernar-con-los-funcionarios-que-estan-alineados","status":"publish","type":"post","link":"https:\/\/100xd.com.ar\/es\/juan-manzur-se-sumo-al-pedido-de-martin-guzman-de-gobernar-con-los-funcionarios-que-estan-alineados\/","title":{"rendered":"Juan Manzur se sum\u00f3 al pedido de Mart\u00edn Guzm\u00e1n de gobernar con los funcionarios que est\u00e1n alineados"},"content":{"rendered":"<p class=\"wp-block-paragraph\">Las diferencias internas que afectan al Frente de Todos se convirtieron en un condicionante recurrente de la gesti\u00f3n del Gobierno. Por eso, lentamente los referentes de la administraci\u00f3n que encabeza Alberto Fern\u00e1ndez empiezan a pedir p\u00fablicamente que se apacig\u00fce el \u201cfuego amigo\u201d: el m\u00e1s contundente fue<strong>&nbsp;Mart\u00edn Guzm\u00e1n<\/strong>, quien hace dos semanas revel\u00f3 que el Presidente le prometi\u00f3 que se va a \u201c<a href=\"https:\/\/www.infobae.com\/economia\/2022\/04\/11\/martin-guzman-la-inflacion-superara-el-6-por-ciento-en-marzo\/\" target=\"_blank\" rel=\"noreferrer noopener\"><strong>gestionar con la gente que est\u00e9 alineada con este rumbo econ\u00f3mico<\/strong><\/a>\u201d.<\/p>\n\n\n\n<p class=\"wp-block-paragraph\">A ese pedido se sum\u00f3 hoy&nbsp;<strong>Juan Manzur<\/strong>, quien fue cuidadoso para no herir susceptibilidades en la coalici\u00f3n gobernante, pero consider\u00f3 que el reclamo del ministro de Econom\u00eda es acertado: \u201cEn un espacio como el nuestro siempre&nbsp;<strong>hay diferentes sectores y opiniones<\/strong>&nbsp;que se manifiestan con libertad. Creo que es&nbsp;<strong>normal, bueno y sano&nbsp;<\/strong>poder plantear diferencias l\u00f3gicas\u201d.<\/p>\n\n\n\n<p class=\"wp-block-paragraph\">Luego de esa introducci\u00f3n, el jefe de Gabinete fue consultado sobre si el pedio de Guzm\u00e1n de gobernar con dirigentes alineados el gobierno de Alberto Fern\u00e1ndez era una necesidad: \u201c<mark>Lo que dice el ministro (de Econom\u00eda) es correcto, una vez que nuestro gobierno fija pautas de pol\u00edtica econ\u00f3mica, tenemos que llevarlas adelante con toda nuestra fuerza y convicci\u00f3n<\/mark>\u201d, respondi\u00f3 en declaraciones al canal&nbsp;<em>A24<\/em>.<\/p>\n\n\n\n<p class=\"wp-block-paragraph\">\u201cLo que plantea el ministro Guzm\u00e1n tiene que ver con los contextos internacionales que se est\u00e1n viviendo, a los que la Argentina no escapa. Ah\u00ed tenemos que ver hacia d\u00f3nde vamos y poner todo nuestro esfuerzo en impulsar las pol\u00edticas que tengan que ver con el bienestar del pa\u00eds\u201d, apunt\u00f3 Manzur.<img loading=\"lazy\" decoding=\"async\" alt=\"Un tractor embanderado, s\u00edmbolo de la protesta que el campo realiz\u00f3 en la ciudad de Buenos Aires (Foto: Emiliano Lasalvia \/ AFP)\" height=\"5792\" width=\"8688\" class=\"\" src=\"https:\/\/cloudfront-us-east-1.images.arcpublishing.com\/infobae\/YGFAPRJCMVB2JN2BM42BBEWKUU.jpg\" srcset=\"https:\/\/www.infobae.com\/new-resizer\/bpZrJAhzvrDFRXfbFjzvg2V78ck=\/420x280\/filters:format(webp):quality(85)\/cloudfront-us-east-1.images.arcpublishing.com\/infobae\/YGFAPRJCMVB2JN2BM42BBEWKUU.jpg 420w,https:\/\/www.infobae.com\/new-resizer\/z3JQDIg6VyATzCb9zXNe2DXH5Dc=\/768x512\/filters:format(webp):quality(85)\/cloudfront-us-east-1.images.arcpublishing.com\/infobae\/YGFAPRJCMVB2JN2BM42BBEWKUU.jpg 768w,https:\/\/www.infobae.com\/new-resizer\/QxFluhT3OtAc8rbHZYl3DroK-Ys=\/992x661\/filters:format(webp):quality(85)\/cloudfront-us-east-1.images.arcpublishing.com\/infobae\/YGFAPRJCMVB2JN2BM42BBEWKUU.jpg 992w,https:\/\/www.infobae.com\/new-resizer\/UtpLXe7f3xqhobet179Crsc7nGY=\/1200x800\/filters:format(webp):quality(85)\/cloudfront-us-east-1.images.arcpublishing.com\/infobae\/YGFAPRJCMVB2JN2BM42BBEWKUU.jpg 1200w,https:\/\/www.infobae.com\/new-resizer\/nMLXWUgqeabnyJsRNqF5fxjYOt8=\/1440x960\/filters:format(webp):quality(85)\/cloudfront-us-east-1.images.arcpublishing.com\/infobae\/YGFAPRJCMVB2JN2BM42BBEWKUU.jpg 1440w\" title=\"Juan Manzur se sum\u00f3 al pedido de Mart\u00edn Guzm\u00e1n de gobernar con los funcionarios que est\u00e1n alineados\">Un tractor embanderado, s\u00edmbolo de la protesta que el campo realiz\u00f3 en la ciudad de Buenos Aires (Foto: Emiliano Lasalvia \/ AFP)<\/p>\n\n\n\n<p class=\"wp-block-paragraph\">En la misma entrevista, el funcionario habl\u00f3 de la suba de la inflaci\u00f3n y augur\u00f3 tiempos mejores, aunque evit\u00f3 poner plazos: \u201cEl mundo enfrenta una situaci\u00f3n compleja, lo vemos en pa\u00edses que hab\u00edan desterrado los procesos inflacionarios y hoy tienen cifras muy elevadas. En este contexto global, a la Argentina le impacta mucho m\u00e1s, pero<mark>&nbsp;a partir de este 6,7% (el \u00edndice de inflaci\u00f3n de marzo) y con todas las acciones que se vienen tomando, vamos a entrar en un proceso en el tiempo primero de controlar y luego iniciar un proceso a la baja de este indicador que golpea a los sectores m\u00e1s vulnerables<\/mark>\u201d.<\/p>\n\n\n\n<p class=\"wp-block-paragraph\">\u201cNuestro Gobierno viene en un proceso de normalizaci\u00f3n de la econom\u00eda, fundamentalmente de la deuda externa, primero con los bonistas privados y luego con el FMI. A partir de esto, nosotros pensamos que&nbsp;<strong>en los pr\u00f3ximos tiempos va a empezar un proceso de normalizaci\u00f3n y potenciaci\u00f3n de la econom\u00eda<\/strong>\u201d, agreg\u00f3 el jefe de Gabinete.<\/p>\n\n\n\n<p class=\"wp-block-paragraph\">Adem\u00e1s Manzur dej\u00f3 una breve opini\u00f3n del \u201c<strong>tractorazo<\/strong>\u201d que se realiz\u00f3 el s\u00e1bado: \u201cSiempre nuestro gobierno se caracteriz\u00f3 por ser respetuoso de todas las protestas como la del fin de semana, pero&nbsp;<strong>no hay motivos t\u00e9cnicamente para ese accionar<\/strong>. Nosotros vamos a seguir trabajando y redoblando esfuerzos para que el sector del campo y la producci\u00f3n le vaya bien\u201d.<\/p>\n\n\n\n<p class=\"wp-block-paragraph\">Finalmente se refiri\u00f3 a los proyectos de la \u201crenta inesperada\u201d y la ampliaci\u00f3n de la Corte Suprema que impulsa el kirchnerismo:&nbsp;<strong>Estas iniciativas van a ser a trav\u00e9s del di\u00e1logo y los consensos, como siempre lo hicimos\u201d.<\/strong><\/p>\n\n\n\n<p class=\"wp-block-paragraph\"><strong>\u201cTodo se va a dar en ese contexto, Todo lo que sea para mejorar la institucionalidad lo vamos a hacer\u201d<\/strong>, finaliz\u00f3 el jefe de Gabinete<\/p>\n\n\n\n<p class=\"wp-block-paragraph\">Fuente:<a href=\"https:\/\/www.infobae.com\/?noredirect\"> Infobae.com<\/a><\/p>","protected":false},"excerpt":{"rendered":"<p>Las diferencias internas que afectan al Frente de Todos se convirtieron en un condicionante recurrente de la gesti\u00f3n del Gobierno. Por eso, lentamente los referentes de la administraci\u00f3n que encabeza Alberto Fern\u00e1ndez empiezan a pedir p\u00fablicamente que se apacig\u00fce el \u201cfuego amigo\u201d: el m\u00e1s contundente fue&nbsp;Mart\u00edn Guzm\u00e1n, quien hace dos semanas revel\u00f3 que el Presidente [&hellip;]<\/p>\n","protected":false},"author":9,"featured_media":0,"comment_status":"open","ping_status":"open","sticky":false,"template":"","format":"standard","meta":{"site-sidebar-layout":"default","site-content-layout":"","ast-site-content-layout":"default","site-content-style":"default","site-sidebar-style":"default","ast-global-header-display":"","ast-banner-title-visibility":"","ast-main-header-display":"","ast-hfb-above-header-display":"","ast-hfb-below-header-display":"","ast-hfb-mobile-header-display":"","site-post-title":"","ast-breadcrumbs-content":"","ast-featured-img":"","footer-sml-layout":"","ast-disable-related-posts":"","theme-transparent-header-meta":"","adv-header-id-meta":"","stick-header-meta":"","header-above-stick-meta":"","header-main-stick-meta":"","header-below-stick-meta":"","astra-migrate-meta-layouts":"default","ast-page-background-enabled":"default","ast-page-background-meta":{"desktop":{"background-color":"","background-image":"","background-repeat":"repeat","background-position":"center center","background-size":"auto","background-attachment":"scroll","background-type":"","background-media":"","overlay-type":"","overlay-color":"","overlay-opacity":"","overlay-gradient":""},"tablet":{"background-color":"","background-image":"","background-repeat":"repeat","background-position":"center center","background-size":"auto","background-attachment":"scroll","background-type":"","background-media":"","overlay-type":"","overlay-color":"","overlay-opacity":"","overlay-gradient":""},"mobile":{"background-color":"","background-image":"","background-repeat":"repeat","background-position":"center center","background-size":"auto","background-attachment":"scroll","background-type":"","background-media":"","overlay-type":"","overlay-color":"","overlay-opacity":"","overlay-gradient":""}},"ast-content-background-meta":{"desktop":{"background-color":"var(--ast-global-color-5)","background-image":"","background-repeat":"repeat","background-position":"center center","background-size":"auto","background-attachment":"scroll","background-type":"","background-media":"","overlay-type":"","overlay-color":"","overlay-opacity":"","overlay-gradient":""},"tablet":{"background-color":"var(--ast-global-color-5)","background-image":"","background-repeat":"repeat","background-position":"center center","background-size":"auto","background-attachment":"scroll","background-type":"","background-media":"","overlay-type":"","overlay-color":"","overlay-opacity":"","overlay-gradient":""},"mobile":{"background-color":"var(--ast-global-color-5)","background-image":"","background-repeat":"repeat","background-position":"center center","background-size":"auto","background-attachment":"scroll","background-type":"","background-media":"","overlay-type":"","overlay-color":"","overlay-opacity":"","overlay-gradient":""}},"footnotes":""},"categories":[25],"tags":[],"class_list":["post-64582","post","type-post","status-publish","format-standard","hentry","category-destacado"],"spectra_blocks_featured_image_url":null,"spectra_blocks_author_info":{"display_name":"Jorge Alfredo Baret","avatar_url":"https:\/\/secure.gravatar.com\/avatar\/31696f5ca83439b642450ec7d3f82f98451a5efacb414343d5478c982b337f26?s=96&d=mm&r=g","author_link":"https:\/\/100xd.com.ar\/es\/author\/jorge\/","description":"Ingeniero Qu\u00edmico UTN - Director Apoderado de Comunicaciones Auditadas SA. Editor Responsable 100xd.com.ar."},"_links":{"self":[{"href":"https:\/\/100xd.com.ar\/es\/wp-json\/wp\/v2\/posts\/64582","targetHints":{"allow":["GET"]}}],"collection":[{"href":"https:\/\/100xd.com.ar\/es\/wp-json\/wp\/v2\/posts"}],"about":[{"href":"https:\/\/100xd.com.ar\/es\/wp-json\/wp\/v2\/types\/post"}],"author":[{"embeddable":true,"href":"https:\/\/100xd.com.ar\/es\/wp-json\/wp\/v2\/users\/9"}],"replies":[{"embeddable":true,"href":"https:\/\/100xd.com.ar\/es\/wp-json\/wp\/v2\/comments?post=64582"}],"version-history":[{"count":1,"href":"https:\/\/100xd.com.ar\/es\/wp-json\/wp\/v2\/posts\/64582\/revisions"}],"predecessor-version":[{"id":64584,"href":"https:\/\/100xd.com.ar\/es\/wp-json\/wp\/v2\/posts\/64582\/revisions\/64584"}],"wp:attachment":[{"href":"https:\/\/100xd.com.ar\/es\/wp-json\/wp\/v2\/media?parent=64582"}],"wp:term":[{"taxonomy":"category","embeddable":true,"href":"https:\/\/100xd.com.ar\/es\/wp-json\/wp\/v2\/categories?post=64582"},{"taxonomy":"post_tag","embeddable":true,"href":"https:\/\/100xd.com.ar\/es\/wp-json\/wp\/v2\/tags?post=64582"}],"curies":[{"name":"wp","href":"https:\/\/api.w.org\/{rel}","templated":true}]}}