{"id":64236,"date":"2022-04-15T13:42:20","date_gmt":"2022-04-15T16:42:20","guid":{"rendered":"https:\/\/100xd.com.ar\/?p=64236"},"modified":"2022-04-15T13:42:20","modified_gmt":"2022-04-15T16:42:20","slug":"transportistas-acordaron-un-alza-del-20-de-la-tarifa-y-termino-el-paro","status":"publish","type":"post","link":"https:\/\/100xd.com.ar\/es\/transportistas-acordaron-un-alza-del-20-de-la-tarifa-y-termino-el-paro\/","title":{"rendered":"Transportistas acordaron un alza del 20% de la tarifa y termin\u00f3 el paro"},"content":{"rendered":"<p class=\"wp-block-paragraph\">Los&nbsp;<strong>transportistas de granos<\/strong>&nbsp;acordaron la actualizaci\u00f3n&nbsp;de la tarifa nacional para el transporte de granos y concluyeron la medida de fuerza que sosten\u00edan desde el lunes.<\/p>\n\n\n\n<p class=\"wp-block-paragraph\">Luego de que fracasara la reuni\u00f3n del mi\u00e9rcoles, se&nbsp;conoci\u00f3 la intenci\u00f3n del sector agropecuario de elevar la oferta de ajuste de 10% ofrecida contra el 32% pretendido por los camioneros. As\u00ed, este jueves 14 de abril hubo un nuevo encuentro que dur\u00f3 cuatro horas y en el cual se dispuso que el&nbsp;<strong>aumento total ser\u00e1 del 20 por ciento,<\/strong>&nbsp;por lo que&nbsp;<a target=\"_blank\" href=\"https:\/\/www.perfil.com\/noticias\/actualidad\/por-falta-de-gasoil-y-actualizacion-de-tarifas-los-transportistas-de-granos-realizan-un-paro-nacional.phtml\" rel=\"noreferrer noopener\">se levanta el paro<\/a>&nbsp;de inmediato.<\/p>\n\n\n\n<p class=\"wp-block-paragraph\">La protesta comenz\u00f3 a la medianoche del lunes y la resoluci\u00f3n del conflicto llev\u00f3 cuatro d\u00edas de paro casi absoluto de los trabajadores del sector, que frenaron la llegada de productos a los respectivos puertos.<\/p>\n\n\n\n<p class=\"wp-block-paragraph\"><a target=\"_blank\" href=\"https:\/\/www.perfil.com\/noticias\/economia\/sin-acuerdo-entre-los-transportistas-y-dadores-de-carga-se-levanto-la-mesa-de-precio-de-referencia-del-transporte-automotor-de-cargas-de-ce.phtml\" rel=\"noreferrer noopener\">Sin acuerdo entre los transportistas y dadores de carga, sigue el paro<\/a><\/p>\n\n\n\n<p class=\"wp-block-paragraph\">De acuerdo a lo trascendido, se acord\u00f3<strong>&nbsp;un incremento del &#8220;11 por ciento en la tarifa de referencia de marzo, en tanto que respecto a abril, Acopiadores, SRA y CRA ofrecieron un 5 por ciento a cuenta, mientras que FETRA, CATAC, FADEEAC, FAETYL y Coninagro un 9%<\/strong>&#8220;.<\/p>\n\n\n\n<p class=\"wp-block-paragraph\"><strong>&#8220;Finalmente se resolvi\u00f3 un incremento de la tarifa nacional para el transporte de granos, cereales y oleaginosas del 20% final que entra en vigencia desde la r\u00fabrica del aumento<\/strong>&nbsp;y el levantamiento inmediato del paro&#8221;, informaron fuentes oficiales.<\/p>\n\n\n\n<p class=\"wp-block-paragraph\">&#8220;La diferencia entre las dos posturas ser\u00e1 tenido en cuenta para sostener futuros aumentos de estructura de costos en las conversaciones paritarias que se iniciar\u00e1n en mayo&#8221;, agregaron.<\/p>\n\n\n\n<p class=\"wp-block-paragraph\"><a target=\"_blank\" href=\"https:\/\/www.perfil.com\/noticias\/economia\/el-paro-de-transportistas-de-granos-genera-us100-millones-de-perdidas-por-dia.phtml\" rel=\"noreferrer noopener\">El paro de transportistas de granos genera US$100 millones de p\u00e9rdidas por d\u00eda<\/a><\/p>\n\n\n\n<p class=\"wp-block-paragraph\">De la reuni\u00f3n, en la que se alcanz\u00f3 el acuerdo, participaron el ministro de Transporte, Alexis Guerrera; el secretario de Gesti\u00f3n del Transporte, Diego Giuliano; la subsecretaria de Transporte Automotor, Laura Labat; el director de Transporte de Carga, Juan Manual Escudero; y el jefe de Gabinete, \u00c1lvaro Errea. Adem\u00e1s, estuvieron autoridades de la subsecretaria de Agricultura&nbsp;y representantes de CATAC, FADEEAC, FETRA,FAETYL, Coninagro, Federaci\u00f3n de Acopiadores,&nbsp;Sociedad Rural Argentina (SRA), entre otros.<\/p>\n\n\n\n<p class=\"wp-block-paragraph\"><strong>La C\u00e1mara de la Industria Aceitera estim\u00f3 que la medida de fuerza\u00a0provoc\u00f3 p\u00e9rdidas de unos 100 millones de d\u00f3lares diarios como consecuencia de no poder exportar granos.<\/strong>\u00a0De acuerdo con el empresario\u00a0Gustavo Id\u00edgoras. presidente de la C\u00e1mara y del Centro de Exportadores de Cereales (Ciara-CEC), son unas 200.000 toneladas que, desde el lunes, se dejan de descargar en las terminales portuarias.<\/p>\n\n\n\n<p class=\"wp-block-paragraph\">Fuente: <a href=\"https:\/\/www.perfil.com\/\">Perfil.com<\/a><\/p>","protected":false},"excerpt":{"rendered":"<p>Los&nbsp;transportistas de granos&nbsp;acordaron la actualizaci\u00f3n&nbsp;de la tarifa nacional para el transporte de granos y concluyeron la medida de fuerza que sosten\u00edan desde el lunes. Luego de que fracasara la reuni\u00f3n del mi\u00e9rcoles, se&nbsp;conoci\u00f3 la intenci\u00f3n del sector agropecuario de elevar la oferta de ajuste de 10% ofrecida contra el 32% pretendido por los camioneros. As\u00ed, [&hellip;]<\/p>\n","protected":false},"author":9,"featured_media":0,"comment_status":"open","ping_status":"open","sticky":false,"template":"","format":"standard","meta":{"site-sidebar-layout":"default","site-content-layout":"","ast-site-content-layout":"default","site-content-style":"default","site-sidebar-style":"default","ast-global-header-display":"","ast-banner-title-visibility":"","ast-main-header-display":"","ast-hfb-above-header-display":"","ast-hfb-below-header-display":"","ast-hfb-mobile-header-display":"","site-post-title":"","ast-breadcrumbs-content":"","ast-featured-img":"","footer-sml-layout":"","ast-disable-related-posts":"","theme-transparent-header-meta":"","adv-header-id-meta":"","stick-header-meta":"","header-above-stick-meta":"","header-main-stick-meta":"","header-below-stick-meta":"","astra-migrate-meta-layouts":"default","ast-page-background-enabled":"default","ast-page-background-meta":{"desktop":{"background-color":"","background-image":"","background-repeat":"repeat","background-position":"center center","background-size":"auto","background-attachment":"scroll","background-type":"","background-media":"","overlay-type":"","overlay-color":"","overlay-opacity":"","overlay-gradient":""},"tablet":{"background-color":"","background-image":"","background-repeat":"repeat","background-position":"center center","background-size":"auto","background-attachment":"scroll","background-type":"","background-media":"","overlay-type":"","overlay-color":"","overlay-opacity":"","overlay-gradient":""},"mobile":{"background-color":"","background-image":"","background-repeat":"repeat","background-position":"center center","background-size":"auto","background-attachment":"scroll","background-type":"","background-media":"","overlay-type":"","overlay-color":"","overlay-opacity":"","overlay-gradient":""}},"ast-content-background-meta":{"desktop":{"background-color":"var(--ast-global-color-5)","background-image":"","background-repeat":"repeat","background-position":"center center","background-size":"auto","background-attachment":"scroll","background-type":"","background-media":"","overlay-type":"","overlay-color":"","overlay-opacity":"","overlay-gradient":""},"tablet":{"background-color":"var(--ast-global-color-5)","background-image":"","background-repeat":"repeat","background-position":"center center","background-size":"auto","background-attachment":"scroll","background-type":"","background-media":"","overlay-type":"","overlay-color":"","overlay-opacity":"","overlay-gradient":""},"mobile":{"background-color":"var(--ast-global-color-5)","background-image":"","background-repeat":"repeat","background-position":"center center","background-size":"auto","background-attachment":"scroll","background-type":"","background-media":"","overlay-type":"","overlay-color":"","overlay-opacity":"","overlay-gradient":""}},"footnotes":""},"categories":[2],"tags":[],"class_list":["post-64236","post","type-post","status-publish","format-standard","hentry","category-politica"],"spectra_blocks_featured_image_url":null,"spectra_blocks_author_info":{"display_name":"Jorge Alfredo Baret","avatar_url":"https:\/\/secure.gravatar.com\/avatar\/31696f5ca83439b642450ec7d3f82f98451a5efacb414343d5478c982b337f26?s=96&d=mm&r=g","author_link":"https:\/\/100xd.com.ar\/es\/author\/jorge\/","description":"Ingeniero Qu\u00edmico UTN - Director Apoderado de Comunicaciones Auditadas SA. Editor Responsable 100xd.com.ar."},"_links":{"self":[{"href":"https:\/\/100xd.com.ar\/es\/wp-json\/wp\/v2\/posts\/64236","targetHints":{"allow":["GET"]}}],"collection":[{"href":"https:\/\/100xd.com.ar\/es\/wp-json\/wp\/v2\/posts"}],"about":[{"href":"https:\/\/100xd.com.ar\/es\/wp-json\/wp\/v2\/types\/post"}],"author":[{"embeddable":true,"href":"https:\/\/100xd.com.ar\/es\/wp-json\/wp\/v2\/users\/9"}],"replies":[{"embeddable":true,"href":"https:\/\/100xd.com.ar\/es\/wp-json\/wp\/v2\/comments?post=64236"}],"version-history":[{"count":1,"href":"https:\/\/100xd.com.ar\/es\/wp-json\/wp\/v2\/posts\/64236\/revisions"}],"predecessor-version":[{"id":64238,"href":"https:\/\/100xd.com.ar\/es\/wp-json\/wp\/v2\/posts\/64236\/revisions\/64238"}],"wp:attachment":[{"href":"https:\/\/100xd.com.ar\/es\/wp-json\/wp\/v2\/media?parent=64236"}],"wp:term":[{"taxonomy":"category","embeddable":true,"href":"https:\/\/100xd.com.ar\/es\/wp-json\/wp\/v2\/categories?post=64236"},{"taxonomy":"post_tag","embeddable":true,"href":"https:\/\/100xd.com.ar\/es\/wp-json\/wp\/v2\/tags?post=64236"}],"curies":[{"name":"wp","href":"https:\/\/api.w.org\/{rel}","templated":true}]}}