{"id":63317,"date":"2022-03-14T14:17:57","date_gmt":"2022-03-14T17:17:57","guid":{"rendered":"https:\/\/100xd.com.ar\/?p=63317"},"modified":"2022-03-14T14:17:57","modified_gmt":"2022-03-14T17:17:57","slug":"la-politica-del-otroculpismo","status":"publish","type":"post","link":"https:\/\/100xd.com.ar\/es\/la-politica-del-otroculpismo\/","title":{"rendered":"La pol\u00edtica del \u201cotroculpismo\u201d"},"content":{"rendered":"\n<p class=\"wp-block-paragraph\">El presidente de la Naci\u00f3n pronunci\u00f3 una frase que describe perfectamente cu\u00e1les son las prioridades de su gobierno. \u201c<mark>Dejemos de lado cualquier diferencia. No es un a\u00f1o electoral: podemos dedicarnos de pleno a resolver este tema<\/mark>\u201d.<\/p>\n\n\n\n<p class=\"wp-block-paragraph\">El asunto por atender este a\u00f1o \u2013seg\u00fan dijo p\u00fablicamente Fern\u00e1ndez\u2013 es la calidad de la educaci\u00f3n, el regreso a las aulas y la recuperaci\u00f3n de d\u00edas de clases presenciales.<\/p>\n\n\n\n<p class=\"wp-block-paragraph\">Aquella aseveraci\u00f3n del Presidente no fue producto de un lapsus. Como en muchos otros temas,&nbsp;<mark>el jefe del Estado no se hace cargo de lo sucedido, sino que traslada responsabilidades<\/mark>. Si en 2020 la educaci\u00f3n en el pa\u00eds fue desastrosa, la culpa la tuvo la pandemia. Si en 2021 sigui\u00f3 en ca\u00edda libre, fue por culpa del a\u00f1o electoral. Ni la m\u00e1s m\u00ednima autocr\u00edtica por el tiempo perdido, ni por el masivo cierre de aulas m\u00e1s all\u00e1 de lo razonable, ni por la creciente deserci\u00f3n escolar por falta de est\u00edmulos y de recursos de todo tipo. Ni siquiera \u2013como \u00e9l mismo reconoce\u2013 por haber priorizado la pol\u00edtica electoral a sacar a la educaci\u00f3n del pozo.<\/p>\n\n\n\n<p class=\"wp-block-paragraph\">Por deficiencia, obscenidad o cinismo, la culpa siempre es del otro.&nbsp;<mark>Es la pol\u00edtica del \u201cotroculpismo\u201d<\/mark>.<\/p>\n\n\n\n<p class=\"wp-block-paragraph\">Un d\u00eda, de manera intempestiva, el Presidente anunci\u00f3 la intervenci\u00f3n y expropiaci\u00f3n del grupo cerealero&nbsp;<strong>Vicentin<\/strong>. Cuando las cr\u00edticas a su decisi\u00f3n se tornaron casi un\u00e1nimes e insostenibles, tuvo una reacci\u00f3n tan inusitada como irrisoria: \u201c<mark>Pens\u00e9 que todos iban a salir a festejar porque est\u00e1bamos recuperando una empresa important\u00edsima. Pero no pas\u00f3, todos se pusieron a acusarme de cosas horribles<\/mark>\u201d.<\/p>\n\n\n\n<p class=\"wp-block-paragraph\">A juicio del Presidente,&nbsp;<strong>Mauricio Macri<\/strong>&nbsp;es responsable de todo lo malo ocurrido en el pa\u00eds y de haberle pedido dinero al<strong>&nbsp;FMI<\/strong>, y el FMI es culpable de hab\u00e9rselo concedido al pa\u00eds y de desembolsar m\u00e1s de lo prudente. Es en el per\u00edodo 2015-2019 donde&nbsp;<strong>Alberto Fern\u00e1ndez<\/strong>&nbsp;circunscribe la culpa de todo. Hoy no admite ning\u00fan tipo de responsabilidades previas al gobierno de&nbsp;<strong>Cambiemos<\/strong>. Sin embargo, cuando jugaba de opositor a&nbsp;<strong>Cristina Kirchner<\/strong>, la acusaba de mal manejo econ\u00f3mico; de encubrimiento en el caso&nbsp;<strong>AMIA<\/strong>; de haber \u201chartado a la ciudadan\u00eda con su actitud dominante, constantemente imperativa\u201d; de haber cometido \u201cabusos como la democratizaci\u00f3n de la Justicia, el tratamiento de las medidas cautelares y el modo en que obtuvo la ley de medios\u201d en un Congreso al que calificaba de \u201cescriban\u00eda\u201d de la expresidenta \u2013una equivocada e innecesaria ofensa a los escribanos\u2013, a la que recomendaba \u201crevisar todas las cosas que dijo para rectificarse\u201d. Curiosamente, varias de esas cuestiones son las que hoy defiende fervorosamente Alberto Fern\u00e1ndez,&nbsp;<mark>un hombre al que no parece caberle el menor sentimiento de culpa<\/mark>.<\/p>\n\n\n\n<p class=\"wp-block-paragraph\">Ya sea por boca del Presidente o de funcionarios claves del Gobierno a los que el jefe del Estado no desmiente, \u201clos ricos\u201d fueron los responsables de que haya llegado el virus del&nbsp;<strong>Covid<\/strong>&nbsp;al pa\u00eds hace casi dos a\u00f1os; los&nbsp;<em>runners<\/em>&nbsp;de la Capital tuvieron la culpa de la disparada de casos; las familias que se reunieron para las Fiestas resultaron promotoras de los rebrotes y tambi\u00e9n lo fueron las escuelas porte\u00f1as, que empezaron a funcionar de manera presencial antes que el resto del pa\u00eds, aunque nunca se haya podido comprobar que las aulas abiertas provocaran subas de contagios. Del mismo modo, el que viaj\u00f3 al exterior para vacunarse fue considerado poco menos que traidor a la patria.<\/p>\n\n\n\n<p class=\"wp-block-paragraph\">M\u00e1s tarde, se cerraron las fronteras para que no entraran nuevas variantes del virus, pero entraron y, entonces, la culpa fue de los j\u00f3venes que hac\u00edan fiestas clandestinas.<\/p>\n\n\n\n<p class=\"wp-block-paragraph\">Acaso el&nbsp;<em>summun<\/em>&nbsp;de los desprop\u00f3sitos acusatorios haya ocurrido cuando el Presidente culp\u00f3 a los m\u00e9dicos: \u201c<mark>El sistema sanitario se ha relajado. En un tiempo en que los contagios estaban disminuyendo, se abrieron las puertas [de los quir\u00f3fanos] para atender otro tipo de necesidades quir\u00fargicas que pod\u00edan haber sido tratadas m\u00e1s adelante<\/mark>\u201d. E hizo especial un inexplicable hincapi\u00e9 en el mayor n\u00famero de camas que el sector privado estaba ocupando para atender otro tipo de patolog\u00edas, algunas grav\u00edsimas.<\/p>\n\n\n\n<p class=\"wp-block-paragraph\">Mientras tanto, el velatorio multitudinario de&nbsp;<strong>Maradona<\/strong>, los piquetes, las fiestas en la quinta de Olivos y las reuniones partidarias en espacios cerrados se pod\u00edan hacer porque la culpa de los contagios siempre la ten\u00edan y la tienen otros.<\/p>\n\n\n\n<p class=\"wp-block-paragraph\">Tampoco admiti\u00f3 el Gobierno ser responsable de la p\u00e9sima gesti\u00f3n en la compra y administraci\u00f3n de las vacunas contra el Covid. A cambio,&nbsp;<mark>culp\u00f3 a los laboratorios por fallas en las entregas y a supuestas exigencias insalvables nunca aclaradas<\/mark>.<\/p>\n\n\n\n<p class=\"wp-block-paragraph\">Es este el Gobierno que m\u00e1s se ufana de cuidar a los pobres y resulta que, despu\u00e9s de 27 meses de gesti\u00f3n,&nbsp;<mark>hay cada vez m\u00e1s pobres, pero la responsabilidad es de la administraci\u00f3n anterior<\/mark>.<\/p>\n\n\n\n<p class=\"wp-block-paragraph\">La inflaci\u00f3n es otro cap\u00edtulo aparte. Se hizo crecer el gasto p\u00fablico de manera escandalosa, pero se pretende culpar exclusivamente a los empresarios de la suba de los precios. Entonces, se ech\u00f3 mano de los controles de precios, que vuelven a fracasar, como hist\u00f3ricamente ocurri\u00f3, pero no por culpa de la propia ineptitud sino de vaya a saber qu\u00e9 factores perversamente complotados.<\/p>\n\n\n\n<p class=\"wp-block-paragraph\">\u201c<mark>La gente no vota a un presidente para que le eche la culpa a otro, sino para que resuelva los problemas<\/mark>\u201d, dec\u00eda Cristina Kirchner en septiembre de 2019, en plena campa\u00f1a electoral. Una deducci\u00f3n muy acertada, pero que, en los hechos, no pasa del enunciado.<\/p>\n\n\n\n<p class=\"wp-block-paragraph\">Fuente:<a href=\"https:\/\/www.lanacion.com.ar\/\"> La Naci\u00f3n<\/a><\/p>\n","protected":false},"excerpt":{"rendered":"<p>El presidente de la Naci\u00f3n pronunci\u00f3 una frase que describe perfectamente cu\u00e1les son las prioridades de su gobierno. \u201cDejemos de lado cualquier diferencia. No es un a\u00f1o electoral: podemos dedicarnos de pleno a resolver este tema\u201d. El asunto por atender este a\u00f1o \u2013seg\u00fan dijo p\u00fablicamente Fern\u00e1ndez\u2013 es la calidad de la educaci\u00f3n, el regreso a [&hellip;]<\/p>\n","protected":false},"author":9,"featured_media":0,"comment_status":"open","ping_status":"open","sticky":false,"template":"","format":"standard","meta":{"site-sidebar-layout":"default","site-content-layout":"","ast-site-content-layout":"default","site-content-style":"default","site-sidebar-style":"default","ast-global-header-display":"","ast-banner-title-visibility":"","ast-main-header-display":"","ast-hfb-above-header-display":"","ast-hfb-below-header-display":"","ast-hfb-mobile-header-display":"","site-post-title":"","ast-breadcrumbs-content":"","ast-featured-img":"","footer-sml-layout":"","ast-disable-related-posts":"","theme-transparent-header-meta":"","adv-header-id-meta":"","stick-header-meta":"","header-above-stick-meta":"","header-main-stick-meta":"","header-below-stick-meta":"","astra-migrate-meta-layouts":"default","ast-page-background-enabled":"default","ast-page-background-meta":{"desktop":{"background-color":"","background-image":"","background-repeat":"repeat","background-position":"center center","background-size":"auto","background-attachment":"scroll","background-type":"","background-media":"","overlay-type":"","overlay-color":"","overlay-opacity":"","overlay-gradient":""},"tablet":{"background-color":"","background-image":"","background-repeat":"repeat","background-position":"center center","background-size":"auto","background-attachment":"scroll","background-type":"","background-media":"","overlay-type":"","overlay-color":"","overlay-opacity":"","overlay-gradient":""},"mobile":{"background-color":"","background-image":"","background-repeat":"repeat","background-position":"center center","background-size":"auto","background-attachment":"scroll","background-type":"","background-media":"","overlay-type":"","overlay-color":"","overlay-opacity":"","overlay-gradient":""}},"ast-content-background-meta":{"desktop":{"background-color":"var(--ast-global-color-5)","background-image":"","background-repeat":"repeat","background-position":"center center","background-size":"auto","background-attachment":"scroll","background-type":"","background-media":"","overlay-type":"","overlay-color":"","overlay-opacity":"","overlay-gradient":""},"tablet":{"background-color":"var(--ast-global-color-5)","background-image":"","background-repeat":"repeat","background-position":"center center","background-size":"auto","background-attachment":"scroll","background-type":"","background-media":"","overlay-type":"","overlay-color":"","overlay-opacity":"","overlay-gradient":""},"mobile":{"background-color":"var(--ast-global-color-5)","background-image":"","background-repeat":"repeat","background-position":"center center","background-size":"auto","background-attachment":"scroll","background-type":"","background-media":"","overlay-type":"","overlay-color":"","overlay-opacity":"","overlay-gradient":""}},"footnotes":""},"categories":[149],"tags":[],"class_list":["post-63317","post","type-post","status-publish","format-standard","hentry","category-entrevistas"],"spectra_blocks_featured_image_url":null,"spectra_blocks_author_info":{"display_name":"Jorge Alfredo Baret","avatar_url":"https:\/\/secure.gravatar.com\/avatar\/31696f5ca83439b642450ec7d3f82f98451a5efacb414343d5478c982b337f26?s=96&d=mm&r=g","author_link":"https:\/\/100xd.com.ar\/es\/author\/jorge\/","description":"Ingeniero Qu\u00edmico UTN - Director Apoderado de Comunicaciones Auditadas SA. Editor Responsable 100xd.com.ar."},"_links":{"self":[{"href":"https:\/\/100xd.com.ar\/es\/wp-json\/wp\/v2\/posts\/63317","targetHints":{"allow":["GET"]}}],"collection":[{"href":"https:\/\/100xd.com.ar\/es\/wp-json\/wp\/v2\/posts"}],"about":[{"href":"https:\/\/100xd.com.ar\/es\/wp-json\/wp\/v2\/types\/post"}],"author":[{"embeddable":true,"href":"https:\/\/100xd.com.ar\/es\/wp-json\/wp\/v2\/users\/9"}],"replies":[{"embeddable":true,"href":"https:\/\/100xd.com.ar\/es\/wp-json\/wp\/v2\/comments?post=63317"}],"version-history":[{"count":1,"href":"https:\/\/100xd.com.ar\/es\/wp-json\/wp\/v2\/posts\/63317\/revisions"}],"predecessor-version":[{"id":63319,"href":"https:\/\/100xd.com.ar\/es\/wp-json\/wp\/v2\/posts\/63317\/revisions\/63319"}],"wp:attachment":[{"href":"https:\/\/100xd.com.ar\/es\/wp-json\/wp\/v2\/media?parent=63317"}],"wp:term":[{"taxonomy":"category","embeddable":true,"href":"https:\/\/100xd.com.ar\/es\/wp-json\/wp\/v2\/categories?post=63317"},{"taxonomy":"post_tag","embeddable":true,"href":"https:\/\/100xd.com.ar\/es\/wp-json\/wp\/v2\/tags?post=63317"}],"curies":[{"name":"wp","href":"https:\/\/api.w.org\/{rel}","templated":true}]}}