{"id":62989,"date":"2022-03-05T13:04:48","date_gmt":"2022-03-05T16:04:48","guid":{"rendered":"https:\/\/100xd.com.ar\/?p=62989"},"modified":"2022-03-05T13:04:48","modified_gmt":"2022-03-05T16:04:48","slug":"y-si-hacen-lo-mismo-que-con-el-presupuesto","status":"publish","type":"post","link":"https:\/\/100xd.com.ar\/es\/y-si-hacen-lo-mismo-que-con-el-presupuesto\/","title":{"rendered":"\u00bfY si hacen lo mismo que con el Presupuesto?"},"content":{"rendered":"<p class=\"wp-block-paragraph\">Quedan pocos d\u00edas para develar la gran inc\u00f3gnita. \u00bfEl Congreso aprueba o no aprueba el acuerdo con el&nbsp;<a target=\"_blank\" href=\"https:\/\/www.perfil.com\/noticias\/politica\/cual-es-articulo-clave-demora-ingreso-acuerdo-fmi-congreso.phtml\" rel=\"noreferrer noopener\"><strong>FMI<\/strong><\/a>? Mientras se da por descontado que habr\u00e1 acuerdo.<\/p>\n\n\n\n<p class=\"wp-block-paragraph\">Hay dos l\u00edneas argumentales en las que se apoya la duda sobre lo que finalmente pueda suceder. Hay dos sectores que piensan que lo mejor es que el S\u00ed lo vote el otro bando asumiendo el riesgo de que finalmente no salga. Finalmente ambos piensan lo mismo. Que el costo no les caiga a ellos.<\/p>\n\n\n\n<p class=\"wp-block-paragraph\">Suena un poco alocado el argumento. Desde el punto de vista de la opini\u00f3n p\u00fablica, el acuerdo en s\u00ed mismo es un abstracto. Actualmente hay aprobaci\u00f3n casi consensual de que la deuda se debe pagar y son muy pocos los que creen que si se paga, las cosas en el pa\u00eds y en el hogar empeorar\u00edan. Con lo cual las miradas vuelven sobre la pol\u00edtica econ\u00f3mica del gobierno nacional.PUBLICIDAD<\/p>\n\n\n\n<p class=\"wp-block-paragraph\">Por m\u00e1s que sectores del oficialismo se enojen con el&nbsp;<strong>Presidente&nbsp;<\/strong>porque no le echaba suficiente culpa de la deuda a&nbsp;<a target=\"_blank\" href=\"https:\/\/www.perfil.com\/noticias\/politica\/mauricio-macri-el-pro-y-los-economistas-de-jxc-secretos-de-dos-cumbres-claves-en-el-debate-por-el-fmi.phtml\" rel=\"noreferrer noopener\"><strong>Macri<\/strong><\/a>, resolver los problemas cotidianos le corresponden a quien gobierna.<\/p>\n\n\n\n<p class=\"wp-block-paragraph\">Evidentemente hay una confusi\u00f3n en un sector del oficialismo. Creer que ech\u00e1ndole la culpa al gobierno anterior se salvan de la responsabilidad para la que fueron elegidos, es ingenuo excepto est\u00e9n pensando en romper.<\/p>\n\n\n\n<p class=\"wp-block-paragraph\">Parte de los duros del oficialismo cree que el cumplimiento de las metas ser\u00e1 imposible sin ajuste de la econom\u00eda y que la revisi\u00f3n trimestral de los t\u00e9cnicos del Fondo llevar\u00e1 a ajustes insoportables y que volveremos al 2001, cuando la poblaci\u00f3n&nbsp;coreaba \u201cque se vayan todos\u201d.<\/p>\n\n\n\n<p class=\"wp-block-paragraph\">A la inversa, los opositores, sobre todo los dirigentes que responden a Macri, creen que los costos los debe pagar el Gobierno. Que ellos tomaron la deuda anterior con el FMI por la situaci\u00f3n que les dej\u00f3 Cristina. Entonces no tienen por qu\u00e9 hacerse cargo del problema y&nbsp;<strong>si el acuerdo se cae por el kirchnerismo, el costo ser\u00e1 de M\u00e1ximo y Cristina.<\/strong><\/p>\n\n\n\n<p class=\"wp-block-paragraph\">Adem\u00e1s, en la medida en que los pagos deben comenzar a hacerlos el pr\u00f3ximo gobierno a partir de 2026 y crey\u00e9ndose ya en la Rosada, especulan que votarlo es heredar una situaci\u00f3n econ\u00f3mica que les complicar\u00eda la gesti\u00f3n. Terminan diciendo: Alberto tiene la alternativa de retirar el proyecto del Parlamento y tomarse de la propuesta de Carri\u00f3. Los argumentos de ambos resultan bastante incre\u00edbles e inocentes. Hoy es 2022, la dirigencia pol\u00edtica en su conjunto ya est\u00e1 cuestionada.<\/p>\n\n\n\n<p class=\"wp-block-paragraph\">Lo que sucedi\u00f3 durante la discusi\u00f3n del presupuesto nos muestra que estamos ante&nbsp;<strong>sectores sectarios que prefieren echarse culpas a resolver los problemas<\/strong>. Prim\u00f3 m\u00e1s que el di\u00e1logo y la b\u00fasqueda de acuerdos, la palabra disonante, el tono alto, la frase no medida. Y el resultado fue inverso al esperado por ambos polos.<\/p>\n\n\n\n<p class=\"wp-block-paragraph\">En Diputados el oficialismo no consigui\u00f3 el presupuesto, en Senado la oposici\u00f3n no pudo evitar el incremento de impuestos. Pensemos ahora, \u00bfqu\u00e9 suceder\u00eda si la escena se repite, las cosas se van de las manos y al final los votos no est\u00e1n? \u00bfAlguno est\u00e1 pensando en las consecuencias de un default para la vida cotidiana de los argentinos? No lo parece.<\/p>\n\n\n\n<p class=\"wp-block-paragraph\">El temor al 2001 del que hablan sectores del kirchnerismo&nbsp; puede ser un presente inmediato si no hay acuerdo. \u00bfCu\u00e1nto puede pasar declarado el default que la clase media se abalance sobre los bancos, los precios se vayan a las nubes, haya desabastecimiento y los sectores populares salgan a la calle? All\u00ed, el \u201cque se vayan todos\u201d no va a distinguir entre negociadores y rechazadores. Y por el lado de la oposici\u00f3n, \u00bfqu\u00e9 pa\u00eds piensan heredar despu\u00e9s de un default?, porque ellos tambi\u00e9n van a ser parte del \u201cque se vayan todos\u201d. Con un no acuerdo, 2023 les puede quedar muy lejos a ambos.<\/p>\n\n\n\n<p class=\"wp-block-paragraph\">El cuanto peor mejor de ambos polos es una bomba de tiempo para el futuro nacional. Estamos en presencia de dos coaliciones con fuertes contradicciones internas. Se necesita de una gran sabidur\u00eda para que los conflictos internos no desestabilicen al sistema pol\u00edtico institucional.<\/p>\n\n\n\n<p class=\"wp-block-paragraph\"><strong><em>*Consultor y analista pol\u00edtico.<\/em><\/strong><\/p>\n\n\n\n<p class=\"wp-block-paragraph\">Fuente: <a href=\"https:\/\/www.perfil.com\/\">Perfil.com<\/a><\/p>","protected":false},"excerpt":{"rendered":"<p>Quedan pocos d\u00edas para develar la gran inc\u00f3gnita. \u00bfEl Congreso aprueba o no aprueba el acuerdo con el&nbsp;FMI? Mientras se da por descontado que habr\u00e1 acuerdo. Hay dos l\u00edneas argumentales en las que se apoya la duda sobre lo que finalmente pueda suceder. Hay dos sectores que piensan que lo mejor es que el S\u00ed [&hellip;]<\/p>\n","protected":false},"author":9,"featured_media":0,"comment_status":"open","ping_status":"open","sticky":false,"template":"","format":"standard","meta":{"site-sidebar-layout":"default","site-content-layout":"","ast-site-content-layout":"default","site-content-style":"default","site-sidebar-style":"default","ast-global-header-display":"","ast-banner-title-visibility":"","ast-main-header-display":"","ast-hfb-above-header-display":"","ast-hfb-below-header-display":"","ast-hfb-mobile-header-display":"","site-post-title":"","ast-breadcrumbs-content":"","ast-featured-img":"","footer-sml-layout":"","ast-disable-related-posts":"","theme-transparent-header-meta":"","adv-header-id-meta":"","stick-header-meta":"","header-above-stick-meta":"","header-main-stick-meta":"","header-below-stick-meta":"","astra-migrate-meta-layouts":"default","ast-page-background-enabled":"default","ast-page-background-meta":{"desktop":{"background-color":"","background-image":"","background-repeat":"repeat","background-position":"center center","background-size":"auto","background-attachment":"scroll","background-type":"","background-media":"","overlay-type":"","overlay-color":"","overlay-opacity":"","overlay-gradient":""},"tablet":{"background-color":"","background-image":"","background-repeat":"repeat","background-position":"center center","background-size":"auto","background-attachment":"scroll","background-type":"","background-media":"","overlay-type":"","overlay-color":"","overlay-opacity":"","overlay-gradient":""},"mobile":{"background-color":"","background-image":"","background-repeat":"repeat","background-position":"center center","background-size":"auto","background-attachment":"scroll","background-type":"","background-media":"","overlay-type":"","overlay-color":"","overlay-opacity":"","overlay-gradient":""}},"ast-content-background-meta":{"desktop":{"background-color":"var(--ast-global-color-5)","background-image":"","background-repeat":"repeat","background-position":"center center","background-size":"auto","background-attachment":"scroll","background-type":"","background-media":"","overlay-type":"","overlay-color":"","overlay-opacity":"","overlay-gradient":""},"tablet":{"background-color":"var(--ast-global-color-5)","background-image":"","background-repeat":"repeat","background-position":"center center","background-size":"auto","background-attachment":"scroll","background-type":"","background-media":"","overlay-type":"","overlay-color":"","overlay-opacity":"","overlay-gradient":""},"mobile":{"background-color":"var(--ast-global-color-5)","background-image":"","background-repeat":"repeat","background-position":"center center","background-size":"auto","background-attachment":"scroll","background-type":"","background-media":"","overlay-type":"","overlay-color":"","overlay-opacity":"","overlay-gradient":""}},"footnotes":""},"categories":[2],"tags":[],"class_list":["post-62989","post","type-post","status-publish","format-standard","hentry","category-politica"],"spectra_blocks_featured_image_url":null,"spectra_blocks_author_info":{"display_name":"Jorge Alfredo Baret","avatar_url":"https:\/\/secure.gravatar.com\/avatar\/31696f5ca83439b642450ec7d3f82f98451a5efacb414343d5478c982b337f26?s=96&d=mm&r=g","author_link":"https:\/\/100xd.com.ar\/es\/author\/jorge\/","description":"Ingeniero Qu\u00edmico UTN - Director Apoderado de Comunicaciones Auditadas SA. Editor Responsable 100xd.com.ar."},"_links":{"self":[{"href":"https:\/\/100xd.com.ar\/es\/wp-json\/wp\/v2\/posts\/62989","targetHints":{"allow":["GET"]}}],"collection":[{"href":"https:\/\/100xd.com.ar\/es\/wp-json\/wp\/v2\/posts"}],"about":[{"href":"https:\/\/100xd.com.ar\/es\/wp-json\/wp\/v2\/types\/post"}],"author":[{"embeddable":true,"href":"https:\/\/100xd.com.ar\/es\/wp-json\/wp\/v2\/users\/9"}],"replies":[{"embeddable":true,"href":"https:\/\/100xd.com.ar\/es\/wp-json\/wp\/v2\/comments?post=62989"}],"version-history":[{"count":1,"href":"https:\/\/100xd.com.ar\/es\/wp-json\/wp\/v2\/posts\/62989\/revisions"}],"predecessor-version":[{"id":62991,"href":"https:\/\/100xd.com.ar\/es\/wp-json\/wp\/v2\/posts\/62989\/revisions\/62991"}],"wp:attachment":[{"href":"https:\/\/100xd.com.ar\/es\/wp-json\/wp\/v2\/media?parent=62989"}],"wp:term":[{"taxonomy":"category","embeddable":true,"href":"https:\/\/100xd.com.ar\/es\/wp-json\/wp\/v2\/categories?post=62989"},{"taxonomy":"post_tag","embeddable":true,"href":"https:\/\/100xd.com.ar\/es\/wp-json\/wp\/v2\/tags?post=62989"}],"curies":[{"name":"wp","href":"https:\/\/api.w.org\/{rel}","templated":true}]}}