{"id":61512,"date":"2022-01-30T13:17:39","date_gmt":"2022-01-30T16:17:39","guid":{"rendered":"https:\/\/100xd.com.ar\/?p=61512"},"modified":"2022-01-30T13:17:39","modified_gmt":"2022-01-30T16:17:39","slug":"cuando-los-corruptos-vienen-marchando","status":"publish","type":"post","link":"https:\/\/100xd.com.ar\/es\/cuando-los-corruptos-vienen-marchando\/","title":{"rendered":"Cuando los corruptos vienen marchando"},"content":{"rendered":"<p class=\"wp-block-paragraph\"><em><\/em><em><\/em>14<\/p>\n\n\n\n<p class=\"wp-block-paragraph\">\u201cLa&nbsp;<strong>Corte Suprema<\/strong>&nbsp;invadi\u00f3 a los dem\u00e1s poderes del Estado\u201d, sentenci\u00f3&nbsp;<strong>Juan Mart\u00edn Mena,<\/strong>&nbsp;ex n\u00famero dos de la&nbsp;<strong>Agencia Federal de Inteligencia<\/strong>&nbsp;(AFI), actual&nbsp;<strong>viceministro de Justicia de la Naci\u00f3n<\/strong>&nbsp;y alfil de&nbsp;<strong>Cristina Kirchner<\/strong>&nbsp;en cuestiones judiciales, ante el reciente fallo que declar\u00f3 inconstitucional la ley de 2006 que desbalance\u00f3 el&nbsp;<strong>Consejo de la Magistratura<\/strong>, impulsada por la hoy vicepresidenta.<\/p>\n\n\n\n<p class=\"wp-block-paragraph\">El juez&nbsp;<strong>Juan Ramos Padilla<\/strong>, quien calific\u00f3 de \u201cdelirante y golpista\u201d el referido fallo, impulsa la marcha contra la Corte convocada para pasado ma\u00f1ana. \u201c<mark>Sacaremos este poder que afecta la soberan\u00eda, el desarrollo y la paz de nuestro pueblo<\/mark>\u201d, amenaz\u00f3.<\/p>\n\n\n\n<p class=\"wp-block-paragraph\">El viceministro de Justicia y el juez ignoran que corresponde al Poder Judicial ejercer el control de constitucionalidad de las leyes. Ese principio, aplicado por primera vez por la Corte Suprema de los Estados Unidos, tiene un siglo y medio de vigencia y&nbsp;<mark>constituye uno de los pilares de nuestro sistema republicano<\/mark>.<\/p>\n\n\n\n<p class=\"wp-block-paragraph\">Los miembros de la Corte no son elegidos ni removidos por regla mayoritaria como los integrantes de otros \u00f3rganos pol\u00edticos, explic\u00f3 el constitucionalista&nbsp;<strong>Roberto Gargarella<\/strong>&nbsp;al referirse a la \u201cobjeci\u00f3n democr\u00e1tica\u201d que se interpone en la cuesti\u00f3n, justamente para contar con la independencia necesaria para ejercer esa potestad de control de constitucionalidad.<\/p>\n\n\n\n<p class=\"wp-block-paragraph\">El kirchnerismo m\u00e1s duro&nbsp;<mark>impulsa la movilizaci\u00f3n desconociendo el juicio pol\u00edtico como instrumento para remover jueces&nbsp;<\/mark>y lo hace falsamente amparado en la que definen como una demanda social que busca \u201caumentar el control popular\u201d, evitar que se apliquen \u201cleyes contra el pueblo\u201d y \u201cdemocratizar la justicia\u201d. El art\u00edculo 121 de la constituci\u00f3n cubana establece que los tribunales est\u00e1n subordinados a la Asamblea del Poder Popular y al Consejo de Estado. \u00bf<mark>Ser\u00e1 el modelo que buscan imponer al presionar a la Corte<\/mark>?<\/p>\n\n\n\n<p class=\"wp-block-paragraph\">Nuestra Constituci\u00f3n nacional se\u00f1ala que \u201ctoda fuerza armada o reuni\u00f3n de personas que se atribuya los derechos del pueblo y peticione a nombre de este comete el delito de sedici\u00f3n\u201d, una figura penal de inusitada gravedad.<\/p>\n\n\n\n<blockquote class=\"wp-block-quote is-layout-flow wp-block-quote-is-layout-flow\"><p>Con su violencia acostumbrada y \u201cfinos\u201d modos, Bonafini vocifera: \u201cTenemos que ser muchos, que se note y que les duela; que les moleste\u201d. Lo pregona subida a un tren fantasma de impresentables, desfachatados y sinverg\u00fcenzas, muchos de ellos con prontuarios delictivos, conocidos por sus prepotencias y procederes antidemocr\u00e1ticos<\/p><\/blockquote>\n\n\n\n<p class=\"wp-block-paragraph\">La diputada camporista&nbsp;<strong>Vanesa Siley<\/strong>&nbsp;y sus pares&nbsp;<strong>Leopoldo Moreau<\/strong>&nbsp;y&nbsp;<strong>Hugo Yasky<\/strong>,&nbsp;<strong>Julio De Vido<\/strong>,&nbsp;<strong>Maximiliano Rusconi<\/strong>, el embajador&nbsp;<strong>Ricardo Alfons\u00edn<\/strong>&nbsp;y organismos de derechos humanos apoyan la movilizaci\u00f3n.<\/p>\n\n\n\n<p class=\"wp-block-paragraph\"><strong>Roberto Baradel<\/strong>, conductor del Sindicato Unificado de Trabajadores de la Educaci\u00f3n de Buenos Aires, confirm\u00f3 la presencia de la entidad, pero no todos los gremios asumieron la misma postura. Tambi\u00e9n los muy desacreditados&nbsp;<strong>Pablo y Hugo Moyano<\/strong>, que, parece una iron\u00eda, se consideran v\u00edctimas de persecuci\u00f3n judicial, reclamar\u00e1n la renovaci\u00f3n del tribunal.&nbsp;<strong>Luis D\u00b4El\u00eda<\/strong>&nbsp;y&nbsp;<strong>Hebe de Bonafini<\/strong>, que m\u00e1s de una vez cuestionaron a los \u201cgordos \u201ccegetistas, hoy se les unen para \u201cechar a todos los miembros de la Corte\u201d. Con su violencia acostumbrada y \u201cfinos\u201d modos, Bonafini vocifer\u00f3: \u201cTenemos que ser muchos, que se note y que les duela; que les moleste\u201d. Lo pregona subida a un tren fantasma de impresentables, desfachatados y sinverg\u00fcenzas, muchos de ellos con prontuarios delictivos, conocidos por sus prepotencias y procederes antidemocr\u00e1ticos.<\/p>\n\n\n\n<p class=\"wp-block-paragraph\">El propio presidente&nbsp;<strong>Alberto Fern\u00e1ndez<\/strong>&nbsp;fijo posici\u00f3n al afirmar que \u201c<mark>con la Corte Suprema hay un problema de funcionamiento muy serio<\/mark>\u201d. Sin la m\u00e1s m\u00ednima autocr\u00edtica, el jefe del Estado parece no querer darse cuenta de que,&nbsp;<mark>si hay un poder que realmente funciona muy mal hoy, es precisamente el Poder Ejecutivo que \u00e9l representa<\/mark>.<\/p>\n\n\n\n<blockquote class=\"wp-block-quote is-layout-flow wp-block-quote-is-layout-flow\"><p>La institucionalidad peligra. Aquel \u201cvamos por todo\u201d recobra fuerza. La burda arremetida contra el m\u00e1ximo tribunal de justicia del pa\u00eds amenaza con sumergirnos a\u00fan m\u00e1s en el oscuro y convulsionado tramo de la historia que estamos atravesando. Que no nos distraigan ni nos mientan m\u00e1s. No a la impunidad, s\u00ed a la rep\u00fablica<\/p><\/blockquote>\n\n\n\n<p class=\"wp-block-paragraph\">La independencia de los poderes republicanos y el control de constitucionalidad de las leyes siempre ser\u00e1 un problema para quienes solo desean gobernar por decreto y burlar a la Justicia.<mark>&nbsp;Los dichos del Presidente resultan imperdonables, m\u00e1xime si se tiene en cuenta que provienen, adem\u00e1s, de un funcionario profesor de derecho que se define como democr\u00e1tico<\/mark>.<\/p>\n\n\n\n<p class=\"wp-block-paragraph\">Profesores de derecho de todo el pa\u00eds rechazaron la marcha y programaron un encuentro en defensa del m\u00e1ximo tribunal para dos d\u00edas despu\u00e9s. Destacaron la gravedad de que integrantes de los tres poderes del gobierno federal, con el expreso aval del presidente de la Naci\u00f3n, apoyen la iniciativa destituyente en abierta violaci\u00f3n de la separaci\u00f3n de poderes que fija la Constituci\u00f3n.<\/p>\n\n\n\n<p class=\"wp-block-paragraph\">El&nbsp;<strong>Colegio de Abogados de la Ciudad de Buenos Aires<\/strong>&nbsp;repudi\u00f3 la marcha y alert\u00f3 sobre la gravedad del nuevo ataque al<strong>&nbsp;Poder Judicial<\/strong>. La&nbsp;<strong>Asociaci\u00f3n de Magistrados y Funcionarios de la Justicia Nacional&nbsp;<\/strong>rechaz\u00f3 de igual modo los dichos de Alberto Fern\u00e1ndez.<\/p>\n\n\n\n<p class=\"wp-block-paragraph\">Debilitado tras la \u00faltima derrota electoral, los tiempos del oficialismo se acortan. La confianza en el Gobierno se encuentra entre las m\u00e1s bajas de la d\u00e9cada. Cada quien elige sus batallas y la embestida contra&nbsp;<strong>Horacio Rosatti, Juan Carlos Maqueda, Carlos Rosenkrantz y Ricardo Lorenzetti<\/strong>&nbsp;se hace parecer como prometedora bajo el disfraz de una cruzada en defensa del pueblo, disimulando as\u00ed su aut\u00e9ntico vil objetivo. El discurso de la vicepresidenta en Honduras culpando a los jueces de ir contra los intereses de la mayor\u00eda confirma el rumbo.<\/p>\n\n\n\n<p class=\"wp-block-paragraph\">Con tensiones que se acrecientan, la certeza respecto de un plan de impunidad para beneficiar a Cristina Kirchner se robustece en la sociedad y el Gobierno evidencia estar cada vez m\u00e1s disociado de la agenda ciudadana.&nbsp;<mark>No hay l\u00f3gica, solo urgencias<\/mark>. La movilizaci\u00f3n propone un frente superador de las diferencias internas, cuando lo cierto es que sus organizadores solo se parapetan detr\u00e1s del reclamo de impunidad, rejuntados en una enorme bolsa de gatos. Una muestra de fuerza que \u2013transporte, paga y choripanes mediante\u2013 pretender\u00e1 convertirse en advertencia \u2013propia del estilo patoteril y mafioso al que adhieren\u2013 para una justicia, que deber\u00e1 pronunciarse en causas sensibles como la del pacto con Ir\u00e1n, Cuadernos, Vialidad, Hotesur y Los Sauces, entre muchas otras.<\/p>\n\n\n\n<p class=\"wp-block-paragraph\">Les preocupa tambi\u00e9n que, en el \u00faltimo tiempo, el tribunal supremo exhiba r\u00e9cords de fallos. Al oficialismo, ciertamente, m\u00e1s que nunca le convendr\u00eda su lentitud. Ochenta son los funcionarios con recursos pendientes por causas de corrupci\u00f3n, involucrados en fallos de alto impacto pol\u00edtico y econ\u00f3mico. Aguardan tambi\u00e9n en la Corte nueve recursos presentados por la vicepresidenta, se\u00f1alada como jefa de una asociaci\u00f3n il\u00edcita en varios expedientes judiciales.<\/p>\n\n\n\n<p class=\"wp-block-paragraph\">Sin n\u00famero suficiente para remover jueces, sin consensos legislativos para las reformas, solo les resta atropellar e insistir con el tan inconsistente como falaz discurso del&nbsp;<em>lawfare<\/em>&nbsp;y las acusaciones a la Corte.&nbsp;<mark>El pensamiento m\u00e1gico que les permite reconocer un triunfo en una sonora derrota los conduce tambi\u00e9n a ilusionarse con que los jueces probos reaccionen a las amenazas y presiones, y simplemente renuncien<\/mark>.<\/p>\n\n\n\n<p class=\"wp-block-paragraph\">El Gobierno insistir\u00e1 con seguir introduciendo cambios en las reglas de la institucionalidad para construir un sistema judicial af\u00edn, como en la&nbsp;<strong>Rep\u00fablica de Cuba<\/strong>. Una desesperada lucha que se libra en varios frentes. La batalla por el&nbsp;<strong>Consejo de la Magistratura<\/strong>&nbsp;deber\u00eda unir a todo el bloque opositor y ser\u00e1 crucial el tratamiento de esa ley en las sesiones extraordinarias que arrancan pasado ma\u00f1ana.<\/p>\n\n\n\n<p class=\"wp-block-paragraph\">Mientras tanto, la activa mesa judicial kirchnerista integrada, entre otros, por&nbsp;<strong>Oscar Parrilli, Eduardo Vald\u00e9s, Rodolfo Tailhade, Juan Mart\u00edn Mena y Leopoldo Moreau,<\/strong>&nbsp;aspira tambi\u00e9n a deshacerse del procurador general bonaerense,&nbsp;<strong>Julio Conte Grand<\/strong>, y del fiscal general de la ciudad de Buenos Aires,&nbsp;<strong>Juan Bautista Mahiques,<\/strong>&nbsp;adem\u00e1s de tratar la ley de reforma de la Corte y el pliego del impresentable juez&nbsp;<strong>Daniel Rafecas<\/strong>&nbsp;para ungirlo como jefe de los fiscales.<\/p>\n\n\n\n<p class=\"wp-block-paragraph\">La institucionalidad peligra. Aquel \u201cvamos por todo\u201d recobra fuerza y el tren fantasma que marchar\u00e1 contra la Corte Suprema amenaza con sumergirnos a\u00fan m\u00e1s en otro tramo oscuro de dif\u00edcil retorno en nuestra convulsionada historia. Que no nos distraigan ni nos mientan m\u00e1s.\u00a0<mark>\u201cDemocratizar\u201d nunca ser\u00e1 instaurar una garant\u00eda de impunidad.<\/mark>\u00a0Est\u00e1 en cada uno salir de la anomia y la comodidad para hacernos cargo activa y mancomunadamente del futuro de la Naci\u00f3n. Exijamos el robustecimiento de las instituciones y defendamos la divisi\u00f3n y el equilibrio de poderes. No a la impunidad. S\u00ed a la rep\u00fablica. S\u00ed a la justicia independiente. Ma\u00f1ana puede ser tarde.<\/p>\n\n\n\n<p class=\"wp-block-paragraph\">Fuente:<a href=\"https:\/\/www.lanacion.com.ar\/\"> La Naci\u00f3n<\/a><\/p>","protected":false},"excerpt":{"rendered":"<p>14 \u201cLa&nbsp;Corte Suprema&nbsp;invadi\u00f3 a los dem\u00e1s poderes del Estado\u201d, sentenci\u00f3&nbsp;Juan Mart\u00edn Mena,&nbsp;ex n\u00famero dos de la&nbsp;Agencia Federal de Inteligencia&nbsp;(AFI), actual&nbsp;viceministro de Justicia de la Naci\u00f3n&nbsp;y alfil de&nbsp;Cristina Kirchner&nbsp;en cuestiones judiciales, ante el reciente fallo que declar\u00f3 inconstitucional la ley de 2006 que desbalance\u00f3 el&nbsp;Consejo de la Magistratura, impulsada por la hoy vicepresidenta. El juez&nbsp;Juan Ramos [&hellip;]<\/p>\n","protected":false},"author":9,"featured_media":0,"comment_status":"open","ping_status":"open","sticky":false,"template":"","format":"standard","meta":{"site-sidebar-layout":"default","site-content-layout":"","ast-site-content-layout":"default","site-content-style":"default","site-sidebar-style":"default","ast-global-header-display":"","ast-banner-title-visibility":"","ast-main-header-display":"","ast-hfb-above-header-display":"","ast-hfb-below-header-display":"","ast-hfb-mobile-header-display":"","site-post-title":"","ast-breadcrumbs-content":"","ast-featured-img":"","footer-sml-layout":"","ast-disable-related-posts":"","theme-transparent-header-meta":"","adv-header-id-meta":"","stick-header-meta":"","header-above-stick-meta":"","header-main-stick-meta":"","header-below-stick-meta":"","astra-migrate-meta-layouts":"default","ast-page-background-enabled":"default","ast-page-background-meta":{"desktop":{"background-color":"","background-image":"","background-repeat":"repeat","background-position":"center center","background-size":"auto","background-attachment":"scroll","background-type":"","background-media":"","overlay-type":"","overlay-color":"","overlay-opacity":"","overlay-gradient":""},"tablet":{"background-color":"","background-image":"","background-repeat":"repeat","background-position":"center center","background-size":"auto","background-attachment":"scroll","background-type":"","background-media":"","overlay-type":"","overlay-color":"","overlay-opacity":"","overlay-gradient":""},"mobile":{"background-color":"","background-image":"","background-repeat":"repeat","background-position":"center center","background-size":"auto","background-attachment":"scroll","background-type":"","background-media":"","overlay-type":"","overlay-color":"","overlay-opacity":"","overlay-gradient":""}},"ast-content-background-meta":{"desktop":{"background-color":"var(--ast-global-color-5)","background-image":"","background-repeat":"repeat","background-position":"center center","background-size":"auto","background-attachment":"scroll","background-type":"","background-media":"","overlay-type":"","overlay-color":"","overlay-opacity":"","overlay-gradient":""},"tablet":{"background-color":"var(--ast-global-color-5)","background-image":"","background-repeat":"repeat","background-position":"center center","background-size":"auto","background-attachment":"scroll","background-type":"","background-media":"","overlay-type":"","overlay-color":"","overlay-opacity":"","overlay-gradient":""},"mobile":{"background-color":"var(--ast-global-color-5)","background-image":"","background-repeat":"repeat","background-position":"center center","background-size":"auto","background-attachment":"scroll","background-type":"","background-media":"","overlay-type":"","overlay-color":"","overlay-opacity":"","overlay-gradient":""}},"footnotes":""},"categories":[149],"tags":[],"class_list":["post-61512","post","type-post","status-publish","format-standard","hentry","category-entrevistas"],"spectra_blocks_featured_image_url":null,"spectra_blocks_author_info":{"display_name":"Jorge Alfredo Baret","avatar_url":"https:\/\/secure.gravatar.com\/avatar\/31696f5ca83439b642450ec7d3f82f98451a5efacb414343d5478c982b337f26?s=96&d=mm&r=g","author_link":"https:\/\/100xd.com.ar\/es\/author\/jorge\/","description":"Ingeniero Qu\u00edmico UTN - Director Apoderado de Comunicaciones Auditadas SA. Editor Responsable 100xd.com.ar."},"_links":{"self":[{"href":"https:\/\/100xd.com.ar\/es\/wp-json\/wp\/v2\/posts\/61512","targetHints":{"allow":["GET"]}}],"collection":[{"href":"https:\/\/100xd.com.ar\/es\/wp-json\/wp\/v2\/posts"}],"about":[{"href":"https:\/\/100xd.com.ar\/es\/wp-json\/wp\/v2\/types\/post"}],"author":[{"embeddable":true,"href":"https:\/\/100xd.com.ar\/es\/wp-json\/wp\/v2\/users\/9"}],"replies":[{"embeddable":true,"href":"https:\/\/100xd.com.ar\/es\/wp-json\/wp\/v2\/comments?post=61512"}],"version-history":[{"count":1,"href":"https:\/\/100xd.com.ar\/es\/wp-json\/wp\/v2\/posts\/61512\/revisions"}],"predecessor-version":[{"id":61514,"href":"https:\/\/100xd.com.ar\/es\/wp-json\/wp\/v2\/posts\/61512\/revisions\/61514"}],"wp:attachment":[{"href":"https:\/\/100xd.com.ar\/es\/wp-json\/wp\/v2\/media?parent=61512"}],"wp:term":[{"taxonomy":"category","embeddable":true,"href":"https:\/\/100xd.com.ar\/es\/wp-json\/wp\/v2\/categories?post=61512"},{"taxonomy":"post_tag","embeddable":true,"href":"https:\/\/100xd.com.ar\/es\/wp-json\/wp\/v2\/tags?post=61512"}],"curies":[{"name":"wp","href":"https:\/\/api.w.org\/{rel}","templated":true}]}}