{"id":61334,"date":"2022-01-25T13:36:30","date_gmt":"2022-01-25T16:36:30","guid":{"rendered":"https:\/\/100xd.com.ar\/?p=61334"},"modified":"2022-01-25T13:36:30","modified_gmt":"2022-01-25T16:36:30","slug":"no-es-la-percepcion-es-la-realidad-y-que-hacemos-para-evitarlo","status":"publish","type":"post","link":"https:\/\/100xd.com.ar\/es\/no-es-la-percepcion-es-la-realidad-y-que-hacemos-para-evitarlo\/","title":{"rendered":"No es la percepci\u00f3n, es la realidad: \u00bfy qu\u00e9 hacemos para evitarlo?"},"content":{"rendered":"<p class=\"wp-block-paragraph\"><strong>La Argentina no va por el buen camino en su objetivo de luchar contra la corrupci\u00f3n, si es que efectivamente ese fuese un objetivo<\/strong>. Los desaf\u00edos en esta materia son muchos y tienen que ver con diversos aspectos que son la base de cualquier pa\u00eds que quiera ver prosperar a su poblaci\u00f3n e insertarse en el mundo comercial, pol\u00edtica y financieramente.&nbsp;<a href=\"https:\/\/www.lanacion.com.ar\/politica\/fuerte-retroceso-de-la-argentina-en-un-ranking-mundial-anticorrupcion-las-razones-nid25012022\/\">Una vez m\u00e1s<\/a>&nbsp;lo dice Transparencia Internacional en su famoso \u00cdndice de Percepci\u00f3n de la Corrupci\u00f3n.<\/p>\n\n\n\n<p class=\"wp-block-paragraph\">La f\u00f3rmula del fracaso parece ser trillada.&nbsp;<mark>Bajo inter\u00e9s de la pol\u00edtica en llevar adelante las reformas necesarias para luchar contra la corrupci\u00f3n, poca transparencia y una Justicia que es parte del problema en lugar de la soluci\u00f3n<\/mark>. La prevenci\u00f3n acotada, la sanci\u00f3n escasa. Sucintamente, los hechos de corrupci\u00f3n existen y salen a la luz, el problema es que se descubren y no terminan siendo sancionados.&nbsp;<strong>Los vericuetos administrativo-judiciales, la debilidad del propio sistema judicial, la injerencia de la pol\u00edtica en la Justicia, la propia corrupci\u00f3n del sistema judicial y el paso del tiempo son suficientes para que se imponga la impunidad<\/strong>. \u00bfPor qu\u00e9 se percibe a la Argentina como un pa\u00eds corrupto? Veamos ejemplos.<a href=\"https:\/\/www.lanacion.com.ar\/politica\/fuerte-retroceso-de-la-argentina-en-un-ranking-mundial-anticorrupcion-las-razones-nid25012022\/\" target=\"_blank\" rel=\"noreferrer noopener\"><em><\/em>FUERTE RETROCESO DE LA ARGENTINA EN UN RANKING MUNDIAL ANTICORRUPCI\u00d3N: LAS RAZONES<\/a><\/p>\n\n\n\n<p class=\"wp-block-paragraph\">Principios de 2021. Frente a una pandemia hist\u00f3rica y una ciudadan\u00eda vulnerable<strong>&nbsp;los primeros en vacunarse, en forma irregular, fueron altos funcionarios<\/strong>&nbsp;nacionales y provinciales, concejales y secretarios de diversos municipios, de todos los colores pol\u00edticos. Priorizaron cuidarse a ellos mismos y a gente cercana, en lugar de priorizar a la ciudadan\u00eda. \u00bfFue generalizado? Seguramente no. \u00bfEs un ejemplo suficiente? Es un ejemplo contundente.&nbsp;<mark>Vacunarse antes que a los mayores y los m\u00e1s vulnerables<\/mark>.&nbsp;<strong>La definici\u00f3n cl\u00e1sica de corrupci\u00f3n: utilizaci\u00f3n de recursos p\u00fablicos en beneficio privado<\/strong>. Ese privado a veces es personal, a veces es beneficio pol\u00edtico.<\/p>\n\n\n\n<p class=\"wp-block-paragraph\">Mitad de 2021. A partir del acceso a la informaci\u00f3n de los ingresos a la Quinta de Olivos se descubre que&nbsp;<strong>el Presidente de la Naci\u00f3n llev\u00f3 adelante un festejo privado en homenaje al cumplea\u00f1os de su pareja mientras a la ciudadan\u00eda se le exig\u00eda estar encerrada en su casa<\/strong>. Quien pone las restricciones no las cumple.<\/p>\n\n\n\n<p class=\"wp-block-paragraph\">\u00daltimos meses de 2021.<strong>&nbsp;Varios intendentes de la Provincia de Buenos Aires cambian su silla comunal por cargos pol\u00edticos en las administraciones nacional y provinciales<\/strong>. Se sospecha que varias de esas renuncias o licencias est\u00e1n relacionadas con una ley, sancionada en 2016, que proh\u00edbe a los intendentes ser reelectos en m\u00e1s de una oportunidad consecutivamente si cumplen un mandato y medio. A esto le sigui\u00f3 una discusi\u00f3n legislativa y una media sanci\u00f3n para que esa ley sea reformada y darles a los intendentes la posibilidad de poder presentarse para un nuevo mandato. \u00bfC\u00f3mo se percibe ese tipo de hechos? \u00bfQu\u00e9 intereses buscan este tipo de reformas?<\/p>\n\n\n\n<p class=\"wp-block-paragraph\">Fin de a\u00f1o 2021. En un video se observa&nbsp;<strong>a funcionarios de la Provincia de Buenos Aires del a\u00f1o 2017 hablando de una estrategia combinada con el Poder Judicial para enjuiciar a sindicalistas<\/strong>. \u00bfC\u00f3mo funciona nuestra divisi\u00f3n de poderes?<\/p>\n\n\n\n<p class=\"wp-block-paragraph\">Son ejemplos, s\u00ed.&nbsp;<mark>No es toda la clase pol\u00edtica, nunca es buenos generalizar. Sin embargo, el sistema se observa con demasiadas excepciones y con poca capacidad para sancionarlas, y peor a\u00fan, para prevenirlas. A la Argentina la perciben corrupta y no desde ahora, desde hace muchos a\u00f1os<\/mark>. Transparencia Internacional dice que estamos 4 puntos peor y llegando al fondo de la tabla en el ranking de corrupci\u00f3n. OCDE menciona falencias en los mecanismos de control interno en el sector p\u00fablico, que no se invierte suficiente en materia presupuestaria en las estrategias de integridad, y que no hay revisiones sobre las pol\u00edticas de integridad aplicadas en los a\u00f1os anteriores. Los problemas son estructurales, las bases est\u00e1n corro\u00eddas por el \u00f3xido de la ausencia de integridad. No es la percepci\u00f3n, es la realidad.<a href=\"https:\/\/www.lanacion.com.ar\/politica\/solo-en-off-el-tradicional-destino-pro-que-la-campora-eligio-para-vacacionar-con-discresion-nid24012022\/\" target=\"_blank\" rel=\"noreferrer noopener\"><em><\/em>SOLO EN OFF: EL TRADICIONAL \u201cDESTINO PRO\u201d QUE LA C\u00c1MPORA ELIGI\u00d3 PARA VACACIONAR DISCRETAMENTE<\/a><\/p>\n\n\n\n<p class=\"wp-block-paragraph\">Verano 2022. Comenzamos con noticias de funcionarios de vacaciones, entendemos nosotros que en todo su derecho y donde quieran. Tambi\u00e9n entendemos que falta integridad en nombrar a una pareja con un alto cargo en el organismo que dirig\u00eds.&nbsp;<mark>Nos perciben corruptos, y no hacemos nada para que no sea as\u00ed<\/mark>.<\/p>\n\n\n\n<p class=\"wp-block-paragraph\"><em>*El autor es director ejecutivo de la Fundaci\u00f3n Poder Ciudadano<\/em><\/p>\n\n\n\n<p class=\"wp-block-paragraph\"><a href=\"https:\/\/www.lanacion.com.ar\/autor\/pablo-secchi-1227\/\">Pablo Secchi<\/a><\/p>\n\n\n\n<p class=\"wp-block-paragraph\">Fuente: <a href=\"https:\/\/www.lanacion.com.ar\/\">La Naci\u00f3n<\/a><\/p>","protected":false},"excerpt":{"rendered":"<p>La Argentina no va por el buen camino en su objetivo de luchar contra la corrupci\u00f3n, si es que efectivamente ese fuese un objetivo. Los desaf\u00edos en esta materia son muchos y tienen que ver con diversos aspectos que son la base de cualquier pa\u00eds que quiera ver prosperar a su poblaci\u00f3n e insertarse en [&hellip;]<\/p>\n","protected":false},"author":9,"featured_media":0,"comment_status":"open","ping_status":"open","sticky":false,"template":"","format":"standard","meta":{"site-sidebar-layout":"default","site-content-layout":"","ast-site-content-layout":"default","site-content-style":"default","site-sidebar-style":"default","ast-global-header-display":"","ast-banner-title-visibility":"","ast-main-header-display":"","ast-hfb-above-header-display":"","ast-hfb-below-header-display":"","ast-hfb-mobile-header-display":"","site-post-title":"","ast-breadcrumbs-content":"","ast-featured-img":"","footer-sml-layout":"","ast-disable-related-posts":"","theme-transparent-header-meta":"","adv-header-id-meta":"","stick-header-meta":"","header-above-stick-meta":"","header-main-stick-meta":"","header-below-stick-meta":"","astra-migrate-meta-layouts":"default","ast-page-background-enabled":"default","ast-page-background-meta":{"desktop":{"background-color":"","background-image":"","background-repeat":"repeat","background-position":"center center","background-size":"auto","background-attachment":"scroll","background-type":"","background-media":"","overlay-type":"","overlay-color":"","overlay-opacity":"","overlay-gradient":""},"tablet":{"background-color":"","background-image":"","background-repeat":"repeat","background-position":"center center","background-size":"auto","background-attachment":"scroll","background-type":"","background-media":"","overlay-type":"","overlay-color":"","overlay-opacity":"","overlay-gradient":""},"mobile":{"background-color":"","background-image":"","background-repeat":"repeat","background-position":"center center","background-size":"auto","background-attachment":"scroll","background-type":"","background-media":"","overlay-type":"","overlay-color":"","overlay-opacity":"","overlay-gradient":""}},"ast-content-background-meta":{"desktop":{"background-color":"var(--ast-global-color-5)","background-image":"","background-repeat":"repeat","background-position":"center center","background-size":"auto","background-attachment":"scroll","background-type":"","background-media":"","overlay-type":"","overlay-color":"","overlay-opacity":"","overlay-gradient":""},"tablet":{"background-color":"var(--ast-global-color-5)","background-image":"","background-repeat":"repeat","background-position":"center center","background-size":"auto","background-attachment":"scroll","background-type":"","background-media":"","overlay-type":"","overlay-color":"","overlay-opacity":"","overlay-gradient":""},"mobile":{"background-color":"var(--ast-global-color-5)","background-image":"","background-repeat":"repeat","background-position":"center center","background-size":"auto","background-attachment":"scroll","background-type":"","background-media":"","overlay-type":"","overlay-color":"","overlay-opacity":"","overlay-gradient":""}},"footnotes":""},"categories":[80],"tags":[],"class_list":["post-61334","post","type-post","status-publish","format-standard","hentry","category-ultimas-noticias"],"spectra_blocks_featured_image_url":null,"spectra_blocks_author_info":{"display_name":"Jorge Alfredo Baret","avatar_url":"https:\/\/secure.gravatar.com\/avatar\/31696f5ca83439b642450ec7d3f82f98451a5efacb414343d5478c982b337f26?s=96&d=mm&r=g","author_link":"https:\/\/100xd.com.ar\/es\/author\/jorge\/","description":"Ingeniero Qu\u00edmico UTN - Director Apoderado de Comunicaciones Auditadas SA. Editor Responsable 100xd.com.ar."},"_links":{"self":[{"href":"https:\/\/100xd.com.ar\/es\/wp-json\/wp\/v2\/posts\/61334","targetHints":{"allow":["GET"]}}],"collection":[{"href":"https:\/\/100xd.com.ar\/es\/wp-json\/wp\/v2\/posts"}],"about":[{"href":"https:\/\/100xd.com.ar\/es\/wp-json\/wp\/v2\/types\/post"}],"author":[{"embeddable":true,"href":"https:\/\/100xd.com.ar\/es\/wp-json\/wp\/v2\/users\/9"}],"replies":[{"embeddable":true,"href":"https:\/\/100xd.com.ar\/es\/wp-json\/wp\/v2\/comments?post=61334"}],"version-history":[{"count":1,"href":"https:\/\/100xd.com.ar\/es\/wp-json\/wp\/v2\/posts\/61334\/revisions"}],"predecessor-version":[{"id":61336,"href":"https:\/\/100xd.com.ar\/es\/wp-json\/wp\/v2\/posts\/61334\/revisions\/61336"}],"wp:attachment":[{"href":"https:\/\/100xd.com.ar\/es\/wp-json\/wp\/v2\/media?parent=61334"}],"wp:term":[{"taxonomy":"category","embeddable":true,"href":"https:\/\/100xd.com.ar\/es\/wp-json\/wp\/v2\/categories?post=61334"},{"taxonomy":"post_tag","embeddable":true,"href":"https:\/\/100xd.com.ar\/es\/wp-json\/wp\/v2\/tags?post=61334"}],"curies":[{"name":"wp","href":"https:\/\/api.w.org\/{rel}","templated":true}]}}