{"id":6128,"date":"2015-07-29T17:04:53","date_gmt":"2015-07-29T20:04:53","guid":{"rendered":"http:\/\/www.100xd.com.ar\/?p=6128"},"modified":"2015-07-29T19:40:13","modified_gmt":"2015-07-29T22:40:13","slug":"scioli-el-medio-ambiente-es-una-politica-de-estado","status":"publish","type":"post","link":"https:\/\/100xd.com.ar\/es\/scioli-el-medio-ambiente-es-una-politica-de-estado\/","title":{"rendered":"Scioli &#8220;El medio ambiente es una pol\u00edtica de Estado&#8221;"},"content":{"rendered":"<p>El candidato a presidente de la Naci\u00f3n, Daniel Scioli, asegur\u00f3 hoy que &#8220;el medio ambiente es una pol\u00edtica de Estado&#8221; en su agenda y se comprometi\u00f3 a &#8220;poner a Argentina a la vanguardia de las energ\u00edas alternativas, e\u00f3licas, solares y no contaminantes&#8221;, al encabezar el acto de apertura del \u201cSeminario Ambiental para el Desarrollo Argentino\u201d, en la Ciudad Aut\u00f3noma de Buenos Aires.<\/p>\n<p>Scioli sostuvo que &#8220;el cambio clim\u00e1tico y los efectos devastadores son una realidad y nos exige ponerlo en un lugar como pol\u00edtica de Estado, porque como ha marcado el Papa Francisco, afecta a los m\u00e1s vulnerables, afecta la vida, la calidad de vida&#8221;, junto al candidato al Parlasur, Gabriel Mariotto, en el\u00a0 sal\u00f3n Monserrat del Hotel Intercontinental.<\/p>\n<p>&#8220;Voy por la victoria del medio ambiente, y este es mi mayor compromiso de cara al futuro&#8221;, dijo Scioli tras se\u00f1alar que &#8220;la\u00a0 experiencia que tengo en la Provincia, busco proyectarla a nivel nacional y trabajarla como pol\u00edtica de Estado&#8221;, acompa\u00f1ado por el secretario de Ambiente y Desarrollo Sustentable de la Naci\u00f3n Sergio Lorusso, y el titular del Organismo Provincial para el Desarrollo Sostenible (OPDS) y del Consejo Federal del Medio Ambiente (COMEFA), Hugo Bilbao.<\/p>\n<p>Ante un auditorio repleto, Scioli apel\u00f3 adem\u00e1s a &#8220;seguir profundizando la responsabilidad social empresaria con pol\u00edticas\u00a0 ambientales&#8221; y agreg\u00f3 que &#8220;es muy importante que sus balances no lo vean solo desde el punto de vista econ\u00f3mico, sino social&#8221;.<\/p>\n<p>Por \u00faltimo, el candidato a presidente convoc\u00f3 &#8220;a la juventud a que tome este tema como un cambio cultural&#8221; que hay que fomentar en cada rinc\u00f3n del pa\u00eds, junto al secretario de Agricultura, Ganader\u00eda y Pesca de la Naci\u00f3n, Gabriel Delgado, al candidato a gobernador de Misiones, Hugo Passalacqua, y al presidente de la CAME, Osvaldo Cornide.<\/p>","protected":false},"excerpt":{"rendered":"<p>El candidato a presidente de la Naci\u00f3n, Daniel Scioli, asegur\u00f3 hoy que &#8220;el medio ambiente es una pol\u00edtica de Estado&#8221; en su agenda y se comprometi\u00f3 a &#8220;poner a Argentina a la vanguardia de las energ\u00edas alternativas, e\u00f3licas, solares y no contaminantes&#8221;, al encabezar el acto de apertura del \u201cSeminario Ambiental para el Desarrollo Argentino\u201d, [&hellip;]<\/p>\n","protected":false},"author":4,"featured_media":0,"comment_status":"open","ping_status":"open","sticky":false,"template":"","format":"standard","meta":{"site-sidebar-layout":"default","site-content-layout":"","ast-site-content-layout":"default","site-content-style":"default","site-sidebar-style":"default","ast-global-header-display":"","ast-banner-title-visibility":"","ast-main-header-display":"","ast-hfb-above-header-display":"","ast-hfb-below-header-display":"","ast-hfb-mobile-header-display":"","site-post-title":"","ast-breadcrumbs-content":"","ast-featured-img":"","footer-sml-layout":"","ast-disable-related-posts":"","theme-transparent-header-meta":"","adv-header-id-meta":"","stick-header-meta":"","header-above-stick-meta":"","header-main-stick-meta":"","header-below-stick-meta":"","astra-migrate-meta-layouts":"default","ast-page-background-enabled":"default","ast-page-background-meta":{"desktop":{"background-color":"","background-image":"","background-repeat":"repeat","background-position":"center center","background-size":"auto","background-attachment":"scroll","background-type":"","background-media":"","overlay-type":"","overlay-color":"","overlay-opacity":"","overlay-gradient":""},"tablet":{"background-color":"","background-image":"","background-repeat":"repeat","background-position":"center center","background-size":"auto","background-attachment":"scroll","background-type":"","background-media":"","overlay-type":"","overlay-color":"","overlay-opacity":"","overlay-gradient":""},"mobile":{"background-color":"","background-image":"","background-repeat":"repeat","background-position":"center center","background-size":"auto","background-attachment":"scroll","background-type":"","background-media":"","overlay-type":"","overlay-color":"","overlay-opacity":"","overlay-gradient":""}},"ast-content-background-meta":{"desktop":{"background-color":"var(--ast-global-color-5)","background-image":"","background-repeat":"repeat","background-position":"center center","background-size":"auto","background-attachment":"scroll","background-type":"","background-media":"","overlay-type":"","overlay-color":"","overlay-opacity":"","overlay-gradient":""},"tablet":{"background-color":"var(--ast-global-color-5)","background-image":"","background-repeat":"repeat","background-position":"center center","background-size":"auto","background-attachment":"scroll","background-type":"","background-media":"","overlay-type":"","overlay-color":"","overlay-opacity":"","overlay-gradient":""},"mobile":{"background-color":"var(--ast-global-color-5)","background-image":"","background-repeat":"repeat","background-position":"center center","background-size":"auto","background-attachment":"scroll","background-type":"","background-media":"","overlay-type":"","overlay-color":"","overlay-opacity":"","overlay-gradient":""}},"footnotes":""},"categories":[1],"tags":[260,1869,444],"class_list":["post-6128","post","type-post","status-publish","format-standard","hentry","category-sin-categoria","tag-bilbao","tag-opds","tag-scioli"],"spectra_blocks_featured_image_url":null,"spectra_blocks_author_info":{"display_name":"Facundo Novillo","avatar_url":"https:\/\/secure.gravatar.com\/avatar\/09745bc65ce6bf84291d6515d5f759c04b4fce4f329b8a975a8ac2982b552d3e?s=96&d=mm&r=g","author_link":"https:\/\/100xd.com.ar\/es\/author\/facundo\/","description":""},"_links":{"self":[{"href":"https:\/\/100xd.com.ar\/es\/wp-json\/wp\/v2\/posts\/6128","targetHints":{"allow":["GET"]}}],"collection":[{"href":"https:\/\/100xd.com.ar\/es\/wp-json\/wp\/v2\/posts"}],"about":[{"href":"https:\/\/100xd.com.ar\/es\/wp-json\/wp\/v2\/types\/post"}],"author":[{"embeddable":true,"href":"https:\/\/100xd.com.ar\/es\/wp-json\/wp\/v2\/users\/4"}],"replies":[{"embeddable":true,"href":"https:\/\/100xd.com.ar\/es\/wp-json\/wp\/v2\/comments?post=6128"}],"version-history":[{"count":1,"href":"https:\/\/100xd.com.ar\/es\/wp-json\/wp\/v2\/posts\/6128\/revisions"}],"predecessor-version":[{"id":6130,"href":"https:\/\/100xd.com.ar\/es\/wp-json\/wp\/v2\/posts\/6128\/revisions\/6130"}],"wp:attachment":[{"href":"https:\/\/100xd.com.ar\/es\/wp-json\/wp\/v2\/media?parent=6128"}],"wp:term":[{"taxonomy":"category","embeddable":true,"href":"https:\/\/100xd.com.ar\/es\/wp-json\/wp\/v2\/categories?post=6128"},{"taxonomy":"post_tag","embeddable":true,"href":"https:\/\/100xd.com.ar\/es\/wp-json\/wp\/v2\/tags?post=6128"}],"curies":[{"name":"wp","href":"https:\/\/api.w.org\/{rel}","templated":true}]}}