{"id":6120,"date":"2015-07-29T13:13:49","date_gmt":"2015-07-29T16:13:49","guid":{"rendered":"http:\/\/www.100xd.com.ar\/?p=6120"},"modified":"2015-07-30T23:47:05","modified_gmt":"2015-07-31T02:47:05","slug":"el-mula-omar-murio-en-2013-segun-los-servicios-de-inteligencia-afganos","status":"publish","type":"post","link":"https:\/\/100xd.com.ar\/es\/el-mula-omar-murio-en-2013-segun-los-servicios-de-inteligencia-afganos\/","title":{"rendered":"El mul\u00e1 Omar muri\u00f3 en 2013 seg\u00fan los servicios de inteligencia afganos"},"content":{"rendered":"<p>Seg\u00fan los servicios de inteligencia afganos el l\u00edder talib\u00e1n falleci\u00f3 hace dos a\u00f1os por una enfermedad. La presidencia afgana no confirma la informaci\u00f3n sobre el emblem\u00e1tico l\u00edder talib\u00e1n.<\/p>\n<p>Este mi\u00e9rcoles un portavoz de los servicios de inteligencia afganos asegur\u00f3 que mul\u00e1 Omar, emblem\u00e1tico l\u00edder de los talibanes muri\u00f3 hace m\u00e1s de dos a\u00f1os. La presidencia afgana, sin embargo, hab\u00eda anteriormente se\u00f1alado que investigaba informaciones acerca de la posible muerte, que no pod\u00eda confirmar.<\/p>\n<p>Omar no ha sido visto en p\u00fablico desde que huy\u00f3 cuando los talibanes fueron expulsados del poder por la coalici\u00f3n liderada por Estados Unidos en 2001. Desde hace a\u00f1os, se especula acerca de su posible muerte.<\/p>\n<p>Haseeb Sediqi, portavoz de los servicios de inteligencia afganos indico a la agencia France Presse que el mul\u00e1 Omar esta muerto. &#8220;Muri\u00f3 en un hospital de Karachi en abril de 2013 en circunstancias misteriosas&#8221;.<\/p>\n<p>El exjefe de los servicios secretos afganos Assadullah Khalid ha afirmado hoy que el organismo de inteligencia conoc\u00eda desde hace a\u00f1os la muerte del mul\u00e1 Omar, despu\u00e9s de que fuentes de seguridad dijeran que Pakist\u00e1n inform\u00f3 a Afganist\u00e1n del fallecimiento del l\u00edder talib\u00e1n.<\/p>","protected":false},"excerpt":{"rendered":"<p>Seg\u00fan los servicios de inteligencia afganos el l\u00edder talib\u00e1n falleci\u00f3 hace dos a\u00f1os por una enfermedad. La presidencia afgana no confirma la informaci\u00f3n sobre el emblem\u00e1tico l\u00edder talib\u00e1n. Este mi\u00e9rcoles un portavoz de los servicios de inteligencia afganos asegur\u00f3 que mul\u00e1 Omar, emblem\u00e1tico l\u00edder de los talibanes muri\u00f3 hace m\u00e1s de dos a\u00f1os. La presidencia [&hellip;]<\/p>\n","protected":false},"author":4,"featured_media":0,"comment_status":"open","ping_status":"open","sticky":false,"template":"","format":"standard","meta":{"site-sidebar-layout":"default","site-content-layout":"","ast-site-content-layout":"default","site-content-style":"default","site-sidebar-style":"default","ast-global-header-display":"","ast-banner-title-visibility":"","ast-main-header-display":"","ast-hfb-above-header-display":"","ast-hfb-below-header-display":"","ast-hfb-mobile-header-display":"","site-post-title":"","ast-breadcrumbs-content":"","ast-featured-img":"","footer-sml-layout":"","ast-disable-related-posts":"","theme-transparent-header-meta":"","adv-header-id-meta":"","stick-header-meta":"","header-above-stick-meta":"","header-main-stick-meta":"","header-below-stick-meta":"","astra-migrate-meta-layouts":"default","ast-page-background-enabled":"default","ast-page-background-meta":{"desktop":{"background-color":"","background-image":"","background-repeat":"repeat","background-position":"center center","background-size":"auto","background-attachment":"scroll","background-type":"","background-media":"","overlay-type":"","overlay-color":"","overlay-opacity":"","overlay-gradient":""},"tablet":{"background-color":"","background-image":"","background-repeat":"repeat","background-position":"center center","background-size":"auto","background-attachment":"scroll","background-type":"","background-media":"","overlay-type":"","overlay-color":"","overlay-opacity":"","overlay-gradient":""},"mobile":{"background-color":"","background-image":"","background-repeat":"repeat","background-position":"center center","background-size":"auto","background-attachment":"scroll","background-type":"","background-media":"","overlay-type":"","overlay-color":"","overlay-opacity":"","overlay-gradient":""}},"ast-content-background-meta":{"desktop":{"background-color":"var(--ast-global-color-5)","background-image":"","background-repeat":"repeat","background-position":"center center","background-size":"auto","background-attachment":"scroll","background-type":"","background-media":"","overlay-type":"","overlay-color":"","overlay-opacity":"","overlay-gradient":""},"tablet":{"background-color":"var(--ast-global-color-5)","background-image":"","background-repeat":"repeat","background-position":"center center","background-size":"auto","background-attachment":"scroll","background-type":"","background-media":"","overlay-type":"","overlay-color":"","overlay-opacity":"","overlay-gradient":""},"mobile":{"background-color":"var(--ast-global-color-5)","background-image":"","background-repeat":"repeat","background-position":"center center","background-size":"auto","background-attachment":"scroll","background-type":"","background-media":"","overlay-type":"","overlay-color":"","overlay-opacity":"","overlay-gradient":""}},"footnotes":""},"categories":[8],"tags":[1867,1865,1866],"class_list":["post-6120","post","type-post","status-publish","format-standard","hentry","category-el-mundo","tag-afganisthan","tag-mula-omar","tag-taliban"],"spectra_blocks_featured_image_url":null,"spectra_blocks_author_info":{"display_name":"Facundo Novillo","avatar_url":"https:\/\/secure.gravatar.com\/avatar\/09745bc65ce6bf84291d6515d5f759c04b4fce4f329b8a975a8ac2982b552d3e?s=96&d=mm&r=g","author_link":"https:\/\/100xd.com.ar\/es\/author\/facundo\/","description":""},"_links":{"self":[{"href":"https:\/\/100xd.com.ar\/es\/wp-json\/wp\/v2\/posts\/6120","targetHints":{"allow":["GET"]}}],"collection":[{"href":"https:\/\/100xd.com.ar\/es\/wp-json\/wp\/v2\/posts"}],"about":[{"href":"https:\/\/100xd.com.ar\/es\/wp-json\/wp\/v2\/types\/post"}],"author":[{"embeddable":true,"href":"https:\/\/100xd.com.ar\/es\/wp-json\/wp\/v2\/users\/4"}],"replies":[{"embeddable":true,"href":"https:\/\/100xd.com.ar\/es\/wp-json\/wp\/v2\/comments?post=6120"}],"version-history":[{"count":1,"href":"https:\/\/100xd.com.ar\/es\/wp-json\/wp\/v2\/posts\/6120\/revisions"}],"predecessor-version":[{"id":6122,"href":"https:\/\/100xd.com.ar\/es\/wp-json\/wp\/v2\/posts\/6120\/revisions\/6122"}],"wp:attachment":[{"href":"https:\/\/100xd.com.ar\/es\/wp-json\/wp\/v2\/media?parent=6120"}],"wp:term":[{"taxonomy":"category","embeddable":true,"href":"https:\/\/100xd.com.ar\/es\/wp-json\/wp\/v2\/categories?post=6120"},{"taxonomy":"post_tag","embeddable":true,"href":"https:\/\/100xd.com.ar\/es\/wp-json\/wp\/v2\/tags?post=6120"}],"curies":[{"name":"wp","href":"https:\/\/api.w.org\/{rel}","templated":true}]}}