{"id":60852,"date":"2022-01-15T12:10:26","date_gmt":"2022-01-15T15:10:26","guid":{"rendered":"https:\/\/100xd.com.ar\/?p=60852"},"modified":"2022-01-15T12:10:26","modified_gmt":"2022-01-15T15:10:26","slug":"el-descanso-blindado-de-cristina-kirchner","status":"publish","type":"post","link":"https:\/\/100xd.com.ar\/es\/el-descanso-blindado-de-cristina-kirchner\/","title":{"rendered":"El descanso blindado de Cristina Kirchner"},"content":{"rendered":"<p class=\"wp-block-paragraph\"><strong>El Calafate&nbsp;<\/strong>es el \u00fanico lugar en el mundo donde&nbsp;<strong>Cristina Kirchner&nbsp;<\/strong>no siente la necesidad de maquillarse. La espesa capa de cosm\u00e9ticos que siempre la cubre en sus apariciones p\u00fablicas desaparece cuando est\u00e1 en su refugio patag\u00f3nico de la calle&nbsp;<strong>Padre Agostini<\/strong>, donde suele recibir a sus visitas a cara lavada, a veces incluso sin sus lentes de sol. Es otra&nbsp;<strong>Cristina,<\/strong>&nbsp;m\u00e1s p\u00e1lida y con pecas, irreconocible para los que nunca la hayan visto as\u00ed. Pero ese look natural queda reservado para la intimidad, los 520 metros cuadrados cubiertos de su casa, y a lo sumo para las caminatas por los jardines de la propiedad o las cenas en su restor\u00e1n favorito, La Posta, el del hotel&nbsp;<strong>Los \u00c1lamos<\/strong>.<\/p>\n\n\n\n<p class=\"wp-block-paragraph\">La vicepresidenta sabe que nadie fuera de su c\u00edrculo de m\u00e1xima confianza la ver\u00e1 as\u00ed por una raz\u00f3n sencilla: en el&nbsp;<strong>Calafate,<\/strong>&nbsp;su lugar en el mundo, est\u00e1 prohibido sacarle fotos. Solo salen las que ella digita o aprueba.&nbsp;<strong>La docena de custodios que vigilan su propiedad y la acompa\u00f1an a todas partes&nbsp;<\/strong>saben que ser\u00e1n sancionados -ya ocurri\u00f3- si un fot\u00f3grafo de los medios nacionales logra una imagen de ella, y los reporteros locales ni siquiera se animan a intentarlo por miedo a las represalias.<\/p>\n\n\n\n<p class=\"wp-block-paragraph\">\u201cSi yo le saco una foto a ella y se las vendo, despu\u00e9s de eso no trabajo m\u00e1s\u201d, fue la respuesta que un fot\u00f3grafo del lugar dio a NOTICIAS cuando se intent\u00f3 montar una guardia.<\/p>\n\n\n\n<p class=\"wp-block-paragraph\">Otros tambi\u00e9n se rehusaron con explicaciones similares.<\/p>\n\n\n\n<p class=\"wp-block-paragraph\">En la Patagonia, sacarle una foto a&nbsp;<strong>CFK es m\u00e1s dif\u00edcil que a la reina M\u00e1xima de Holanda<\/strong>.<\/p>\n\n\n\n<p class=\"wp-block-paragraph\"><strong>\u00cdNTIMA.<\/strong>&nbsp;La vicepresidenta viaj\u00f3 a su refugio blindado para&nbsp;<strong>Navidad y A\u00f1o Nuevo,<\/strong>&nbsp;con regreso a Buenos Aires en el medio. El Tango 11 que te\u00f3ricamente le corresponde usar a Alberto Fern\u00e1ndez fue y vino entre la Capital y el Sur las veces que hizo falta. En ambas fiestas, el Presidente y ella se saludaron por tel\u00e9fono horas antes del brindis de medianoche. \u201cFue algo formal y m\u00e1s bien fr\u00edo\u201d, cuentan cerca del primer mandatario, y festejan su aparente emancipaci\u00f3n. \u201cAl fin se le anim\u00f3\u201d, dice un amigo de \u00e9l.<\/p>\n\n\n\n<p class=\"wp-block-paragraph\">La ex presidenta pas\u00f3 las fiestas en familia.&nbsp;<strong>M\u00e1ximo la acompa\u00f1\u00f3 en Navidad y se separ\u00f3 de ella en A\u00f1o Nuevo&nbsp;<\/strong>para estar con sus hijos N\u00e9stor Iv\u00e1n y Emilia, de 8 y 5 a\u00f1os, en R\u00edo Gallegos. Y Florencia festej\u00f3 con su madre el 31 por la noche junto a Helena, su hija de 6 a\u00f1os. La nena es la debilidad de la abuela, quien suele llev\u00e1sela sola a El Calafate mientras Flor permanece en Buenos Aires. Esta vez estuvieron las tres.<\/p>\n\n\n\n<p class=\"wp-block-paragraph\">Para A\u00f1o Nuevo, adem\u00e1s,&nbsp;<strong>CFK invit\u00f3 a sus vecinos, los hermanos Guatti, Mario Piero y Mauro,<\/strong>&nbsp;y a la ex pareja del primero, la funcionaria provincial Roc\u00edo Campos. El primero de los Guatti es el due\u00f1o del hotel Los \u00c1lamos -que sirvi\u00f3 de inspiraci\u00f3n al de&nbsp;<strong>Cristina, Los Suaces<\/strong>&#8211; y el segundo maneja la constructora Esuco, una de las m\u00e1s favorecidas por la obra p\u00fablica en el Sur. La madre de los hermanos, \u00c1ngela Girometti, que tuvo algunos desencuentros con Cristina en los tiempos en que ella lo celaba a N\u00e9stor, no fue de la partida.<\/p>\n\n\n\n<p class=\"wp-block-paragraph\">\u00bfQu\u00e9 hace la vicepresidenta en su refugio? La costumbre de dormir hasta pasadas las 10 de la ma\u00f1ana en vacaciones se alter\u00f3 ahora que est\u00e1 la peque\u00f1a Helena, que le quita horas de sue\u00f1o a \u201cabu\u201d, como la llama. Tambi\u00e9n extra\u00f1a los ejercicios matutinos y la cinta de correr, que por indicaciones m\u00e9dicas qued\u00f3 suspendida en el posoperatorio de su reciente histerectom\u00eda.&nbsp;<strong>CFK sigue con algunos dolores en la zona abdominal y toma analg\u00e9sicos para aliviarlos.<\/strong><\/p>\n\n\n\n<p class=\"wp-block-paragraph\">\u201cEst\u00e1 molesta\u201d, dicen en su entorno, y explican que se arrepinti\u00f3 de apurar su reaparici\u00f3n p\u00fablica para el acto de cierre antes de las elecciones de noviembre porque eso signific\u00f3 una posterior reca\u00edda. \u201cHasta corrieron la fecha del acto para que ella pudiera estar, pero fue para peor, despu\u00e9s no pudo ir al b\u00fanker\u201d, explica un \u201ccristino\u201d.<img decoding=\"async\" alt=\"El tuit del militante y la tapa de Noticias, im\u00e1genes usadas por CFK en su tuit\" src=\"https:\/\/via.placeholder.com\/64x64?text=NOTICIAS\" srcset=\"https:\/\/fotos.perfil.com\/2022\/01\/07\/trim\/64\/64\/el-tuit-del-militante-y-la-tapa-de-noticias-imagenes-usadas-por-cfk-en-su-tuit-1295532.jpg\" title=\"El descanso blindado de Cristina Kirchner\"><\/p>\n\n\n\n<h6 class=\"wp-block-heading\"><a href=\"https:\/\/noticias.perfil.com\/noticias\/opinion\/la-insoportable-levedad-tuitera.phtml\">Le\u00e9 tambi\u00e9n<\/a><\/h6>\n\n\n\n<h5 class=\"wp-block-heading\"><a href=\"https:\/\/noticias.perfil.com\/noticias\/opinion\/la-insoportable-levedad-tuitera.phtml\">LA INSOPORTABLE LEVEDAD TUITERA<\/a><a href=\"https:\/\/noticias.perfil.com\/noticias\/opinion\/la-insoportable-levedad-tuitera.phtml\"><\/a><\/h5>\n\n\n\n<p class=\"wp-block-paragraph\">La jefa intenta despejarse de la pol\u00edtica y sus miserias en estos primeros d\u00edas del a\u00f1o. Solamente acceden a su Puerta de Hierro sure\u00f1a los dirigentes a los que ella convoca de urgencia por alguna cuesti\u00f3n importante: hace algunas semanas viaj\u00f3 Axel Kicillof y meses antes, Mart\u00edn Guzm\u00e1n. Nunca trasciende lo que se habla en esos encuentros reservados, pero las consecuencias se ven de inmediato: por ejemplo, el Gabinete intervenido&nbsp;del gobernador.<\/p>\n\n\n\n<p class=\"wp-block-paragraph\"><strong>As\u00ed como Helenita es una de las que m\u00e1s viajan con CFK<\/strong>, sus otros dos nietos, N\u00e9stor Iv\u00e1n y Emilia, la visitan seguido en El Calafate. Los lleva su madre, la ex mujer de M\u00e1ximo, Roc\u00edo Garc\u00eda, hoy diputada provincial y en pareja con otra funcionaria. Roc\u00edo siempre llega acompa\u00f1ada de su hermana Bel\u00e9n, que tambi\u00e9n va con sus dos hijos, con lo cual la casa de la anfitriona queda convertida en un virtual kindergarten. La tercera hermana, Virginia, a cargo de la DGI provincial, est\u00e1 peleada con Roc\u00edo y no pisa el hogar de CFK. Algunos hablan de una interna camporista y otros m\u00e1s osados dicen que Virginia no aprueba la elecci\u00f3n sexual de su hermana.<\/p>\n\n\n\n<p class=\"wp-block-paragraph\">A Cristina la fascina la jardiner\u00eda y le dedica horas a la supervisi\u00f3n de su parque. Los rosales son los mimados, pero tambi\u00e9n hay cedros azules, abedules, piceas, ciruelos y orejas de cordero, una planta aut\u00f3ctona semejante al potus y con hoja blanca cubierta de pelos. Adem\u00e1s est\u00e1n los sauces que le dan nombre a su hotel boutique, pegado a la propiedad y a\u00fan cerrado tras sus avatares judiciales. El jardinero que se ocupa de todo es un vacunado VIP y declarante en la llamada&nbsp;<strong>Causa de los Cuadernos, Ram\u00f3n \u00c1ngel D\u00edaz D\u00edaz.<\/strong><\/p>\n\n\n\n<p class=\"wp-block-paragraph\">El cuidado parque, fresco en pleno enero, mereci\u00f3 este poema que Florencia K public\u00f3 en su Instagram:<\/p>\n\n\n\n<p class=\"wp-block-paragraph\"><strong>\u201cFr\u00edo en verano. Ropas grandes<\/strong>. Que entre todo, todo el jard\u00edn, y se pegue a mis costillas\u201d.<\/p>\n\n\n\n<p class=\"wp-block-paragraph\">Los paseos de Cristina -con sus custodios a una distancia prudencial de diez metros- incluyen recorridas por el pueblo y sus tiendas, en especial la tradicional chocolater\u00eda Guerrero, con precios dirigidos al turista europeo.&nbsp;<strong>Rapa Nui, su preferido, a\u00fan no abri\u00f3 en la villa.<\/strong>&nbsp;Para cenar, adem\u00e1s de&nbsp;<strong>La Posta, CFK elige La Cocina,<\/strong>&nbsp;donde pide un flan de coco con banana y dulce de leche llamado \u201cBeso apasionado\u201d. Tambi\u00e9n incursiona en la parrilla Casimiro Bigu\u00e1, donde le gusta el bife de lomo \u201cni jugoso ni cocido\u201d. \u201d\u00bfA punto?\u201d, le pregunt\u00f3 el mozo la primera vez que escuch\u00f3 el curioso pedido, y ella insisti\u00f3: \u201cNo, a punto no. Ni jugoso ni cocido\u201d. El hombre se qued\u00f3 pensando.<\/p>\n\n\n\n<p class=\"wp-block-paragraph\">Adem\u00e1s de la familia y los nietos, y de su caniche toy Lolita, quienes hoy acompa\u00f1an a Cristina en el Sur son sus secretarios, que van evolucionando. Los anteriores, Mariano Cabral -ghostwriter de \u201cSinceramente\u201d- y Daniel Berm\u00fadez, ya son funcionarios del Senado y fueron reemplazados por<strong>&nbsp;Gabriel Graves. Adem\u00e1s est\u00e1 Dorita,<\/strong>&nbsp;la cocinera, m\u00e1s otra empleada que se encarga de la limpieza y en ocasiones tambi\u00e9n una tercera que antes trabajaba en el hotel, inici\u00f3 una demanda por supuesto maltrato laboral y tras llegar a un arreglo extrajudicial se sum\u00f3 a las tareas en la casa de Cristina. El dinero lo arregla todo.<\/p>\n\n\n\n<p class=\"wp-block-paragraph\"><strong>Diego Carbone,<\/strong>&nbsp;el hist\u00f3rico jefe de la custodia de la vicepresidenta, a quien ella le concede el privilegio de acompa\u00f1arla en las cenas, esta vez se qued\u00f3 en Buenos Aires porque ten\u00eda francos para tomarse. A su jefa la divierte el dato de que el guardaespaldas se haya consagrado campe\u00f3n en el mundial de kickboxing en Brasil hace pocas semanas (ver recuadro).<\/p>\n\n\n\n<p class=\"wp-block-paragraph\">Para la noche, cuando su nieta duerme, a Cristina le quedan las series de&nbsp;<strong>Netflix. Adem\u00e1s de su favorita, \u201cGame of thrones\u201d, la curiosidad la llev\u00f3 a incursionar en \u201cVeep\u201d, la ficci\u00f3n que recomend\u00f3 Alberto Fern\u00e1ndez sobre una vicepresidenta que se queda con todo el poder.&nbsp;<\/strong>Cada tanto tambi\u00e9n vuelve a su film favorito, \u201cElizabeth\u201d, en el que Cate Blanchett interpreta a la joven reina que en la Inglaterra del siglo XVI logr\u00f3 imponerse en un mundo de hombres. Adem\u00e1s, siempre tiene a mano sus libros sobre historia argentina y el pesado tomo de mitolog\u00eda grecorromana que no la abandona nunca. Y un reciente descubrimiento la entusiasma: los escritos del economista Marcelo Diamand, un inmigrante polaco que se interes\u00f3 en el desarrollo industrial de la Argentina de los tempranos 70. En esa d\u00e9cada sigue instalado el coraz\u00f3n de CFK.<img decoding=\"async\" alt=\"Cristina Kirchner y Alberto Fern\u00e1ndez\" src=\"https:\/\/via.placeholder.com\/64x64?text=NOTICIAS\" srcset=\"https:\/\/fotos.perfil.com\/2022\/01\/04\/trim\/64\/64\/cristina-kirchner-y-alberto-fernandez-1293498.jpg\" title=\"El descanso blindado de Cristina Kirchner\"><\/p>\n\n\n\n<h6 class=\"wp-block-heading\"><a href=\"https:\/\/noticias.perfil.com\/noticias\/politica\/cristina-vs-alberto-la-guerra-fria-2023.phtml\">Le\u00e9 tambi\u00e9n<\/a><\/h6>\n\n\n\n<h5 class=\"wp-block-heading\"><a href=\"https:\/\/noticias.perfil.com\/noticias\/politica\/cristina-vs-alberto-la-guerra-fria-2023.phtml\">CRISTINA KIRCHNER VS. ALBERTO FERN\u00c1NDEZ: INTIMIDAD DE UNA GUERRA FR\u00cdA<\/a><a href=\"https:\/\/noticias.perfil.com\/noticias\/politica\/cristina-vs-alberto-la-guerra-fria-2023.phtml\"><\/a><\/h5>\n\n\n\n<p class=\"wp-block-paragraph\"><strong>TANGO VELOZ<\/strong>. El dirigente radical \u00c1lvaro de Lamadrid denunci\u00f3 en el Congreso el uso que Cristina viene haciendo de los aviones oficiales. \u201cLa verdad, a ella no le corresponde usar los Tango como vicepresidenta, salvo por alguna raz\u00f3n estrictamente laboral, y ac\u00e1 se trata de vacaciones. Lo est\u00e1 dejando de a pie al Presidente\u201d, le dice a NOTICIAS.<\/p>\n\n\n\n<p class=\"wp-block-paragraph\">Las estad\u00edsticas son elocuentes.&nbsp;<strong>Para las fiestas, en una semana, el Tango 11&nbsp;<\/strong>realiz\u00f3 seis vuelos entre el Aeroparque Jorge Newbery y El Calafate, con CFK a bordo y tambi\u00e9n vac\u00edo, cuando regresaba. Esos desplazamientos le costaron al Estado no menos de 100 mil d\u00f3lares. En todo el 2021, el Tango 01, el Tango 10 y el 11, m\u00e1s la nave de YPF, realizaron 30 vuelos entre Buenos Aires, R\u00edo Gallegos y El Calafate, siempre motivados por las escapadas&nbsp;<strong>al Sur de Cristina y su familia. Fueron m\u00e1s de 500 mil d\u00f3lares<\/strong>&nbsp;gastados. Antes, la vicepresidenta viaj\u00f3 algunas veces en vuelos de Aerol\u00edneas Argentinas, pero la puso de mal humor no haber llegado a El Calafate para el d\u00e9cimo aniversario de la muerte de N\u00e9stor Kirchner, en noviembre del 2020, porque la pandemia a\u00fan no permit\u00eda volar hacia ese destino. Desde entonces, la flota oficial fue su soluci\u00f3n.<\/p>\n\n\n\n<p class=\"wp-block-paragraph\"><strong>CFK est\u00e1 aliviada por la situaci\u00f3n judicial de sus hijos, en especial la de Florencia,&nbsp;<\/strong>que no ten\u00eda fueros. Fueron sobreseidos junto a la ex presidenta en la causa de los hoteles K. El principal, Los Sauces, sigue con un candado en la tranquera y en bus<\/p>\n\n\n\n<p class=\"wp-block-paragraph\">ca de alguien que se interese en administrarlo. Los chilenos del Grupo Lariza desistieron por la pandemia. Pero, m\u00e1s que lo judicial, la salud de Florencia, en franca recuperaci\u00f3n despu\u00e9s del episodio de Cuba, es lo que realmente alegra a su madre. La vio mejor en estas fiestas que en las anteriores.<\/p>\n\n\n\n<p class=\"wp-block-paragraph\">A los artistas y actores a los que<strong>&nbsp;CFK recibi\u00f3 en los \u00faltimos d\u00edas del a\u00f1o les explic\u00f3 por qu\u00e9 no fue candidata&nbsp;<\/strong>en el 2019: \u201cTuve que elegir entre la dirigente y la madre, y eleg\u00ed a la madre\u201d. La lectura que se hizo de ese comentario, entre los c\u00e1nticos que la postulaban al 2023, es que ahora, con Florencia recuperada, la que vuelve es la dirigente.<\/p>\n\n\n\n<p class=\"wp-block-paragraph\">Alberto Fern\u00e1ndez tambi\u00e9n ya se postul\u00f3 para el pr\u00f3ximo per\u00edodo presidencial y se diferencia en p\u00fablico de su vice, a quien le molest\u00f3, y mucho, que \u00e9l considerara a N\u00e9stor Kirchner como el \u00fanico jefe pol\u00edtico que tuvo, un ninguneo ol\u00edmpico a CFK. Fern\u00e1ndez dijo eso en un reportaje con Jorge Fontevecchia.<\/p>\n\n\n\n<p class=\"wp-block-paragraph\">Cristina reponde con sus repetidos cuestionamientos al acuerdo con el FMI, que traban la compleja negociaci\u00f3n. Pretende que el costo del ajuste que exigir\u00e1 el Fondo lo pague en total soledad el Presidente. Alberto busca involucrarla, e incluso instruy\u00f3 a Mart\u00edn Guzm\u00e1n para que la tenga al tanto de cada paso, pero los mensajes del ministro no consiguen penetrar en el refugio de El Calafate. CFK no quiere quedar pegada al acuerdo.<\/p>\n\n\n\n<p class=\"wp-block-paragraph\">Su plan es esmerilar a Alberto, culparlo por el ajuste que viene y someterlo a una PASO contra ella misma, la apuesta de m\u00e1xima, o alg\u00fan delf\u00edn suyo, la de m\u00ednima. Los que se anotan son Kicillof y el chaque\u00f1o Jorge Capitanich, entre otros.<\/p>\n\n\n\n<p class=\"wp-block-paragraph\">Ya no hay retorno entre CFK y Alberto desde las traum\u00e1ticas horas post PASO en las que la vice intent\u00f3 vaciarlo de autoridad con las renuncias en cadena de los funcionarios camporistas, empezando por la de \u201cWado\u201d de Pedro, el ministro del Interior. Esa crisis qued\u00f3 atr\u00e1s, pero dej\u00f3 heridas que no curan. Alberto, en un momento de ira, estuvo a punto de romper y aceptarle la renuncia a \u201cWado\u201d, lo cual habr\u00eda acabado con la existencia del Frente de Todos.<\/p>\n\n\n\n<p class=\"wp-block-paragraph\">CFK lo hizo recapacitar al d\u00eda siguiente, cuando se calmaron los \u00e1nimos y se vieron cara a cara: \u201c\u00bfVas a echar a uno de los pocos funcionarios que funcionan?\u201d.<\/p>\n\n\n\n<p class=\"wp-block-paragraph\">De todo esto se acuerda hoy la jefa mientras intenta desenchufarse en su refugio. En realidad, no est\u00e1 descansando, sino preparando su pr\u00f3xima movida.<\/p>\n\n\n\n<p class=\"wp-block-paragraph\">Fuente: <a href=\"https:\/\/noticias.perfil.com\/\">Noti<\/a>cias<\/p>","protected":false},"excerpt":{"rendered":"<p>El Calafate&nbsp;es el \u00fanico lugar en el mundo donde&nbsp;Cristina Kirchner&nbsp;no siente la necesidad de maquillarse. La espesa capa de cosm\u00e9ticos que siempre la cubre en sus apariciones p\u00fablicas desaparece cuando est\u00e1 en su refugio patag\u00f3nico de la calle&nbsp;Padre Agostini, donde suele recibir a sus visitas a cara lavada, a veces incluso sin sus lentes de [&hellip;]<\/p>\n","protected":false},"author":9,"featured_media":0,"comment_status":"open","ping_status":"open","sticky":false,"template":"","format":"standard","meta":{"site-sidebar-layout":"default","site-content-layout":"","ast-site-content-layout":"default","site-content-style":"default","site-sidebar-style":"default","ast-global-header-display":"","ast-banner-title-visibility":"","ast-main-header-display":"","ast-hfb-above-header-display":"","ast-hfb-below-header-display":"","ast-hfb-mobile-header-display":"","site-post-title":"","ast-breadcrumbs-content":"","ast-featured-img":"","footer-sml-layout":"","ast-disable-related-posts":"","theme-transparent-header-meta":"","adv-header-id-meta":"","stick-header-meta":"","header-above-stick-meta":"","header-main-stick-meta":"","header-below-stick-meta":"","astra-migrate-meta-layouts":"default","ast-page-background-enabled":"default","ast-page-background-meta":{"desktop":{"background-color":"","background-image":"","background-repeat":"repeat","background-position":"center center","background-size":"auto","background-attachment":"scroll","background-type":"","background-media":"","overlay-type":"","overlay-color":"","overlay-opacity":"","overlay-gradient":""},"tablet":{"background-color":"","background-image":"","background-repeat":"repeat","background-position":"center center","background-size":"auto","background-attachment":"scroll","background-type":"","background-media":"","overlay-type":"","overlay-color":"","overlay-opacity":"","overlay-gradient":""},"mobile":{"background-color":"","background-image":"","background-repeat":"repeat","background-position":"center center","background-size":"auto","background-attachment":"scroll","background-type":"","background-media":"","overlay-type":"","overlay-color":"","overlay-opacity":"","overlay-gradient":""}},"ast-content-background-meta":{"desktop":{"background-color":"var(--ast-global-color-5)","background-image":"","background-repeat":"repeat","background-position":"center center","background-size":"auto","background-attachment":"scroll","background-type":"","background-media":"","overlay-type":"","overlay-color":"","overlay-opacity":"","overlay-gradient":""},"tablet":{"background-color":"var(--ast-global-color-5)","background-image":"","background-repeat":"repeat","background-position":"center center","background-size":"auto","background-attachment":"scroll","background-type":"","background-media":"","overlay-type":"","overlay-color":"","overlay-opacity":"","overlay-gradient":""},"mobile":{"background-color":"var(--ast-global-color-5)","background-image":"","background-repeat":"repeat","background-position":"center center","background-size":"auto","background-attachment":"scroll","background-type":"","background-media":"","overlay-type":"","overlay-color":"","overlay-opacity":"","overlay-gradient":""}},"footnotes":""},"categories":[2],"tags":[],"class_list":["post-60852","post","type-post","status-publish","format-standard","hentry","category-politica"],"spectra_blocks_featured_image_url":null,"spectra_blocks_author_info":{"display_name":"Jorge Alfredo Baret","avatar_url":"https:\/\/secure.gravatar.com\/avatar\/31696f5ca83439b642450ec7d3f82f98451a5efacb414343d5478c982b337f26?s=96&d=mm&r=g","author_link":"https:\/\/100xd.com.ar\/es\/author\/jorge\/","description":"Ingeniero Qu\u00edmico UTN - Director Apoderado de Comunicaciones Auditadas SA. Editor Responsable 100xd.com.ar."},"_links":{"self":[{"href":"https:\/\/100xd.com.ar\/es\/wp-json\/wp\/v2\/posts\/60852","targetHints":{"allow":["GET"]}}],"collection":[{"href":"https:\/\/100xd.com.ar\/es\/wp-json\/wp\/v2\/posts"}],"about":[{"href":"https:\/\/100xd.com.ar\/es\/wp-json\/wp\/v2\/types\/post"}],"author":[{"embeddable":true,"href":"https:\/\/100xd.com.ar\/es\/wp-json\/wp\/v2\/users\/9"}],"replies":[{"embeddable":true,"href":"https:\/\/100xd.com.ar\/es\/wp-json\/wp\/v2\/comments?post=60852"}],"version-history":[{"count":1,"href":"https:\/\/100xd.com.ar\/es\/wp-json\/wp\/v2\/posts\/60852\/revisions"}],"predecessor-version":[{"id":60854,"href":"https:\/\/100xd.com.ar\/es\/wp-json\/wp\/v2\/posts\/60852\/revisions\/60854"}],"wp:attachment":[{"href":"https:\/\/100xd.com.ar\/es\/wp-json\/wp\/v2\/media?parent=60852"}],"wp:term":[{"taxonomy":"category","embeddable":true,"href":"https:\/\/100xd.com.ar\/es\/wp-json\/wp\/v2\/categories?post=60852"},{"taxonomy":"post_tag","embeddable":true,"href":"https:\/\/100xd.com.ar\/es\/wp-json\/wp\/v2\/tags?post=60852"}],"curies":[{"name":"wp","href":"https:\/\/api.w.org\/{rel}","templated":true}]}}