{"id":6076,"date":"2015-07-28T17:33:34","date_gmt":"2015-07-28T20:33:34","guid":{"rendered":"http:\/\/www.100xd.com.ar\/?p=6076"},"modified":"2015-07-29T20:44:52","modified_gmt":"2015-07-29T23:44:52","slug":"la-jueza-servini-de-cubria-autorizo-mudar-fiscales-dentro-del-conurbano","status":"publish","type":"post","link":"https:\/\/100xd.com.ar\/es\/la-jueza-servini-de-cubria-autorizo-mudar-fiscales-dentro-del-conurbano\/","title":{"rendered":"La jueza Servini de Cubr\u00eda autoriz\u00f3 mudar fiscales dentro del conurbano"},"content":{"rendered":"<p class=\"primero\">Mar\u00eda Servini de Cubr\u00eda, jueza federal con competencia electoral, dio lugar al pedido de la alianza Cambiemos\u00a0y autoriz\u00f3 finalmente &#8220;mudar&#8221; fiscales desde la Capital y las provincias al conurbano bonaerense, en medio de la preocupaci\u00f3n del frente por eventuales robos de boletas en las PASO de la semana que viene.<\/p>\n<p>El pedido, realizado por Mauricio Macri, Ernesto Sanz y Elisa Carri\u00f3,\u00a0hab\u00eda sido entregado el jueves pasado mediante una acci\u00f3n declarativa en el juzgado federal a cargo Servini de Cubr\u00eda, quien hoy tom\u00f3 la decisi\u00f3n de darle lugar a la solicitud.\u00a0El viernes \u00faltimo el propio Macri hab\u00eda advertido que, durante las pr\u00f3ximas primarias,&#8221;habr\u00e1 gente organizada que usar\u00e1 t\u00e1cticas fraudulentas para obtener ventaja&#8221;.<\/p>\n<p>En todo el pa\u00eds hay m\u00e1s de 90.000 mesas y en la provincia de Buenos Aires, donde se concentra el 40% del padr\u00f3n, hay 34.502 mesas, por lo cual cada partido debe poder reunir ese mismo n\u00famero de fiscales.<\/p>\n<p>Sin la medida autorizada hoy, a Cambiemos le faltan unos 5000 fiscales, sobre todo en el segundo cord\u00f3n del conurbano, donde tiene menos poder territorial que en el primero, donde Pro tiene presencia. En el resto de la provincia, en tanto, es la UCR quien goza de buena territorialidad<\/p>\n<p>Por eso, Macri y Sanz podr\u00e1n mudar ahora unos 5000 dirigentes y punteros porte\u00f1os y de otras provincias para que act\u00faen como fiscales en el distrito m\u00e1s populoso del pa\u00eds.<\/p>\n<p>Claro que esos fiscales no podr\u00e1n votar en esas mesas, sino que deber\u00e1n hacerlo donde est\u00e1n empadronados. Pero luego de emitir sus votos, pasar\u00e1n r\u00e1pidamente del otro lado de la General Paz para asumir la fiscalizaci\u00f3n de las mesas en los distritos m\u00e1s complicados.<\/p>","protected":false},"excerpt":{"rendered":"<p>Mar\u00eda Servini de Cubr\u00eda, jueza federal con competencia electoral, dio lugar al pedido de la alianza Cambiemos\u00a0y autoriz\u00f3 finalmente &#8220;mudar&#8221; fiscales desde la Capital y las provincias al conurbano bonaerense, en medio de la preocupaci\u00f3n del frente por eventuales robos de boletas en las PASO de la semana que viene. El pedido, realizado por Mauricio [&hellip;]<\/p>\n","protected":false},"author":4,"featured_media":0,"comment_status":"open","ping_status":"open","sticky":false,"template":"","format":"standard","meta":{"site-sidebar-layout":"default","site-content-layout":"","ast-site-content-layout":"default","site-content-style":"default","site-sidebar-style":"default","ast-global-header-display":"","ast-banner-title-visibility":"","ast-main-header-display":"","ast-hfb-above-header-display":"","ast-hfb-below-header-display":"","ast-hfb-mobile-header-display":"","site-post-title":"","ast-breadcrumbs-content":"","ast-featured-img":"","footer-sml-layout":"","ast-disable-related-posts":"","theme-transparent-header-meta":"","adv-header-id-meta":"","stick-header-meta":"","header-above-stick-meta":"","header-main-stick-meta":"","header-below-stick-meta":"","astra-migrate-meta-layouts":"default","ast-page-background-enabled":"default","ast-page-background-meta":{"desktop":{"background-color":"","background-image":"","background-repeat":"repeat","background-position":"center center","background-size":"auto","background-attachment":"scroll","background-type":"","background-media":"","overlay-type":"","overlay-color":"","overlay-opacity":"","overlay-gradient":""},"tablet":{"background-color":"","background-image":"","background-repeat":"repeat","background-position":"center center","background-size":"auto","background-attachment":"scroll","background-type":"","background-media":"","overlay-type":"","overlay-color":"","overlay-opacity":"","overlay-gradient":""},"mobile":{"background-color":"","background-image":"","background-repeat":"repeat","background-position":"center center","background-size":"auto","background-attachment":"scroll","background-type":"","background-media":"","overlay-type":"","overlay-color":"","overlay-opacity":"","overlay-gradient":""}},"ast-content-background-meta":{"desktop":{"background-color":"var(--ast-global-color-5)","background-image":"","background-repeat":"repeat","background-position":"center center","background-size":"auto","background-attachment":"scroll","background-type":"","background-media":"","overlay-type":"","overlay-color":"","overlay-opacity":"","overlay-gradient":""},"tablet":{"background-color":"var(--ast-global-color-5)","background-image":"","background-repeat":"repeat","background-position":"center center","background-size":"auto","background-attachment":"scroll","background-type":"","background-media":"","overlay-type":"","overlay-color":"","overlay-opacity":"","overlay-gradient":""},"mobile":{"background-color":"var(--ast-global-color-5)","background-image":"","background-repeat":"repeat","background-position":"center center","background-size":"auto","background-attachment":"scroll","background-type":"","background-media":"","overlay-type":"","overlay-color":"","overlay-opacity":"","overlay-gradient":""}},"footnotes":""},"categories":[1],"tags":[362,359,1851,55],"class_list":["post-6076","post","type-post","status-publish","format-standard","hentry","category-sin-categoria","tag-elisa-carrio","tag-ernesto-sanz","tag-maria-servini-de-cubria","tag-mauricio-macri"],"spectra_blocks_featured_image_url":null,"spectra_blocks_author_info":{"display_name":"Facundo Novillo","avatar_url":"https:\/\/secure.gravatar.com\/avatar\/09745bc65ce6bf84291d6515d5f759c04b4fce4f329b8a975a8ac2982b552d3e?s=96&d=mm&r=g","author_link":"https:\/\/100xd.com.ar\/es\/author\/facundo\/","description":""},"_links":{"self":[{"href":"https:\/\/100xd.com.ar\/es\/wp-json\/wp\/v2\/posts\/6076","targetHints":{"allow":["GET"]}}],"collection":[{"href":"https:\/\/100xd.com.ar\/es\/wp-json\/wp\/v2\/posts"}],"about":[{"href":"https:\/\/100xd.com.ar\/es\/wp-json\/wp\/v2\/types\/post"}],"author":[{"embeddable":true,"href":"https:\/\/100xd.com.ar\/es\/wp-json\/wp\/v2\/users\/4"}],"replies":[{"embeddable":true,"href":"https:\/\/100xd.com.ar\/es\/wp-json\/wp\/v2\/comments?post=6076"}],"version-history":[{"count":1,"href":"https:\/\/100xd.com.ar\/es\/wp-json\/wp\/v2\/posts\/6076\/revisions"}],"predecessor-version":[{"id":6077,"href":"https:\/\/100xd.com.ar\/es\/wp-json\/wp\/v2\/posts\/6076\/revisions\/6077"}],"wp:attachment":[{"href":"https:\/\/100xd.com.ar\/es\/wp-json\/wp\/v2\/media?parent=6076"}],"wp:term":[{"taxonomy":"category","embeddable":true,"href":"https:\/\/100xd.com.ar\/es\/wp-json\/wp\/v2\/categories?post=6076"},{"taxonomy":"post_tag","embeddable":true,"href":"https:\/\/100xd.com.ar\/es\/wp-json\/wp\/v2\/tags?post=6076"}],"curies":[{"name":"wp","href":"https:\/\/api.w.org\/{rel}","templated":true}]}}