{"id":60006,"date":"2021-12-24T13:06:57","date_gmt":"2021-12-24T16:06:57","guid":{"rendered":"https:\/\/100xd.com.ar\/?p=60006"},"modified":"2021-12-24T13:06:57","modified_gmt":"2021-12-24T16:06:57","slug":"el-papa-francisco-recordo-la-navidad-en-argentina-y-conto-que-lo-hace-llorar","status":"publish","type":"post","link":"https:\/\/100xd.com.ar\/es\/el-papa-francisco-recordo-la-navidad-en-argentina-y-conto-que-lo-hace-llorar\/","title":{"rendered":"El papa Francisco record\u00f3 la Navidad en Argentina y cont\u00f3 qu\u00e9 lo hace llorar"},"content":{"rendered":"<p class=\"wp-block-paragraph\">A tono con la fecha,&nbsp;<strong>el papa Francisco envi\u00f3 un mensaje navide\u00f1o para los fieles de la Iglesia Cat\u00f3lica<\/strong>, en el que volvi\u00f3 a expresar su preocupaci\u00f3n por los pobres, los \u201colvidados\u201d y los ni\u00f1os abusados, explotados y enfermos que tendr\u00e1n que pasar la fiestas en condiciones de vulnerabilidad. En un reportaje brindado a medios italianos, el obispo de Roma record\u00f3 algunos hechos de la infancia cuando compart\u00eda la Navidad en Argentina, las costumbres familiares y c\u00f3mo se divert\u00eda cuando era ni\u00f1o.<\/p>\n\n\n\n<p class=\"wp-block-paragraph\">\u201c<strong>La comunidad internacional<\/strong>,&nbsp;<strong>la Iglesia&nbsp;<\/strong>-comenzando por el Papa-, las instituciones, los que tienen responsabilidades pol\u00edticas y sociales y tambi\u00e9n todos los ciudadanos, particularmente en&nbsp;<strong>los pa\u00edses m\u00e1s ricos<\/strong>,&nbsp;<mark><strong>no pueden y no deben olvidar las regiones y las personas m\u00e1s d\u00e9biles, fr\u00e1giles e indefensas<\/strong><\/mark>\u201d, reclam\u00f3 en una entrevista publicada hoy de forma conjunta por los diarios&nbsp;<em>La Repubblica&nbsp;<\/em>y&nbsp;<em>La Stampa<\/em>.<\/p>\n\n\n\n<p class=\"wp-block-paragraph\">Al ser consultado en qui\u00e9n pensar\u00e1 en estos d\u00edas, Jorge Bergoglio no dud\u00f3: \u201c<strong>En los pobres, siempre<\/strong>. Como Jes\u00fas, que naci\u00f3 pobre: ese d\u00eda Mar\u00eda era una mujer de la calle, porque no ten\u00eda un lugar adecuado para dar a luz. Y luego pienso en todos los olvidados, los abandonados, los \u00faltimos y, en particular, los ni\u00f1os abusados y esclavizados\u201d.<\/p>\n\n\n\n<p class=\"wp-block-paragraph\">\u201c<mark><strong>Me hace llorar y enojarme el escuchar las historias de ni\u00f1os y adultos vulnerables que son explotados<\/strong><\/mark>. Y luego pienso en los ni\u00f1os enfermos que pasar\u00e1n la Navidad en el hospital, no hay palabras,<strong>&nbsp;solo podemos aferrarnos a la fe, a Dios, y preguntarle: \u00bfPor qu\u00e9?<\/strong>\u201d.<img loading=\"lazy\" decoding=\"async\" alt=\"El papa Francisco en una de las audiencias general (EFE\/EPA\/FABIO FRUSTACI)\" src=\"https:\/\/www.infobae.com\/new-resizer\/ZevSdzC4qBuJ_E3QI-Jrv0dTyFY=\/420x280\/filters:format(webp):quality(85)\/cloudfront-us-east-1.images.arcpublishing.com\/infobae\/P2DUUL47ERBEVFWAQOFFQRHSHQ.jpg%20420w\" height=\"2048\" width=\"3072\" srcset=\"https:\/\/www.infobae.com\/new-resizer\/ZevSdzC4qBuJ_E3QI-Jrv0dTyFY=\/420x280\/filters:format(webp):quality(85)\/cloudfront-us-east-1.images.arcpublishing.com\/infobae\/P2DUUL47ERBEVFWAQOFFQRHSHQ.jpg 420w,https:\/\/www.infobae.com\/new-resizer\/m3ymzbCbOUNeuDeVQohqug19wC0=\/768x512\/filters:format(webp):quality(85)\/cloudfront-us-east-1.images.arcpublishing.com\/infobae\/P2DUUL47ERBEVFWAQOFFQRHSHQ.jpg 768w,https:\/\/www.infobae.com\/new-resizer\/ZqD_8VnSvovkQNbyfRkZIZQdoHo=\/992x661\/filters:format(webp):quality(85)\/cloudfront-us-east-1.images.arcpublishing.com\/infobae\/P2DUUL47ERBEVFWAQOFFQRHSHQ.jpg 992w,https:\/\/www.infobae.com\/new-resizer\/mubinyjngkoenn2wS7MEzQ4XVwo=\/1200x800\/filters:format(webp):quality(85)\/cloudfront-us-east-1.images.arcpublishing.com\/infobae\/P2DUUL47ERBEVFWAQOFFQRHSHQ.jpg 1200w,https:\/\/www.infobae.com\/new-resizer\/F75e2tfYJyVa2z45qNHPXIXvDIE=\/1440x960\/filters:format(webp):quality(85)\/cloudfront-us-east-1.images.arcpublishing.com\/infobae\/P2DUUL47ERBEVFWAQOFFQRHSHQ.jpg 1440w\" title=\"El papa Francisco record\u00f3 la Navidad en Argentina y cont\u00f3 qu\u00e9 lo hace llorar\">El papa Francisco en una de las audiencias general (EFE\/EPA\/FABIO FRUSTACI)<\/p>\n\n\n\n<p class=\"wp-block-paragraph\">\u201cRezo a Dios para que esta Navidad transmita m\u00e1s generosidad y solidaridad a la Tierra.&nbsp;<strong>Espero que la Navidad caliente el coraz\u00f3n de los que sufren<\/strong>, y abra y fortalezca el nuestro para que arda en el deseo de ayudar m\u00e1s a los m\u00e1s necesitados\u201d, anhel\u00f3.<\/p>\n\n\n\n<p class=\"wp-block-paragraph\">Durante el reportaje, el Papa Francisco cont\u00f3 algunas<em>&nbsp;an\u00e9cdotas sobre su familia en tiempos de Navidad<\/em>. \u201c<mark>A veces \u00edbamos a casa de una t\u00eda por la noche, porque en Buenos Aires y en nuestra familia no hab\u00eda costumbre en esa \u00e9poca de celebrar la Nochebuena como hoy. Se celebraba el d\u00eda 25, siempre con los abuelos<\/mark>\u201d, record\u00f3.<\/p>\n\n\n\n<p class=\"wp-block-paragraph\">Reflexivo, le llam\u00f3 la atenci\u00f3n que en uno de esos encuentros pas\u00f3 \u201cuna cosa curiosa\u201d. \u201cLlegamos y mi abuela todav\u00eda estaba haciendo cappelletti, los hac\u00eda a mano. \u00a1Hab\u00eda hecho 400! \u00a1Quedamos asombrados! All\u00ed estaba toda nuestra familia, tambi\u00e9n vinieron t\u00edos y primos\u201d, dijo.<\/p>\n\n\n\n<p class=\"wp-block-paragraph\">En ese marco, el Papa les pidi\u00f3 a los padres que tienen a los hijos fuera de los hospitales que \u201cno olviden lo afortunados que son\u201d. \u201c<strong>Abr\u00e1cenlos con fuerza y pasen m\u00e1s tiempo con ellos<\/strong>\u201d, comparti\u00f3. Y expres\u00f3 su admiraci\u00f3n y agradecimiento por los m\u00e9dicos y personal sanitario que cada d\u00eda intentan \u201cpaliar el sufrimiento de esos peque\u00f1os\u201d.<img loading=\"lazy\" decoding=\"async\" alt=\"El papa Francisco dijo que mantiene su habitual rutina, a cinco de meses de la operaci\u00f3n de colon que padeci\u00f3 (EFE\/EPA\/CLAUDIO PERI)\" src=\"https:\/\/www.infobae.com\/new-resizer\/jyBmGt8gOwjXqTiT8IQiquNhRhI=\/420x280\/filters:format(webp):quality(85)\/cloudfront-us-east-1.images.arcpublishing.com\/infobae\/VGMRHVZBXZCIJNXTGCZCMH3STE.jpg%20420w\" height=\"2044\" width=\"3072\" srcset=\"https:\/\/www.infobae.com\/new-resizer\/jyBmGt8gOwjXqTiT8IQiquNhRhI=\/420x280\/filters:format(webp):quality(85)\/cloudfront-us-east-1.images.arcpublishing.com\/infobae\/VGMRHVZBXZCIJNXTGCZCMH3STE.jpg 420w,https:\/\/www.infobae.com\/new-resizer\/3a3xy8aBSDjcYAnbG9IPvDw_FFE=\/768x512\/filters:format(webp):quality(85)\/cloudfront-us-east-1.images.arcpublishing.com\/infobae\/VGMRHVZBXZCIJNXTGCZCMH3STE.jpg 768w,https:\/\/www.infobae.com\/new-resizer\/fRMyz4-CcaPrj_ESZrXR3ZJyBU8=\/992x661\/filters:format(webp):quality(85)\/cloudfront-us-east-1.images.arcpublishing.com\/infobae\/VGMRHVZBXZCIJNXTGCZCMH3STE.jpg 992w,https:\/\/www.infobae.com\/new-resizer\/n62mqGHgMdWYk0_U8Bvue8LGdXU=\/1200x800\/filters:format(webp):quality(85)\/cloudfront-us-east-1.images.arcpublishing.com\/infobae\/VGMRHVZBXZCIJNXTGCZCMH3STE.jpg 1200w,https:\/\/www.infobae.com\/new-resizer\/tZWcAoCuZ3I50CsNbVRPBQJUtLw=\/1440x960\/filters:format(webp):quality(85)\/cloudfront-us-east-1.images.arcpublishing.com\/infobae\/VGMRHVZBXZCIJNXTGCZCMH3STE.jpg 1440w\" title=\"El papa Francisco record\u00f3 la Navidad en Argentina y cont\u00f3 qu\u00e9 lo hace llorar\">El papa Francisco dijo que mantiene su habitual rutina, a cinco de meses de la operaci\u00f3n de colon que padeci\u00f3 (EFE\/EPA\/CLAUDIO PERI)<\/p>\n\n\n\n<p class=\"wp-block-paragraph\">A pocos d\u00edas de cumplir sus 85 a\u00f1os, el 17 de diciembre, Francisco record\u00f3 que lo festejaba en su casa con toda la familia y sus cinco hermanos: Marta Regina, Alberto Horacio, Oscar Adri\u00e1n y Mar\u00eda Elena. \u201cMi madre hac\u00eda chocolate muy espeso para beber\u201d, evoc\u00f3.&nbsp;<mark>Revel\u00f3 que piensa mucho en sus abuelos, pero sin \u201cmelancol\u00eda\u201d y que echa de menos a sus tres hermanos que han fallecido. Los imagina \u201cen paz\u201d<\/mark>.<\/p>\n\n\n\n<p class=\"wp-block-paragraph\">Conocido hincha de San Lorenzo, Jorge Bergoglio sab\u00eda que no era muy bueno y termin\u00f3 como arquero, cuando jugaba al f\u00fatbol de ni\u00f1o. \u201cSer arquero fue una gran escuela de vida\u201d, dijo, porque \u201c<strong>el arquero debe estar preparado para responder a los peligros que pueden venir de todos lados<\/strong>\u201d.<\/p>\n\n\n\n<p class=\"wp-block-paragraph\">Cont\u00f3 tambi\u00e9n que cuando era ni\u00f1o \u201c<strong>no ten\u00eda televisi\u00f3n en casa<\/strong>\u201d y \u201cvarias veces, despu\u00e9s de la cena, pap\u00e1 nos le\u00eda vol\u00famenes en voz alta\u201d. Bergoglio destac\u00f3 que los primeros que ley\u00f3 de joven fueron \u201cDon Segundo Sombra\u201d, de Ricardo G\u00fciraldes, y luego las obras de Jorge Luis Borges y F\u00ebdor Dostoievski, los poemas de Friedrich H\u00f6lderlin y \u201cLos verdes\u201d, de Archibald Joseph Cronin.<\/p>\n\n\n\n<p class=\"wp-block-paragraph\">En otro tramo de la entrevista, Jorge Bergoglio dijo que se encuentra bien de salud y dijo que, a cinco meses de la operaci\u00f3n de colon a la que se someti\u00f3 en julio, no cambi\u00f3 su rutina y todav\u00eda se levanta \u201c<strong>a las 4 de la ma\u00f1ana<\/strong>\u201d. Y coment\u00f3 que en 2022 har\u00e1 otros viajes internacionales.<\/p>\n\n\n\n<p class=\"wp-block-paragraph\">\u201d<strong>Me concedo solo una breve siesta despu\u00e9s de almorzar<\/strong>\u201d, cont\u00f3 el Papa, d\u00edas despu\u00e9s de haber cumplido 85 a\u00f1os, el pasado 17 de diciembre.<\/p>\n\n\n\n<p class=\"wp-block-paragraph\">Fuente: <a href=\"https:\/\/www.infobae.com\/?noredirect\">Infobae.com<\/a><\/p>","protected":false},"excerpt":{"rendered":"<p>A tono con la fecha,&nbsp;el papa Francisco envi\u00f3 un mensaje navide\u00f1o para los fieles de la Iglesia Cat\u00f3lica, en el que volvi\u00f3 a expresar su preocupaci\u00f3n por los pobres, los \u201colvidados\u201d y los ni\u00f1os abusados, explotados y enfermos que tendr\u00e1n que pasar la fiestas en condiciones de vulnerabilidad. En un reportaje brindado a medios italianos, [&hellip;]<\/p>\n","protected":false},"author":9,"featured_media":0,"comment_status":"open","ping_status":"open","sticky":false,"template":"","format":"standard","meta":{"site-sidebar-layout":"default","site-content-layout":"","ast-site-content-layout":"default","site-content-style":"default","site-sidebar-style":"default","ast-global-header-display":"","ast-banner-title-visibility":"","ast-main-header-display":"","ast-hfb-above-header-display":"","ast-hfb-below-header-display":"","ast-hfb-mobile-header-display":"","site-post-title":"","ast-breadcrumbs-content":"","ast-featured-img":"","footer-sml-layout":"","ast-disable-related-posts":"","theme-transparent-header-meta":"","adv-header-id-meta":"","stick-header-meta":"","header-above-stick-meta":"","header-main-stick-meta":"","header-below-stick-meta":"","astra-migrate-meta-layouts":"default","ast-page-background-enabled":"default","ast-page-background-meta":{"desktop":{"background-color":"","background-image":"","background-repeat":"repeat","background-position":"center center","background-size":"auto","background-attachment":"scroll","background-type":"","background-media":"","overlay-type":"","overlay-color":"","overlay-opacity":"","overlay-gradient":""},"tablet":{"background-color":"","background-image":"","background-repeat":"repeat","background-position":"center center","background-size":"auto","background-attachment":"scroll","background-type":"","background-media":"","overlay-type":"","overlay-color":"","overlay-opacity":"","overlay-gradient":""},"mobile":{"background-color":"","background-image":"","background-repeat":"repeat","background-position":"center center","background-size":"auto","background-attachment":"scroll","background-type":"","background-media":"","overlay-type":"","overlay-color":"","overlay-opacity":"","overlay-gradient":""}},"ast-content-background-meta":{"desktop":{"background-color":"var(--ast-global-color-5)","background-image":"","background-repeat":"repeat","background-position":"center center","background-size":"auto","background-attachment":"scroll","background-type":"","background-media":"","overlay-type":"","overlay-color":"","overlay-opacity":"","overlay-gradient":""},"tablet":{"background-color":"var(--ast-global-color-5)","background-image":"","background-repeat":"repeat","background-position":"center center","background-size":"auto","background-attachment":"scroll","background-type":"","background-media":"","overlay-type":"","overlay-color":"","overlay-opacity":"","overlay-gradient":""},"mobile":{"background-color":"var(--ast-global-color-5)","background-image":"","background-repeat":"repeat","background-position":"center center","background-size":"auto","background-attachment":"scroll","background-type":"","background-media":"","overlay-type":"","overlay-color":"","overlay-opacity":"","overlay-gradient":""}},"footnotes":""},"categories":[2],"tags":[],"class_list":["post-60006","post","type-post","status-publish","format-standard","hentry","category-politica"],"spectra_blocks_featured_image_url":null,"spectra_blocks_author_info":{"display_name":"Jorge Alfredo Baret","avatar_url":"https:\/\/secure.gravatar.com\/avatar\/31696f5ca83439b642450ec7d3f82f98451a5efacb414343d5478c982b337f26?s=96&d=mm&r=g","author_link":"https:\/\/100xd.com.ar\/es\/author\/jorge\/","description":"Ingeniero Qu\u00edmico UTN - Director Apoderado de Comunicaciones Auditadas SA. Editor Responsable 100xd.com.ar."},"_links":{"self":[{"href":"https:\/\/100xd.com.ar\/es\/wp-json\/wp\/v2\/posts\/60006","targetHints":{"allow":["GET"]}}],"collection":[{"href":"https:\/\/100xd.com.ar\/es\/wp-json\/wp\/v2\/posts"}],"about":[{"href":"https:\/\/100xd.com.ar\/es\/wp-json\/wp\/v2\/types\/post"}],"author":[{"embeddable":true,"href":"https:\/\/100xd.com.ar\/es\/wp-json\/wp\/v2\/users\/9"}],"replies":[{"embeddable":true,"href":"https:\/\/100xd.com.ar\/es\/wp-json\/wp\/v2\/comments?post=60006"}],"version-history":[{"count":1,"href":"https:\/\/100xd.com.ar\/es\/wp-json\/wp\/v2\/posts\/60006\/revisions"}],"predecessor-version":[{"id":60008,"href":"https:\/\/100xd.com.ar\/es\/wp-json\/wp\/v2\/posts\/60006\/revisions\/60008"}],"wp:attachment":[{"href":"https:\/\/100xd.com.ar\/es\/wp-json\/wp\/v2\/media?parent=60006"}],"wp:term":[{"taxonomy":"category","embeddable":true,"href":"https:\/\/100xd.com.ar\/es\/wp-json\/wp\/v2\/categories?post=60006"},{"taxonomy":"post_tag","embeddable":true,"href":"https:\/\/100xd.com.ar\/es\/wp-json\/wp\/v2\/tags?post=60006"}],"curies":[{"name":"wp","href":"https:\/\/api.w.org\/{rel}","templated":true}]}}