{"id":59901,"date":"2021-12-22T11:24:54","date_gmt":"2021-12-22T14:24:54","guid":{"rendered":"https:\/\/100xd.com.ar\/?p=59901"},"modified":"2021-12-22T11:24:54","modified_gmt":"2021-12-22T14:24:54","slug":"municipio-de-3-de-febrero-la-municipalidad-desarticulo-dos-talleres-textiles-clandestinos-en-ciudadela","status":"publish","type":"post","link":"https:\/\/100xd.com.ar\/es\/municipio-de-3-de-febrero-la-municipalidad-desarticulo-dos-talleres-textiles-clandestinos-en-ciudadela\/","title":{"rendered":"Municipio de 3 de Febrero: La Municipalidad desarticul\u00f3 dos talleres textiles clandestinos en Ciudadela"},"content":{"rendered":"<p class=\"wp-block-paragraph\">La Municipalidad de Tres de Febrero llev\u00f3 adelante un operativo que permiti\u00f3 fiscalizar y desarticular dos talleres de costura clandestinos en la calle Maip\u00fa, en Ciudadela, donde se encontraron alrededor de 20 personas que trabajaban en condiciones de escasa higiene y de hacinamiento. De la fiscalizaci\u00f3n participaron el Centro de Operaciones y Monitoreo (COM), el Comando de Patrullas y la Subsecretar\u00eda de Fiscalizaci\u00f3n y Control.<\/p>\n\n\n\n<p class=\"wp-block-paragraph\">\u201cLos resultados fueron exitosos gracias al trabajo coordinado con las diversas \u00e1reas gubernamentales. Las mafias no son bienvenidas en nuestro municipio\u201d, asegur\u00f3 Diego Valenzuela, intendente de Tres de Febrero.<\/p>\n\n\n\n<p class=\"wp-block-paragraph\">La identificaci\u00f3n de ambos lugares se realiz\u00f3 en el marco del relevamiento y detecci\u00f3n de establecimientos clandestinos que lleva adelante la Municipalidad y se confirm\u00f3 que ninguno estaba habilitado para confecci\u00f3n y que tampoco ten\u00edan empleados registrados. Todo lo producido se destinaba y vend\u00eda en el mercado negro de indumentaria.<\/p>\n\n\n\n<p class=\"wp-block-paragraph\">Tres de Febrero ya realiz\u00f3 la denuncia ante la Oficina Provincial de Lucha contra la Trata de Personas, que se encargar\u00e1 de tramitar la causa con la Fiscal\u00eda correspondiente<\/p>\n\n\n\n<p class=\"wp-block-paragraph\">\u201cEstos talleres llevan miedo, inseguridad y violencia a los barrios. Estamos del lado de la legalidad y no vamos a permitir que se vulnere la dignidad de nadie ni sus derechos laborales\u00bb, cerr\u00f3 Valenzuela.<\/p>","protected":false},"excerpt":{"rendered":"<p>La Municipalidad de Tres de Febrero llev\u00f3 adelante un operativo que permiti\u00f3 fiscalizar y desarticular dos talleres de costura clandestinos en la calle Maip\u00fa, en Ciudadela, donde se encontraron alrededor de 20 personas que trabajaban en condiciones de escasa higiene y de hacinamiento. De la fiscalizaci\u00f3n participaron el Centro de Operaciones y Monitoreo (COM), el [&hellip;]<\/p>\n","protected":false},"author":9,"featured_media":0,"comment_status":"open","ping_status":"open","sticky":false,"template":"","format":"standard","meta":{"site-sidebar-layout":"default","site-content-layout":"","ast-site-content-layout":"default","site-content-style":"default","site-sidebar-style":"default","ast-global-header-display":"","ast-banner-title-visibility":"","ast-main-header-display":"","ast-hfb-above-header-display":"","ast-hfb-below-header-display":"","ast-hfb-mobile-header-display":"","site-post-title":"","ast-breadcrumbs-content":"","ast-featured-img":"","footer-sml-layout":"","ast-disable-related-posts":"","theme-transparent-header-meta":"","adv-header-id-meta":"","stick-header-meta":"","header-above-stick-meta":"","header-main-stick-meta":"","header-below-stick-meta":"","astra-migrate-meta-layouts":"default","ast-page-background-enabled":"default","ast-page-background-meta":{"desktop":{"background-color":"","background-image":"","background-repeat":"repeat","background-position":"center center","background-size":"auto","background-attachment":"scroll","background-type":"","background-media":"","overlay-type":"","overlay-color":"","overlay-opacity":"","overlay-gradient":""},"tablet":{"background-color":"","background-image":"","background-repeat":"repeat","background-position":"center center","background-size":"auto","background-attachment":"scroll","background-type":"","background-media":"","overlay-type":"","overlay-color":"","overlay-opacity":"","overlay-gradient":""},"mobile":{"background-color":"","background-image":"","background-repeat":"repeat","background-position":"center center","background-size":"auto","background-attachment":"scroll","background-type":"","background-media":"","overlay-type":"","overlay-color":"","overlay-opacity":"","overlay-gradient":""}},"ast-content-background-meta":{"desktop":{"background-color":"var(--ast-global-color-5)","background-image":"","background-repeat":"repeat","background-position":"center center","background-size":"auto","background-attachment":"scroll","background-type":"","background-media":"","overlay-type":"","overlay-color":"","overlay-opacity":"","overlay-gradient":""},"tablet":{"background-color":"var(--ast-global-color-5)","background-image":"","background-repeat":"repeat","background-position":"center center","background-size":"auto","background-attachment":"scroll","background-type":"","background-media":"","overlay-type":"","overlay-color":"","overlay-opacity":"","overlay-gradient":""},"mobile":{"background-color":"var(--ast-global-color-5)","background-image":"","background-repeat":"repeat","background-position":"center center","background-size":"auto","background-attachment":"scroll","background-type":"","background-media":"","overlay-type":"","overlay-color":"","overlay-opacity":"","overlay-gradient":""}},"footnotes":""},"categories":[5],"tags":[],"class_list":["post-59901","post","type-post","status-publish","format-standard","hentry","category-municipios"],"spectra_blocks_featured_image_url":null,"spectra_blocks_author_info":{"display_name":"Jorge Alfredo Baret","avatar_url":"https:\/\/secure.gravatar.com\/avatar\/31696f5ca83439b642450ec7d3f82f98451a5efacb414343d5478c982b337f26?s=96&d=mm&r=g","author_link":"https:\/\/100xd.com.ar\/es\/author\/jorge\/","description":"Ingeniero Qu\u00edmico UTN - Director Apoderado de Comunicaciones Auditadas SA. Editor Responsable 100xd.com.ar."},"_links":{"self":[{"href":"https:\/\/100xd.com.ar\/es\/wp-json\/wp\/v2\/posts\/59901","targetHints":{"allow":["GET"]}}],"collection":[{"href":"https:\/\/100xd.com.ar\/es\/wp-json\/wp\/v2\/posts"}],"about":[{"href":"https:\/\/100xd.com.ar\/es\/wp-json\/wp\/v2\/types\/post"}],"author":[{"embeddable":true,"href":"https:\/\/100xd.com.ar\/es\/wp-json\/wp\/v2\/users\/9"}],"replies":[{"embeddable":true,"href":"https:\/\/100xd.com.ar\/es\/wp-json\/wp\/v2\/comments?post=59901"}],"version-history":[{"count":1,"href":"https:\/\/100xd.com.ar\/es\/wp-json\/wp\/v2\/posts\/59901\/revisions"}],"predecessor-version":[{"id":59903,"href":"https:\/\/100xd.com.ar\/es\/wp-json\/wp\/v2\/posts\/59901\/revisions\/59903"}],"wp:attachment":[{"href":"https:\/\/100xd.com.ar\/es\/wp-json\/wp\/v2\/media?parent=59901"}],"wp:term":[{"taxonomy":"category","embeddable":true,"href":"https:\/\/100xd.com.ar\/es\/wp-json\/wp\/v2\/categories?post=59901"},{"taxonomy":"post_tag","embeddable":true,"href":"https:\/\/100xd.com.ar\/es\/wp-json\/wp\/v2\/tags?post=59901"}],"curies":[{"name":"wp","href":"https:\/\/api.w.org\/{rel}","templated":true}]}}