{"id":5887,"date":"2015-07-27T15:07:33","date_gmt":"2015-07-27T18:07:33","guid":{"rendered":"http:\/\/www.100xd.com.ar\/?p=5887"},"modified":"2015-07-28T14:11:55","modified_gmt":"2015-07-28T17:11:55","slug":"scioli-recorrio-el-impa-y-aseguro-que-creara-el-ministerio-de-economia-popular-y-de-logisitca","status":"publish","type":"post","link":"https:\/\/100xd.com.ar\/es\/scioli-recorrio-el-impa-y-aseguro-que-creara-el-ministerio-de-economia-popular-y-de-logisitca\/","title":{"rendered":"Scioli recorri\u00f3 el IMPA y asegur\u00f3 que creara el Ministerio de Econom\u00eda Popular y de Logisitca"},"content":{"rendered":"<p>El precandidato a presidente de la Naci\u00f3n por el FpV, Daniel Scioli, se comprometi\u00f3 hoy &#8220;a seguir ampliando derechos para llegar al trabajo digno y luchar contra el trabajo informal&#8221;, tras recorrer IMPA, la primera f\u00e1brica recuperada por los movimientos cooperativos de la Ciudad, junto al coordinador del Movimiento Nacional de Empresas Recuperadas y trabajador de esta f\u00e1brica, Eduardo Murua.<\/p>\n<p>Scioli asegur\u00f3 que va a &#8220;llevar las econom\u00edas populares a la victoria, a la inclusi\u00f3n social, al trabajo digno, a la soberan\u00eda nacional&#8221;, al reunirse en la f\u00e1brica del barrio de Almagro, con unos 400 delegados y representantes de distintas ramas de la econom\u00eda popular, junto a los dirigentes del Movimiento Evita, Emilio P\u00e9rsico, Fernando &#8220;Chino&#8221; Navarro, y Jorge Taiana, precandidato al Parlasur.<\/p>\n<p>&#8220;Hemos recuperado f\u00e1bricas, porque hemos recuperado la patria con la lucha de los trabajadores&#8221;, sostuvo Scioli, junto al precandidato al Parlasur, Gabriel Mariotto y al secretario de Asuntos Relativos a Islas Malvinas, Daniel Filmus, tras remarcar que &#8220;hemos levantado persianas para volver a la dignidad del trabajo con un mercado interno que es un pilar fundamental de este proyecto&#8221;.<\/p>\n<p>Ante m\u00e1s de 10 mil personas, el pre candidato a presidente, asegur\u00f3\u00a0 tambi\u00e9n que &#8220;ha llegado la hora de que los bancos privados tengan que poner la barba en remojo y mirar m\u00e1s su balance con responsabilidad social, y comprometerse con pol\u00edticas como el Pro.Cre.Ar para que cada familia tenga su vivienda, cada campesino su pedazo de tierra y el trabajo cada vez con m\u00e1s derechos&#8221;.<\/p>\n<p>&#8220;Voy a defender la industria nacional convencido de que todo se puede fabricar en nuestro pa\u00eds, porque tenemos la materia gris y la materia prima&#8221;, agreg\u00f3 Scioli durante la recorrida, en la que se encontr\u00f3 con Sergio S\u00e1nchez, el cartonero de Villa Fiorito que viaj\u00f3 a Roma a la asunci\u00f3n del Papa Francisco por pedido de la Iglesia.<\/p>\n<p>En este marco, Scioli adelant\u00f3 que &#8220;vamos a proyectar el d\u00eda de ma\u00f1ana un Ministerio de la Econom\u00eda Popular para cumplir el sue\u00f1o del Papa Francisco. Lo tengo en mi agenda&#8221;, al tiempo que record\u00f3 &#8220;las 200 f\u00e1bricas recuperadas en la Provincia, y la cantidad de persianas que se han abierto&#8221;.<\/p>\n<p>Por otro lado en declaraciones a Radio La Red se refiri\u00f3 a las dichos\u00a0de Karina Rabolini, quien asegur\u00f3 que le gustar\u00eda que Randazzo integre el gabinete de Scioli, y asegur\u00f3 que\u00a0tiene &#8220;esp\u00edritu integrador&#8221; y busca &#8220;aunar posiciones&#8221;.<\/p>\n<p>&#8220;Karina es mi compa\u00f1era desde hace 30 a\u00f1os y ella tiene un conocimiento desde lo personal, lo pol\u00edtico y lo familiar en cuanto a mi esp\u00edritu integrador y de aunar posiciones&#8221; reafirm\u00f3 el candidato y se\u00f1al\u00f3 que\u00a0tendr\u00e1 como &#8220;eje central&#8221; de su gesti\u00f3n el tema del transporte y, en especial, el ferrocarril; y reiter\u00f3 su &#8220;reconocimiento al trabajo que viene realizando&#8221; Randazzo y que &#8220;le ha confiado la presidenta&#8221;.<\/p>\n<p>&nbsp;<br \/>\n<iframe loading=\"lazy\" src=\"\/\/radiocut.fm\/audiocut\/embed\/mini\/scioli-sobre-la-posibilidad-de-que-randazzo-integre-su-gabinete\" width=\"100%\" height=\"65px\" frameborder=\"no\" scrolling=\"no\"><\/iframe><\/p>\n<p>&nbsp;<\/p>","protected":false},"excerpt":{"rendered":"<p>El precandidato a presidente de la Naci\u00f3n por el FpV, Daniel Scioli, se comprometi\u00f3 hoy &#8220;a seguir ampliando derechos para llegar al trabajo digno y luchar contra el trabajo informal&#8221;, tras recorrer IMPA, la primera f\u00e1brica recuperada por los movimientos cooperativos de la Ciudad, junto al coordinador del Movimiento Nacional de Empresas Recuperadas y trabajador [&hellip;]<\/p>\n","protected":false},"author":4,"featured_media":0,"comment_status":"open","ping_status":"open","sticky":false,"template":"","format":"standard","meta":{"site-sidebar-layout":"default","site-content-layout":"","ast-site-content-layout":"default","site-content-style":"default","site-sidebar-style":"default","ast-global-header-display":"","ast-banner-title-visibility":"","ast-main-header-display":"","ast-hfb-above-header-display":"","ast-hfb-below-header-display":"","ast-hfb-mobile-header-display":"","site-post-title":"","ast-breadcrumbs-content":"","ast-featured-img":"","footer-sml-layout":"","ast-disable-related-posts":"","theme-transparent-header-meta":"","adv-header-id-meta":"","stick-header-meta":"","header-above-stick-meta":"","header-main-stick-meta":"","header-below-stick-meta":"","astra-migrate-meta-layouts":"default","ast-page-background-enabled":"default","ast-page-background-meta":{"desktop":{"background-color":"","background-image":"","background-repeat":"repeat","background-position":"center center","background-size":"auto","background-attachment":"scroll","background-type":"","background-media":"","overlay-type":"","overlay-color":"","overlay-opacity":"","overlay-gradient":""},"tablet":{"background-color":"","background-image":"","background-repeat":"repeat","background-position":"center center","background-size":"auto","background-attachment":"scroll","background-type":"","background-media":"","overlay-type":"","overlay-color":"","overlay-opacity":"","overlay-gradient":""},"mobile":{"background-color":"","background-image":"","background-repeat":"repeat","background-position":"center center","background-size":"auto","background-attachment":"scroll","background-type":"","background-media":"","overlay-type":"","overlay-color":"","overlay-opacity":"","overlay-gradient":""}},"ast-content-background-meta":{"desktop":{"background-color":"var(--ast-global-color-5)","background-image":"","background-repeat":"repeat","background-position":"center center","background-size":"auto","background-attachment":"scroll","background-type":"","background-media":"","overlay-type":"","overlay-color":"","overlay-opacity":"","overlay-gradient":""},"tablet":{"background-color":"var(--ast-global-color-5)","background-image":"","background-repeat":"repeat","background-position":"center center","background-size":"auto","background-attachment":"scroll","background-type":"","background-media":"","overlay-type":"","overlay-color":"","overlay-opacity":"","overlay-gradient":""},"mobile":{"background-color":"var(--ast-global-color-5)","background-image":"","background-repeat":"repeat","background-position":"center center","background-size":"auto","background-attachment":"scroll","background-type":"","background-media":"","overlay-type":"","overlay-color":"","overlay-opacity":"","overlay-gradient":""}},"footnotes":""},"categories":[1],"tags":[887,1807,30,1809,1808,32,1805,1806,1166],"class_list":["post-5887","post","type-post","status-publish","format-standard","hentry","category-sin-categoria","tag-chino-navarro","tag-daniel-filmus","tag-daniel-scioli","tag-economia-popular","tag-emilio-persico","tag-gabriel-mariotto","tag-impa","tag-jorge-taiana","tag-karina-rabolini"],"spectra_blocks_featured_image_url":null,"spectra_blocks_author_info":{"display_name":"Facundo Novillo","avatar_url":"https:\/\/secure.gravatar.com\/avatar\/09745bc65ce6bf84291d6515d5f759c04b4fce4f329b8a975a8ac2982b552d3e?s=96&d=mm&r=g","author_link":"https:\/\/100xd.com.ar\/es\/author\/facundo\/","description":""},"_links":{"self":[{"href":"https:\/\/100xd.com.ar\/es\/wp-json\/wp\/v2\/posts\/5887","targetHints":{"allow":["GET"]}}],"collection":[{"href":"https:\/\/100xd.com.ar\/es\/wp-json\/wp\/v2\/posts"}],"about":[{"href":"https:\/\/100xd.com.ar\/es\/wp-json\/wp\/v2\/types\/post"}],"author":[{"embeddable":true,"href":"https:\/\/100xd.com.ar\/es\/wp-json\/wp\/v2\/users\/4"}],"replies":[{"embeddable":true,"href":"https:\/\/100xd.com.ar\/es\/wp-json\/wp\/v2\/comments?post=5887"}],"version-history":[{"count":4,"href":"https:\/\/100xd.com.ar\/es\/wp-json\/wp\/v2\/posts\/5887\/revisions"}],"predecessor-version":[{"id":5917,"href":"https:\/\/100xd.com.ar\/es\/wp-json\/wp\/v2\/posts\/5887\/revisions\/5917"}],"wp:attachment":[{"href":"https:\/\/100xd.com.ar\/es\/wp-json\/wp\/v2\/media?parent=5887"}],"wp:term":[{"taxonomy":"category","embeddable":true,"href":"https:\/\/100xd.com.ar\/es\/wp-json\/wp\/v2\/categories?post=5887"},{"taxonomy":"post_tag","embeddable":true,"href":"https:\/\/100xd.com.ar\/es\/wp-json\/wp\/v2\/tags?post=5887"}],"curies":[{"name":"wp","href":"https:\/\/api.w.org\/{rel}","templated":true}]}}