{"id":58582,"date":"2021-11-01T11:23:29","date_gmt":"2021-11-01T14:23:29","guid":{"rendered":"http:\/\/www.100xd.com.ar\/?p=58582"},"modified":"2021-11-01T11:23:34","modified_gmt":"2021-11-01T14:23:34","slug":"con-optimismo-tras-reunirse-con-georgieva-alberto-fernandez-celebra-negociar-con-firmeza","status":"publish","type":"post","link":"https:\/\/100xd.com.ar\/es\/con-optimismo-tras-reunirse-con-georgieva-alberto-fernandez-celebra-negociar-con-firmeza\/","title":{"rendered":"Con optimismo tras reunirse con Georgieva, Alberto Fern\u00e1ndez celebra &#8220;negociar con firmeza&#8221;"},"content":{"rendered":"<p><strong>Kristalina Georgieva<\/strong>\u00a0lleg\u00f3 puntual a la cita en la embajada argentina en Roma en donde esper\u00f3 a\u00a0<a href=\"https:\/\/www.perfil.com\/noticias\/actualidad\/en-su-primera-intervencion-en-el-g-20-alberto-fernandez-hablo-de-desigualdad-y-dijo-que-esta-mal-la-deuda-con-el-fmi.phtml\" target=\"_blank\"><strong>Alberto Fern\u00e1ndez<\/strong><\/a>\u00a0que lleg\u00f3 demorado al encuentro por las cinco reuniones bilaterales que mantuvo en el marco de la\u00a0<a href=\"https:\/\/www.perfil.com\/noticias\/actualidad\/en-la-foto-de-familia-alberto-fernandez-quedo-en-la-primera-fila-al-lado-de-jair-bolsonaro.phtml\" target=\"_blank\"><strong>Cumbre del G-20<\/strong><\/a>. El encuentro, que dur\u00f3 90 minutos, fue le\u00eddo como positivo para las dos delegaciones.<\/p>\n<p>Antes de pisar suelo romano, el Presidente aseguraba en la intimidad que en el encuentro le dir\u00eda a la titular del\u00a0<strong>Fondo Monetario Internacional<\/strong>\u00a0lo que repite desde que es candidato a presidente. Esto, en palabras del jefe de Estado, significa que\u00a0<strong>Argentina se har\u00e1 cargo de la firma de Macri pero que el FMI debe hacerse cargo de la responsabilidad de Lagarde en un cr\u00e9dito otorgado \u201cdesde la Casa Blanca\u201d.<\/strong><\/p>\n<p>Ayer, en su primer discurso en la sesi\u00f3n \u201cEconom\u00eda global y salud global\u201d en el que los l\u00edderes de la Cumbre tuvieron tres minutos para hablar, Fern\u00e1ndez plante\u00f3 que \u201cel actual sistema, que prioriza a la especulaci\u00f3n por sobre el desarrollo de los pueblos, debe cambiar\u201d. \u201cLa\u00a0<strong>deuda externa que mi gobierno hered\u00f3<\/strong>\u00a0con el\u00a0<a href=\"https:\/\/www.perfil.com\/noticias\/actualidad\/comenzo-la-candente-reunion-de-alberto-fernandez-con-kristalina-georgieva-en-roma.phtml\" target=\"_blank\">Fondo Monetario Internacional<\/a>\u00a0y que hoy estamos afrontando es un claro ejemplo de lo que\u00a0<strong>est\u00e1 mal<\/strong>: \u00fanica en la historia por su monto y por sus condiciones de repago, aprobada para favorecer a un gobierno en la coyuntura, acaba condenando a generaciones que miran imp\u00e1vida el destino que le ha sido impuesto\u201d, asever\u00f3.<\/p>\n<p class=\"destacadoNota\"><a href=\"https:\/\/www.perfil.com\/noticias\/actualidad\/en-su-primera-intervencion-en-el-g-20-alberto-fernandez-hablo-de-desigualdad-y-dijo-que-esta-mal-la-deuda-con-el-fmi.phtml\" target=\"_blank\">En la apertura del G-20, Alberto Fern\u00e1ndez habl\u00f3 de desigualdad y dijo que &#8220;est\u00e1 mal&#8221; la deuda con el FMI<\/a><\/p>\n<p>El jefe de Estado llev\u00f3 su voz sobre la negociaci\u00f3n con el organismo internacional a cada una de las reuniones que tuvo. El objetivo es que el\u00a0<strong>documento final que emitan ma\u00f1ana los\u00a0<a href=\"https:\/\/www.perfil.com\/noticias\/politica\/en-roma-el-presidente-mantuvo-encuentros-bilaterales-con-merkel-macron-sanchez-y-las-maximas-autoridades-de-europa.phtml\" target=\"_blank\">l\u00edderes del G-20<\/a><\/strong>\u00a0haya un\u00a0<strong>p\u00e1rrafo dedicado a las deudas que distintos pa\u00edses mantienen con el FMI<\/strong>. El canciller\u00a0<strong>Santiago Cafiero<\/strong>\u00a0confirm\u00f3 que la palabra \u201csobrecargo\u201d figura en el borrador que ya circula.<\/p>\n<p>Esto significa que la Cumbre podr\u00eda ir en el mismo sentido que el encuentro que mantuvieron los ministros de Econom\u00eda de estos pa\u00edses en el que\u00a0<strong>aconsejaron al FMI analizar una baja en las sobrecargas<\/strong>. Si los l\u00edderes mundiales se expresan en este sentido, al directorio del organismo no le quedar\u00eda otra alternativa que tratar el tema en la pr\u00f3xima reuni\u00f3n de directorio que ser\u00eda en diciembre.<\/p>\n<p>Tal como adelant\u00f3\u00a0<strong>PERFIL<\/strong>, antes de aterrizar en Roma, el\u00a0<strong>Presidente se plante\u00f3 dos objetivos para esta gira<\/strong>. El primero tiene que ver con lograr un acuerdo para alcanzar una\u00a0<strong>baja de las sobretasas<\/strong>\u00a0que tiene nuestro pa\u00eds por tomar un cr\u00e9dito superior a la cuota que le corresponde como socio del FMI. Si se logra bajar ese monto del 3% al 1%, significar\u00eda para la Argentina un\u00a0<strong>ahorro anual de 900 millones de d\u00f3lares<\/strong>. En los diez a\u00f1os en que se deber\u00eda pagar la deuda, el\u00a0<strong>ahorro ser\u00eda de 9 mil millones de d\u00f3lares<\/strong>.<\/p>\n<div>\n<figure class=\"image\"><img decoding=\"async\" src=\"https:\/\/fotos.perfil.com\/\/2021\/10\/30\/900\/0\/kristalina-georgieva-llegando-a-la-reunion-con-alberto-fernandez-en-roma-1262260.jpg\" alt=\"Kristalina Georgieva, llegando a la reuni\u00f3n con Alberto Fern\u00e1ndez en Roma.\"  title=\"Con optimismo tras reunirse con Georgieva, Alberto Fern\u00e1ndez celebra &quot;negociar con firmeza&quot;\" \/><figcaption>Kristalina Georgieva, llegando a la reuni\u00f3n con Alberto Fern\u00e1ndez en Roma.<\/figcaption><\/figure>\n<\/div>\n<p>El segundo objetivo implica el apoyo del G-20 a la incorporaci\u00f3n de una cl\u00e1usula que detalle que si las condiciones de pr\u00e9stamos del organismo internacional mejoran en cuanto a<strong>\u00a0plazos e intereses<\/strong>, Argentina podr\u00e1 ingresar en ese sistema.<\/p>\n<p>\u201cBuen encuentro con la directora gerente del FMI, Kristalina Georgieva para avanzar en negociaciones que nos permitan salir del lugar social y econ\u00f3micamente insostenible en donde el gobierno que me precedi\u00f3 dej\u00f3 a nuestra amada Argentina.\u00a0<a href=\"https:\/\/www.perfil.com\/noticias\/actualidad\/alberto-fernandez-reunion-kristalina-georgieva-negociar-con-firmeza-es-recuperar-soberania.phtml\" target=\"_blank\"><strong>Negociar con firmeza es recuperar soberan\u00eda<\/strong><\/a>\u201d, dijo Alberto Fern\u00e1ndez sobre la reuni\u00f3n con Georgieva.<\/p>\n<p>Despu\u00e9s de los 90 minutos de charla, desde el Gobierno informaron que \u201cambas partes coincidieron en que \u201cfue una buena reuni\u00f3n\u201d. De esta forma se sigue negociando para alcanzar un acuerdo que permita a la Argentina repagar la deuda heredada de la gesti\u00f3n anterior. En los pr\u00f3ximos d\u00edas habr\u00e1 reuniones t\u00e9cnicas con el staff para continuar el proceso\u201d.<\/p>\n<p class=\"destacadoNota\"><a href=\"https:\/\/www.perfil.com\/noticias\/actualidad\/alberto-fernandez-reunion-kristalina-georgieva-negociar-con-firmeza-es-recuperar-soberania.phtml\" target=\"_blank\">Alberto Fern\u00e1ndez tras la reuni\u00f3n con Georgieva: \u201cNegociar con firmeza es recuperar soberan\u00eda\u201d<\/a><\/p>\n<p>Despu\u00e9s del primer d\u00eda en Roma, el\u00a0<strong>clima en la comitiva presidencial era de optimismo<\/strong>. Tiene que ver con que esperan volver a la Argentina con el respaldo de los l\u00edderes de las veinte potencias del mundo que concentran el 80% de la riqueza y el 60% de la poblaci\u00f3n. Este apoyo ir\u00eda m\u00e1s all\u00e1 de las charlas bilaterales ya que esta vez estar\u00e1 plasmado en el documento final que se dar\u00e1 a conocer este domingo. Llevar\u00e1 la firma de\u00a0<strong>Joe Biden<\/strong>, presidente de Estados Unidos, pa\u00eds que tiene el 16,74% de las acciones en el FMI. \u201cEso es mucho m\u00e1s importante que la\u00a0<a href=\"https:\/\/www.perfil.com\/noticias\/actualidad\/fernandez-tuvo-un-encuentro-casual-con-biden-y-bolsonaro-hizo-bromas-por-el-futbol.phtml\" target=\"_blank\">charla casual que tuvo con Alberto Fern\u00e1ndez en la Cumbre<\/a>. Si Estados Unidos firma y ya conseguimos el apoyo de Alemania que tiene el 6% de las acciones y otros pa\u00edses como Espa\u00f1a, Francia y Rusia nos acompa\u00f1ar\u00e1n el FMI est\u00e1 obligado a avanzar en bajar las sobrecargas. Es una negociaci\u00f3n dura y vamos a salir\u00a0fortalecidos de ella\u201d, evaluaron desde la comitiva de Roma.<\/p>\n<p>Fuente:<a href=\"https:\/\/www.perfil.com\/\"> Perfil.com<\/a><\/p>","protected":false},"excerpt":{"rendered":"<p>Kristalina Georgieva\u00a0lleg\u00f3 puntual a la cita en la embajada argentina en Roma en donde esper\u00f3 a\u00a0Alberto Fern\u00e1ndez\u00a0que lleg\u00f3 demorado al encuentro por las cinco reuniones bilaterales que mantuvo en el marco de la\u00a0Cumbre del G-20. El encuentro, que dur\u00f3 90 minutos, fue le\u00eddo como positivo para las dos delegaciones. Antes de pisar suelo romano, el [&hellip;]<\/p>\n","protected":false},"author":4,"featured_media":0,"comment_status":"open","ping_status":"open","sticky":false,"template":"","format":"standard","meta":{"site-sidebar-layout":"default","site-content-layout":"","ast-site-content-layout":"default","site-content-style":"default","site-sidebar-style":"default","ast-global-header-display":"","ast-banner-title-visibility":"","ast-main-header-display":"","ast-hfb-above-header-display":"","ast-hfb-below-header-display":"","ast-hfb-mobile-header-display":"","site-post-title":"","ast-breadcrumbs-content":"","ast-featured-img":"","footer-sml-layout":"","ast-disable-related-posts":"","theme-transparent-header-meta":"","adv-header-id-meta":"","stick-header-meta":"","header-above-stick-meta":"","header-main-stick-meta":"","header-below-stick-meta":"","astra-migrate-meta-layouts":"default","ast-page-background-enabled":"default","ast-page-background-meta":{"desktop":{"background-color":"","background-image":"","background-repeat":"repeat","background-position":"center center","background-size":"auto","background-attachment":"scroll","background-type":"","background-media":"","overlay-type":"","overlay-color":"","overlay-opacity":"","overlay-gradient":""},"tablet":{"background-color":"","background-image":"","background-repeat":"repeat","background-position":"center center","background-size":"auto","background-attachment":"scroll","background-type":"","background-media":"","overlay-type":"","overlay-color":"","overlay-opacity":"","overlay-gradient":""},"mobile":{"background-color":"","background-image":"","background-repeat":"repeat","background-position":"center center","background-size":"auto","background-attachment":"scroll","background-type":"","background-media":"","overlay-type":"","overlay-color":"","overlay-opacity":"","overlay-gradient":""}},"ast-content-background-meta":{"desktop":{"background-color":"var(--ast-global-color-5)","background-image":"","background-repeat":"repeat","background-position":"center center","background-size":"auto","background-attachment":"scroll","background-type":"","background-media":"","overlay-type":"","overlay-color":"","overlay-opacity":"","overlay-gradient":""},"tablet":{"background-color":"var(--ast-global-color-5)","background-image":"","background-repeat":"repeat","background-position":"center center","background-size":"auto","background-attachment":"scroll","background-type":"","background-media":"","overlay-type":"","overlay-color":"","overlay-opacity":"","overlay-gradient":""},"mobile":{"background-color":"var(--ast-global-color-5)","background-image":"","background-repeat":"repeat","background-position":"center center","background-size":"auto","background-attachment":"scroll","background-type":"","background-media":"","overlay-type":"","overlay-color":"","overlay-opacity":"","overlay-gradient":""}},"footnotes":""},"categories":[2],"tags":[],"class_list":["post-58582","post","type-post","status-publish","format-standard","hentry","category-politica"],"spectra_blocks_featured_image_url":null,"spectra_blocks_author_info":{"display_name":"Facundo Novillo","avatar_url":"https:\/\/secure.gravatar.com\/avatar\/09745bc65ce6bf84291d6515d5f759c04b4fce4f329b8a975a8ac2982b552d3e?s=96&d=mm&r=g","author_link":"https:\/\/100xd.com.ar\/es\/author\/facundo\/","description":""},"_links":{"self":[{"href":"https:\/\/100xd.com.ar\/es\/wp-json\/wp\/v2\/posts\/58582","targetHints":{"allow":["GET"]}}],"collection":[{"href":"https:\/\/100xd.com.ar\/es\/wp-json\/wp\/v2\/posts"}],"about":[{"href":"https:\/\/100xd.com.ar\/es\/wp-json\/wp\/v2\/types\/post"}],"author":[{"embeddable":true,"href":"https:\/\/100xd.com.ar\/es\/wp-json\/wp\/v2\/users\/4"}],"replies":[{"embeddable":true,"href":"https:\/\/100xd.com.ar\/es\/wp-json\/wp\/v2\/comments?post=58582"}],"version-history":[{"count":2,"href":"https:\/\/100xd.com.ar\/es\/wp-json\/wp\/v2\/posts\/58582\/revisions"}],"predecessor-version":[{"id":58585,"href":"https:\/\/100xd.com.ar\/es\/wp-json\/wp\/v2\/posts\/58582\/revisions\/58585"}],"wp:attachment":[{"href":"https:\/\/100xd.com.ar\/es\/wp-json\/wp\/v2\/media?parent=58582"}],"wp:term":[{"taxonomy":"category","embeddable":true,"href":"https:\/\/100xd.com.ar\/es\/wp-json\/wp\/v2\/categories?post=58582"},{"taxonomy":"post_tag","embeddable":true,"href":"https:\/\/100xd.com.ar\/es\/wp-json\/wp\/v2\/tags?post=58582"}],"curies":[{"name":"wp","href":"https:\/\/api.w.org\/{rel}","templated":true}]}}