{"id":58091,"date":"2021-10-15T12:51:08","date_gmt":"2021-10-15T15:51:08","guid":{"rendered":"http:\/\/www.100xd.com.ar\/?p=58091"},"modified":"2021-10-15T12:51:14","modified_gmt":"2021-10-15T15:51:14","slug":"la-agonia-del-kirchnerismo","status":"publish","type":"post","link":"https:\/\/100xd.com.ar\/es\/la-agonia-del-kirchnerismo\/","title":{"rendered":"La agon\u00eda del kirchnerismo"},"content":{"rendered":"<p class=\"com-paragraph --capital --s\">La\u00a0<a class=\"com-link\" title=\"tormenta de viento y tierra\" href=\"https:\/\/www.lanacion.com.ar\/sociedad\/casi-se-vuelan-kicillof-katopodis-y-tolosa-paz-inauguraban-una-ruta-cuando-se-desato-una-tormenta-de-nid14102021\/\" target=\"_self\" data-reactroot=\"\">tormenta de viento y tierra<\/a>\u00a0que ayer empa\u00f1\u00f3 el acto p\u00fablico que encabezaban\u00a0<strong>Victoria Tolosa Paz\u00a0<\/strong>y<strong>\u00a0Axel Kicillof<\/strong>\u00a0en Ezeiza pareci\u00f3 un indicador de que ni siquiera el tiempo acompa\u00f1a al\u00a0<strong>Frente de Todos<\/strong>\u00a0de cara a los comicios generales del 14 de noviembre. Pero lo peor para la coalici\u00f3n gobernante es que,\u00a0<mark class=\"hl_underline\"><strong>al menos hasta hoy, a un mes de las elecciones, tampoco las encuestas de opini\u00f3n p\u00fablica alientan buenas expectativas para el oficialismo<\/strong><\/mark>.<\/p>\n<p class=\"com-paragraph --s\">Por caso, el \u00faltimo sondeo de opini\u00f3n p\u00fablica llevado a cabo por la consultora\u00a0<strong>Federico Gonz\u00e1lez y Asociados<\/strong>\u00a0en la provincia de Buenos Aires (3000 casos mediante un mix de encuestas presenciales y online, relevados entre el 3 y el 9 de octubre) le sigue dando a la lista de diputados nacionales de\u00a0<strong>Juntos por el Cambio<\/strong>, encabezada por\u00a0<strong>Diego Santilli<\/strong>, una ventaja del 36,3% contra el 30,6% del\u00a0<strong>Frente de Todos<\/strong>. M\u00e1s lejos, figuran las listas encabezadas por\u00a0<strong>Jos\u00e9 Luis Espert<\/strong>, con el 5%;\u00a0<strong>Florencio Randazzo<\/strong>, con el 4,3%;\u00a0<strong>Nicol\u00e1s del Ca\u00f1o<\/strong>, con el 4%, y\u00a0<strong>Cynthia Hotton<\/strong>, con el 1,4%.<\/p>\n<p class=\"com-paragraph --s\">Pero si se descuenta el 4,7% de quienes dicen que votar\u00e1n en blanco y se proyecta el 13,7% de quienes no saben a qu\u00e9 partido votar,\u00a0<mark class=\"hl_underline\"><strong>la ventaja de Santilli sobre Tolosa Paz se estirar\u00eda a 7,1 puntos: 44,5% contra 37,4%.<\/strong><\/mark><\/p>\n<div class=\"content-media\">\n<section class=\"mod-media --zoom\">\n<figure class=\"mod-figure --horizontal\"><picture class=\"mod-picture\"><source srcset=\"https:\/\/resizer.glanacion.com\/resizer\/1i4B6wDqDs1EsxvNK11ke9kvnZo=\/879x0\/filters:quality(80)\/cloudfront-us-east-1.images.arcpublishing.com\/lanacionar\/OQ3JG4G6DNA2FNCGMVN55NNKL4.JPG\" media=\"(min-width: 1280px)\" \/><source srcset=\"https:\/\/resizer.glanacion.com\/resizer\/ZCH8rvtNgRUwrxO5TuTAE3CHzWg=\/690x0\/filters:quality(80)\/cloudfront-us-east-1.images.arcpublishing.com\/lanacionar\/OQ3JG4G6DNA2FNCGMVN55NNKL4.JPG\" media=\"(min-width: 1024px)\" \/><source srcset=\"https:\/\/resizer.glanacion.com\/resizer\/KvFIheQAPBo_HoQ43lolUTquwiI=\/768x0\/filters:quality(80)\/cloudfront-us-east-1.images.arcpublishing.com\/lanacionar\/OQ3JG4G6DNA2FNCGMVN55NNKL4.JPG\" media=\"(min-width: 768px)\" \/><source srcset=\"https:\/\/resizer.glanacion.com\/resizer\/cnMs6IMxKZRflqQAi_xQBHe132Y=\/350x0\/filters:quality(80)\/cloudfront-us-east-1.images.arcpublishing.com\/lanacionar\/OQ3JG4G6DNA2FNCGMVN55NNKL4.JPG\" media=\"(min-width: 360px)\" \/><source srcset=\"https:\/\/resizer.glanacion.com\/resizer\/-qXBE782VD1uh4VQBymrH2_IYbs=\/310x0\/filters:quality(80)\/cloudfront-us-east-1.images.arcpublishing.com\/lanacionar\/OQ3JG4G6DNA2FNCGMVN55NNKL4.JPG\" media=\"(min-width: 320px)\" \/><img loading=\"lazy\" decoding=\"async\" class=\"com-image\" src=\"https:\/\/resizer.glanacion.com\/resizer\/KvFIheQAPBo_HoQ43lolUTquwiI=\/768x0\/filters:quality(80)\/cloudfront-us-east-1.images.arcpublishing.com\/lanacionar\/OQ3JG4G6DNA2FNCGMVN55NNKL4.JPG\" srcset=\"\" alt=\"Encuesta de intenci\u00f3n de voto\" width=\"951\" height=\"531\"  title=\"La agon\u00eda del kirchnerismo\" \/><\/picture><figcaption class=\"mod-figcaption\"><span class=\"com-text --caption --twoxs\">Encuesta de intenci\u00f3n de voto<\/span><\/figcaption><\/figure>\n<\/section>\n<\/div>\n<p class=\"com-paragraph --s\">Las noticias procedentes del interior del pa\u00eds tampoco son buenas para la coalici\u00f3n kirchnerista. La\u00a0<strong>consultora CB<\/strong>\u00a0realiz\u00f3 del 9 al 12 de octubre una encuesta en\u00a0<strong>C\u00f3rdoba<\/strong>\u00a0entre 1021 personas, con un resultado concluyente. Con la proyecci\u00f3n del voto del 12,6% de indecisos, le asigna a la lista de\u00a0<strong>Juntos por el Cambio<\/strong>, liderada por\u00a0<strong>Luis Juez<\/strong>\u00a0y\u00a0<strong>Rodrigo De Loredo<\/strong>, una intenci\u00f3n de voto del 53,5%, contra el 25,7% de la n\u00f3mina de\u00a0<strong>Hacemos por C\u00f3rdoba<\/strong>, encabezada por\u00a0<strong>Alejandra Vigo<\/strong>\u00a0y\u00a0<strong>Natalia de la Sota<\/strong>, y solo el 7,7% de la del\u00a0<strong>Frente de Todos<\/strong>, conformada por\u00a0<strong>Carlos Caserio<\/strong>\u00a0y\u00a0<strong>Mart\u00edn Gill<\/strong>.<\/p>\n<p class=\"com-paragraph --s\">De este modo, en la provincia mediterr\u00e1nea se proyecta que\u00a0<strong>Luis Juez<\/strong>\u00a0estar\u00eda muy cerca de obtener un resultado hist\u00f3rico, dado que su caudal electoral no solo suma los votos de\u00a0<strong>Mario Negri<\/strong>\u00a0\u2013su competidor en las PASO\u00ac\u2013, sino tambi\u00e9n electores de fuerzas m\u00e1s peque\u00f1as que aspirar\u00edan a darle un mensaje a\u00a0<strong>Cristina Kirchner<\/strong>\u00a0y al gobierno de\u00a0<strong>Alberto Fern\u00e1ndez<\/strong>\u00a0en las urnas. La lista del gobernador\u00a0<strong>Juan Schiaretti<\/strong>, Hacemos por C\u00f3rdoba, estar\u00eda cumpliendo su objetivo de recuperar una banca de senador y mantener diputados nacionales, en tanto que\u00a0<mark class=\"hl_underline\"><strong>el Frente de Todos exhibe una ca\u00edda respecto de las primarias abiertas y pone en riesgo la \u00fanica banca que est\u00e1 en juego en la C\u00e1mara baja<\/strong><\/mark>. M\u00e1s a\u00fan, seg\u00fan se\u00f1ala la consultora que dirige\u00a0<strong>Cristian Buttl\u00e9<\/strong>, las medidas econ\u00f3micas del gobierno nacional no estar\u00edan impactando de la manera esperada por el oficialismo y\u00a0<mark class=\"hl_underline\"><strong>se observa un traslado de intendentes y dirigentes K hacia las filas del schiarettismo, al tiempo que podr\u00eda registrarse la peor elecci\u00f3n del peronismo kirchnerista en la historia de C\u00f3rdoba<\/strong><\/mark>.<\/p>\n<p class=\"com-paragraph --s\">En opini\u00f3n del consultor\u00a0<strong>Federico Gonz\u00e1lez<\/strong>,\u00a0<mark class=\"hl_underline\"><strong>la derrota del oficialismo en las PASO ser\u00e1 muy dif\u00edcil de revertir en la provincia de Buenos Aires<\/strong><\/mark>, pese a la inyecci\u00f3n de recursos que se est\u00e1n volcando para seducir a votantes que, en 2019, se inclinaron por la f\u00f3rmula\u00a0<strong>Alberto Fern\u00e1ndez-Cristina Kirchner<\/strong>, y que en las primarias le dieron la espalda al\u00a0<strong>Frente de Todos<\/strong>. Desde su perspectiva, hay un error de diagn\u00f3stico post PASO, por cuanto el Gobierno se hizo eco del mensaje de la vicepresidenta, de acuerdo con el cual hab\u00eda funcionarios que no funcionaban, y se procedi\u00f3 a hacer cambios en el gabinete. \u201cEl problema es que Cristina no se hace cargo de que ella es tambi\u00e9n parte del fracaso\u201d, sentenci\u00f3 Gonz\u00e1lez.<\/p>\n<div class=\"content-media\">\n<section class=\"mod-media --zoom\">\n<figure class=\"mod-figure --horizontal\"><picture class=\"mod-picture\"><source srcset=\"https:\/\/resizer.glanacion.com\/resizer\/f6txbIILmIxTtElliDGedgPz8fI=\/879x0\/filters:quality(80)\/cloudfront-us-east-1.images.arcpublishing.com\/lanacionar\/6HNRXZV4ONHB7IQL454CSOGQWQ.JPG\" media=\"(min-width: 1280px)\" \/><source srcset=\"https:\/\/resizer.glanacion.com\/resizer\/orzKlVKYFE0EzrYFcHFYRCHxZ3Q=\/690x0\/filters:quality(80)\/cloudfront-us-east-1.images.arcpublishing.com\/lanacionar\/6HNRXZV4ONHB7IQL454CSOGQWQ.JPG\" media=\"(min-width: 1024px)\" \/><source srcset=\"https:\/\/resizer.glanacion.com\/resizer\/g9bMenhKgZ6iPKSpUyJSKaS7DIA=\/768x0\/filters:quality(80)\/cloudfront-us-east-1.images.arcpublishing.com\/lanacionar\/6HNRXZV4ONHB7IQL454CSOGQWQ.JPG\" media=\"(min-width: 768px)\" \/><source srcset=\"https:\/\/resizer.glanacion.com\/resizer\/5NWpLv2xYUWAgXm1rypYjaR0eDE=\/350x0\/filters:quality(80)\/cloudfront-us-east-1.images.arcpublishing.com\/lanacionar\/6HNRXZV4ONHB7IQL454CSOGQWQ.JPG\" media=\"(min-width: 360px)\" \/><source srcset=\"https:\/\/resizer.glanacion.com\/resizer\/9T4SX1HU2XUJwF-mVEsHZ54Cfr8=\/310x0\/filters:quality(80)\/cloudfront-us-east-1.images.arcpublishing.com\/lanacionar\/6HNRXZV4ONHB7IQL454CSOGQWQ.JPG\" media=\"(min-width: 320px)\" \/><img loading=\"lazy\" decoding=\"async\" class=\"com-image\" src=\"https:\/\/resizer.glanacion.com\/resizer\/g9bMenhKgZ6iPKSpUyJSKaS7DIA=\/768x0\/filters:quality(80)\/cloudfront-us-east-1.images.arcpublishing.com\/lanacionar\/6HNRXZV4ONHB7IQL454CSOGQWQ.JPG\" srcset=\"\" alt=\"Encuesta: sobre las razones para votar al Frente de Todos\" width=\"942\" height=\"522\"  title=\"La agon\u00eda del kirchnerismo\" \/><\/picture><figcaption class=\"mod-figcaption\"><span class=\"com-text --caption --twoxs\">Encuesta: sobre las razones para votar al Frente de Todos<\/span><\/figcaption><\/figure>\n<\/section>\n<\/div>\n<p class=\"com-paragraph --s\">Su \u00faltimo sondeo revela que, cuando se les pregunta a los encuestados por qu\u00e9 razones no votar\u00edan al\u00a0<strong>Frente de Todos<\/strong>\u00a0la primera motivaci\u00f3n que surge, con el 31,2% de menciones, es que \u201cest\u00e1 Cristina Kirchner\u201d. En cambio, un 17% de menciones aluden a que \u201cest\u00e1 Alberto Fern\u00e1ndez\u201d. En el medio se ubican quienes se\u00f1alan que no se identifican con ese espacio pol\u00edtico (30,4%) y quienes esgrimen que \u201ces un espacio kirchnerista\u201d (25,7%).<\/p>\n<p class=\"com-paragraph --s\">Entre las razones que dan los encuestados por Federico Gonz\u00e1lez y Asociados para votar al\u00a0<strong>Frente de Todos<\/strong>, la m\u00e1s mencionada es el deseo de \u201cque no gane un espacio macrista, de Cambiemos, de derecha o liberal\u201d (22,7%). Solo el 15,6% de menciones aducen que \u201cest\u00e1 Cristina Kirchner\u201d.<\/p>\n<p class=\"com-paragraph --s\">En otras palabras,\u00a0<mark class=\"hl_underline\"><strong>puede conjeturarse que la intenci\u00f3n de voto al Frente de Todos se justifica mucho m\u00e1s por el rechazo al macrismo por parte de esos electores que por fidelidad a la vicepresidenta de la Naci\u00f3n<\/strong><\/mark>.<\/p>\n<div class=\"content-media\">\n<section class=\"mod-media --zoom\">\n<figure class=\"mod-figure --horizontal\"><picture class=\"mod-picture\"><source srcset=\"https:\/\/resizer.glanacion.com\/resizer\/0Y-GuPf5JfhAo6CyilrTy3HYfv8=\/879x0\/filters:quality(80)\/cloudfront-us-east-1.images.arcpublishing.com\/lanacionar\/RXLHAWCE3RADLATGYP3K2WBKU4.JPG\" media=\"(min-width: 1280px)\" \/><source srcset=\"https:\/\/resizer.glanacion.com\/resizer\/Yo8e9oy75fjr73CwD9UkHM0PInU=\/690x0\/filters:quality(80)\/cloudfront-us-east-1.images.arcpublishing.com\/lanacionar\/RXLHAWCE3RADLATGYP3K2WBKU4.JPG\" media=\"(min-width: 1024px)\" \/><source srcset=\"https:\/\/resizer.glanacion.com\/resizer\/YlWN-rAzt5FRXpOrwUGi7hlZv1U=\/768x0\/filters:quality(80)\/cloudfront-us-east-1.images.arcpublishing.com\/lanacionar\/RXLHAWCE3RADLATGYP3K2WBKU4.JPG\" media=\"(min-width: 768px)\" \/><source srcset=\"https:\/\/resizer.glanacion.com\/resizer\/GsHbz15F4muaBMTqKfX0mdVvgtw=\/350x0\/filters:quality(80)\/cloudfront-us-east-1.images.arcpublishing.com\/lanacionar\/RXLHAWCE3RADLATGYP3K2WBKU4.JPG\" media=\"(min-width: 360px)\" \/><source srcset=\"https:\/\/resizer.glanacion.com\/resizer\/njDMHD1Xd2SIpDzH9aiy9zm8nxs=\/310x0\/filters:quality(80)\/cloudfront-us-east-1.images.arcpublishing.com\/lanacionar\/RXLHAWCE3RADLATGYP3K2WBKU4.JPG\" media=\"(min-width: 320px)\" \/><img loading=\"lazy\" decoding=\"async\" class=\"com-image\" src=\"https:\/\/resizer.glanacion.com\/resizer\/YlWN-rAzt5FRXpOrwUGi7hlZv1U=\/768x0\/filters:quality(80)\/cloudfront-us-east-1.images.arcpublishing.com\/lanacionar\/RXLHAWCE3RADLATGYP3K2WBKU4.JPG\" srcset=\"\" alt=\"Razones para no votar al Frente de Todos\" width=\"937\" height=\"520\"  title=\"La agon\u00eda del kirchnerismo\" \/><\/picture><figcaption class=\"mod-figcaption\"><span class=\"com-text --caption --twoxs\">Razones para no votar al Frente de Todos<\/span><\/figcaption><\/figure>\n<\/section>\n<\/div>\n<p class=\"com-paragraph --s\">Del mismo modo, en los \u00faltimos tiempos, en el rechazo de la sociedad a las medidas del gobierno nacional prevalece la negatividad frente a no pocas decisiones en las que se ha advertido la sombra de la ideolog\u00eda de\u00a0<strong>Cristina Kirchner<\/strong>\u00a0y sus ac\u00f3litos. Es as\u00ed como la liberaci\u00f3n de presos suscit\u00f3 el rechazo del 86% de la poblaci\u00f3n, el intento de privatizaci\u00f3n de la empresa\u00a0<strong>Vicentin<\/strong>\u00a0mereci\u00f3 un 59% de desacuerdo y la proyectada reforma de la Justicia otro 58%, seg\u00fan Federico Gonz\u00e1lez.<\/p>\n<p class=\"com-paragraph --s\">En todas esas iniciativas ha influido el cristinismo, al igual que en la preferencia oficial por las vacunas de Rusia y China, que termin\u00f3 demorando la decisi\u00f3n de adquirir vacunas de los Estados Unidos, cuya llegada anticipada hubiera permitido ahorrar no pocas muertes por\u00a0<strong>coronavirus<\/strong>.<\/p>\n<p class=\"com-paragraph --s\">Los negativos datos sobre las proyecciones de intenci\u00f3n de voto para el oficialismo podr\u00edan haberse agravado en las \u00faltimas horas, por la desfavorable reacci\u00f3n que provoc\u00f3 el\u00a0<a class=\"com-link\" title=\"acto intimidatorio\" href=\"https:\/\/www.lanacion.com.ar\/editoriales\/mensajes-mafiosos-nid13102021\/\" target=\"_self\" data-reactroot=\"\">acto intimidatorio<\/a>\u00a0del ministro de Seguridad,\u00a0<strong>An\u00edbal Fern\u00e1ndez<\/strong>, contra el humorista de LA NACION\u00a0<strong>Nik<\/strong>, y los\u00a0<a class=\"com-link\" title=\"recientes episodios delictivos\" href=\"https:\/\/www.lanacion.com.ar\/seguridad\/en-apenas-12-horas-se-registraron-tres-homicidios-en-el-conurbano-nid13102021\/\" target=\"_self\" data-reactroot=\"\">recientes episodios delictivos<\/a>\u00a0registrados en la provincia de Buenos Aires que conmovieron a la sociedad.<\/p>\n<p class=\"com-paragraph --s\"><mark class=\"hl_underline\"><strong>En conclusi\u00f3n: si las elecciones fuesen ma\u00f1ana, el oficialismo deber\u00eda prepararse para una cat\u00e1strofe electoral. Felizmente para sus dirigentes, a\u00fan queda un mes, en el que podr\u00e1n modificarse las expectativas o bien podr\u00e1 prolongarse la agon\u00eda.<\/strong><\/mark><\/p>\n<div class=\"row FirmaAutor\">\n<div class=\"col-12\">\n<section class=\"mod-autor\">\n<div class=\"container-text\">\n<div class=\"container-firma\"><a class=\"com-link --autor\" title=\"Ir a notas de Fernando Laborda\" href=\"https:\/\/www.lanacion.com.ar\/autor\/fernando-laborda-7\/\">Fernando Laborda<\/a><\/div>\n<div class=\"container-firma\">Fuente:<a href=\"https:\/\/www.lanacion.com.ar\/\"> La Naci\u00f3n<\/a><\/div>\n<\/div>\n<\/section>\n<\/div>\n<\/div>","protected":false},"excerpt":{"rendered":"<p>La\u00a0tormenta de viento y tierra\u00a0que ayer empa\u00f1\u00f3 el acto p\u00fablico que encabezaban\u00a0Victoria Tolosa Paz\u00a0y\u00a0Axel Kicillof\u00a0en Ezeiza pareci\u00f3 un indicador de que ni siquiera el tiempo acompa\u00f1a al\u00a0Frente de Todos\u00a0de cara a los comicios generales del 14 de noviembre. Pero lo peor para la coalici\u00f3n gobernante es que,\u00a0al menos hasta hoy, a un mes de las [&hellip;]<\/p>\n","protected":false},"author":9,"featured_media":0,"comment_status":"open","ping_status":"open","sticky":false,"template":"","format":"standard","meta":{"site-sidebar-layout":"default","site-content-layout":"","ast-site-content-layout":"default","site-content-style":"default","site-sidebar-style":"default","ast-global-header-display":"","ast-banner-title-visibility":"","ast-main-header-display":"","ast-hfb-above-header-display":"","ast-hfb-below-header-display":"","ast-hfb-mobile-header-display":"","site-post-title":"","ast-breadcrumbs-content":"","ast-featured-img":"","footer-sml-layout":"","ast-disable-related-posts":"","theme-transparent-header-meta":"","adv-header-id-meta":"","stick-header-meta":"","header-above-stick-meta":"","header-main-stick-meta":"","header-below-stick-meta":"","astra-migrate-meta-layouts":"default","ast-page-background-enabled":"default","ast-page-background-meta":{"desktop":{"background-color":"","background-image":"","background-repeat":"repeat","background-position":"center center","background-size":"auto","background-attachment":"scroll","background-type":"","background-media":"","overlay-type":"","overlay-color":"","overlay-opacity":"","overlay-gradient":""},"tablet":{"background-color":"","background-image":"","background-repeat":"repeat","background-position":"center center","background-size":"auto","background-attachment":"scroll","background-type":"","background-media":"","overlay-type":"","overlay-color":"","overlay-opacity":"","overlay-gradient":""},"mobile":{"background-color":"","background-image":"","background-repeat":"repeat","background-position":"center center","background-size":"auto","background-attachment":"scroll","background-type":"","background-media":"","overlay-type":"","overlay-color":"","overlay-opacity":"","overlay-gradient":""}},"ast-content-background-meta":{"desktop":{"background-color":"var(--ast-global-color-5)","background-image":"","background-repeat":"repeat","background-position":"center center","background-size":"auto","background-attachment":"scroll","background-type":"","background-media":"","overlay-type":"","overlay-color":"","overlay-opacity":"","overlay-gradient":""},"tablet":{"background-color":"var(--ast-global-color-5)","background-image":"","background-repeat":"repeat","background-position":"center center","background-size":"auto","background-attachment":"scroll","background-type":"","background-media":"","overlay-type":"","overlay-color":"","overlay-opacity":"","overlay-gradient":""},"mobile":{"background-color":"var(--ast-global-color-5)","background-image":"","background-repeat":"repeat","background-position":"center center","background-size":"auto","background-attachment":"scroll","background-type":"","background-media":"","overlay-type":"","overlay-color":"","overlay-opacity":"","overlay-gradient":""}},"footnotes":""},"categories":[4019],"tags":[],"class_list":["post-58091","post","type-post","status-publish","format-standard","hentry","category-ultilmas-noticias"],"spectra_blocks_featured_image_url":null,"spectra_blocks_author_info":{"display_name":"Jorge Alfredo Baret","avatar_url":"https:\/\/secure.gravatar.com\/avatar\/31696f5ca83439b642450ec7d3f82f98451a5efacb414343d5478c982b337f26?s=96&d=mm&r=g","author_link":"https:\/\/100xd.com.ar\/es\/author\/jorge\/","description":"Ingeniero Qu\u00edmico UTN - Director Apoderado de Comunicaciones Auditadas SA. Editor Responsable 100xd.com.ar."},"_links":{"self":[{"href":"https:\/\/100xd.com.ar\/es\/wp-json\/wp\/v2\/posts\/58091","targetHints":{"allow":["GET"]}}],"collection":[{"href":"https:\/\/100xd.com.ar\/es\/wp-json\/wp\/v2\/posts"}],"about":[{"href":"https:\/\/100xd.com.ar\/es\/wp-json\/wp\/v2\/types\/post"}],"author":[{"embeddable":true,"href":"https:\/\/100xd.com.ar\/es\/wp-json\/wp\/v2\/users\/9"}],"replies":[{"embeddable":true,"href":"https:\/\/100xd.com.ar\/es\/wp-json\/wp\/v2\/comments?post=58091"}],"version-history":[{"count":2,"href":"https:\/\/100xd.com.ar\/es\/wp-json\/wp\/v2\/posts\/58091\/revisions"}],"predecessor-version":[{"id":58094,"href":"https:\/\/100xd.com.ar\/es\/wp-json\/wp\/v2\/posts\/58091\/revisions\/58094"}],"wp:attachment":[{"href":"https:\/\/100xd.com.ar\/es\/wp-json\/wp\/v2\/media?parent=58091"}],"wp:term":[{"taxonomy":"category","embeddable":true,"href":"https:\/\/100xd.com.ar\/es\/wp-json\/wp\/v2\/categories?post=58091"},{"taxonomy":"post_tag","embeddable":true,"href":"https:\/\/100xd.com.ar\/es\/wp-json\/wp\/v2\/tags?post=58091"}],"curies":[{"name":"wp","href":"https:\/\/api.w.org\/{rel}","templated":true}]}}