{"id":57704,"date":"2021-10-05T10:13:53","date_gmt":"2021-10-05T13:13:53","guid":{"rendered":"http:\/\/www.100xd.com.ar\/?p=57704"},"modified":"2021-10-05T10:13:58","modified_gmt":"2021-10-05T13:13:58","slug":"juntos-por-el-cambio-apoyaria-la-candidatura-daniel-rafecas-pero-analiza-las-condiciones","status":"publish","type":"post","link":"https:\/\/100xd.com.ar\/es\/juntos-por-el-cambio-apoyaria-la-candidatura-daniel-rafecas-pero-analiza-las-condiciones\/","title":{"rendered":"Juntos por el Cambio apoyar\u00eda la candidatura Daniel Rafecas, pero analiza las condiciones"},"content":{"rendered":"<p class=\"com-paragraph --capital --s\">El viernes pasado, los chats de WhatsApp de los senadores opositores ard\u00edan. El Gobierno acababa de difundir\u00a0<a class=\"com-link\" title=\"una foto muy sugestiva\" href=\"https:\/\/www.lanacion.com.ar\/politica\/sugestiva-reunion-entre-el-ministro-martin-soria-y-el-candidato-a-procurador-daniel-rafecas-nid01102021\/\" target=\"_self\" data-reactroot=\"\">una foto muy sugestiva<\/a>\u00a0del ministro de Justicia,\u00a0<strong>Mart\u00edn Soria<\/strong>, con\u00a0<strong>Daniel Rafecas<\/strong>, el candidato a procurador que hab\u00eda propuesto\u00a0<strong>Alberto Fern\u00e1ndez<\/strong>. El pliego de Rafecas lleva meses congelado en el Senado por orden de Cristina Kirchner y Soria jam\u00e1s se hab\u00eda reunido con \u00e9l. En la oposici\u00f3n, que primero lo hab\u00eda resistido y\u00a0<a class=\"com-link\" title=\"despu\u00e9s apoyado\" href=\"https:\/\/www.lanacion.com.ar\/politica\/procuracion-juntos-por-el-cambio-refuerza-la-presion-para-tratar-el-pliego-del-juez-daniel-rafecas-nid19052021\/\" target=\"_self\" data-reactroot=\"\">despu\u00e9s apoyado<\/a>, se debate desde entonces qu\u00e9 hacer.<\/p>\n<p class=\"com-paragraph --s\">El plan de la mayor\u00eda es mantener el compromiso de votar a Rafecas -informaron distintas fuentes del Senado- y as\u00ed se lo hicieron saber a \u00e9l distintos interlocutores del Pro y el radicalismo. Los opositores, sin embargo, no tienen intenciones de ser ellos quienes propongan el tratamiento del pliego y no les resulta nada c\u00f3moda la idea de tratar el tema antes de las elecciones generales de noviembre. Lo mismo pidi\u00f3 Rafecas, que se vote despu\u00e9s, aunque no es terminante: con lo dif\u00edcil que est\u00e1 resultando conseguir los dos tercios para el nombramiento, no pone condiciones de ese tipo, cuentan fuentes que conocieron de primera mano los di\u00e1logos del fin de semana.<\/p>\n<div class=\"com-container --button\"><a class=\"com-link\" title=\"Diputados: M\u00e1ximo Kirchner no alcanzar\u00eda el quorum en la primera sesi\u00f3n presencial\" href=\"https:\/\/www.lanacion.com.ar\/politica\/diputados-maximo-kirchner-no-alcanzaria-el-quorum-en-la-primera-sesion-presencial-nid04102021\/\" target=\"_blank\" rel=\"nofollow\"><button id=\"\" class=\"com-button --secondary --icon right --right\" title=\"\" type=\"button\" data-event=\"\" data-section=\"\"><i class=\"com-icon icon-right\"><\/i><span class=\"com-text --fivexs\">DIPUTADOS: M\u00c1XIMO KIRCHNER NO ALCANZAR\u00cdA EL QUORUM EN LA PRIMERA SESI\u00d3N PRESENCIAL<\/span><\/button><\/a><\/div>\n<p class=\"com-paragraph --s\">Este mi\u00e9rcoles, el intrebloque de senadores de Juntos por el Cambio se reunir\u00e1 y el tema Rafecas estar\u00e1 entre los asuntos a discutir. Sin apuro. Porque mientras no se nombre un nuevo jefe de los fiscales seguir\u00e1 en el cargo Eduardo Casal, un procurador interino cuya actuaci\u00f3n elogia la oposici\u00f3n.<\/p>\n<div class=\"content-media\">\n<section class=\"mod-media --zoom\">\n<figure class=\"mod-figure --horizontal\"><picture class=\"mod-picture\"><source srcset=\"https:\/\/resizer.glanacion.com\/resizer\/HoHvMgcDhuFGMOyhVS_prbo665E=\/879x0\/filters:quality(80)\/cloudfront-us-east-1.images.arcpublishing.com\/lanacionar\/HCFS3M5HTJFCNIHZCY473EHHCM.jpg\" media=\"(min-width: 1280px)\" \/><source srcset=\"https:\/\/resizer.glanacion.com\/resizer\/YE-ec5F3fa8j0-iJBnpb_5cZ9gw=\/690x0\/filters:quality(80)\/cloudfront-us-east-1.images.arcpublishing.com\/lanacionar\/HCFS3M5HTJFCNIHZCY473EHHCM.jpg\" media=\"(min-width: 1024px)\" \/><source srcset=\"https:\/\/resizer.glanacion.com\/resizer\/mpqYsryr9taRgQn9uZWGDdJUPLI=\/768x0\/filters:quality(80)\/cloudfront-us-east-1.images.arcpublishing.com\/lanacionar\/HCFS3M5HTJFCNIHZCY473EHHCM.jpg\" media=\"(min-width: 768px)\" \/><source srcset=\"https:\/\/resizer.glanacion.com\/resizer\/kNB4UD4FAERkSZURpZfvS3JIAfA=\/350x0\/filters:quality(80)\/cloudfront-us-east-1.images.arcpublishing.com\/lanacionar\/HCFS3M5HTJFCNIHZCY473EHHCM.jpg\" media=\"(min-width: 360px)\" \/><source srcset=\"https:\/\/resizer.glanacion.com\/resizer\/x5lSWL7hnpp8pqqIvyLXU5ZSjPw=\/310x0\/filters:quality(80)\/cloudfront-us-east-1.images.arcpublishing.com\/lanacionar\/HCFS3M5HTJFCNIHZCY473EHHCM.jpg\" media=\"(min-width: 320px)\" \/><img loading=\"lazy\" decoding=\"async\" class=\"com-image\" src=\"https:\/\/resizer.glanacion.com\/resizer\/mpqYsryr9taRgQn9uZWGDdJUPLI=\/768x0\/filters:quality(80)\/cloudfront-us-east-1.images.arcpublishing.com\/lanacionar\/HCFS3M5HTJFCNIHZCY473EHHCM.jpg\" srcset=\"\" alt=\"Mart\u00edn Lousteau y Luis Naidenoff\" width=\"2000\" height=\"1333\"  title=\"Juntos por el Cambio apoyar\u00eda la candidatura Daniel Rafecas, pero analiza las condiciones\" \/><\/picture><figcaption class=\"mod-figcaption\"><span class=\"com-text --caption --twoxs\">Mart\u00edn Lousteau y Luis Naidenoff<\/span><span class=\"com-text --credit --twoxs\">Prensa Senado<\/span><\/figcaption><\/figure>\n<\/section>\n<\/div>\n<p class=\"com-paragraph --s\">El motivo declarado de la reuni\u00f3n entre el ministro y Rafecas del viernes pasado era colaborar para el avance de la causa por el atentado a la AMIA, que est\u00e1 radicada en el juzgado federal 6, que desde esta semana subroga Rafecas. Pero la pol\u00edtica lo ley\u00f3 como un mensaje.\u00a0<mark class=\"hl_underline\">Soria jam\u00e1s se reuni\u00f3 por la causa AMIA con la subrogante anterior de ese juzgado, Mar\u00eda Eugenia Capuchetti. Y hasta ahora no hab\u00eda tenido gesto alguno hacia Rafecas. De repente, se saca una foto con \u00e9l y la hace p\u00fablica<\/mark>. De la reuni\u00f3n, adem\u00e1s, particip\u00f3\u00a0<strong>Juan Mart\u00edn Mena<\/strong>, el referente de Cristina Kirchner en el Ministerio de Justicia. \u00bfAvanzar\u00e1 ahora el kirchnerismo con el tr\u00e1mite para que el Senado le de su acuerdo al candidato? Hasta ahora no hubo movimientos formales.<\/p>\n<h2 class=\"com-title --l\">\u201cNo tenemos un doble mensaje\u201d<\/h2>\n<p class=\"com-paragraph --s\">Senadores opositores consultados por<strong>\u00a0LA NACION<\/strong>\u00a0afirmaron que la decisi\u00f3n de votar el pliego de Rafecas, si el kirchnerismo finalmente lo descongela, sigue en pie. As\u00ed lo informaron\u00a0<strong>Silvia El\u00edas de P\u00e9rez<\/strong>\u00a0y\u00a0<strong>Eduardo Costa<\/strong>.\u00a0<mark class=\"hl_underline\">\u201cNo tenemos un doble mensaje. Nosotros ya dijimos en mayo que lo vamos a votar\u201d, afirm\u00f3 El\u00edas de P\u00e9rez.<\/mark><\/p>\n<p class=\"com-paragraph --s\">La decisi\u00f3n de no moverse de aquella declaraci\u00f3n parece ser mayoritaria, pero no es un\u00e1nime.\u00a0<strong>Julio Cobos<\/strong>\u00a0dijo a\u00a0<strong>LA NACION<\/strong>\u00a0que \u00e9l no piensa adelantar un apoyo antes de haber escuchado a Rafecas en la audiencia p\u00fablica. \u201cEn el interbloque no discutimos el tema. No est\u00e1 dentro de las prioridades y lo que tiene que hacer el oficialismo es avanzar en la audiencia p\u00fablica. Nosotros no vamos a tomar ninguna decisi\u00f3n, al menos no yo en lo personal, sin escucharlo\u201d, dijo.\u00a0<mark class=\"hl_underline\">Seg\u00fan Cobos, quiere estuchar primero las explicaciones de Rafecas sobre \u201cCiccone, los chats con el defensor de Boudou, el archivo en 24 horas del memorandum con Ir\u00e1n y un mont\u00f3n de cosas m\u00e1s\u201d.\u00a0<\/mark>En el radicalismo hay, todav\u00eda hoy, quienes recuerdan a Rafecas como el juez de la causa de las coimas en el Senado, en la que envi\u00f3 a juicio al expresidente Fernando de la R\u00faa.<\/p>\n<p class=\"com-paragraph --s\">Incluso\u00a0<strong>Mart\u00edn Lousteau<\/strong>, de di\u00e1logo frecuente con Rafecas, dijo en conversaciones pol\u00edticas que los que tienen que mover son los kirchneristas. Adem\u00e1s de la cuesti\u00f3n formal pesa la nueva realidad pol\u00edtica: con el resultado de las PASO, la oposici\u00f3n se fortaleci\u00f3 y puede poner otras condiciones.<\/p>\n<div class=\"content-media\">\n<section class=\"mod-media --zoom\">\n<figure class=\"mod-figure --horizontal\"><picture class=\"mod-picture\"><source srcset=\"https:\/\/resizer.glanacion.com\/resizer\/8psrq8AssKkV8f5qUUS-KStCciM=\/879x0\/filters:quality(80)\/cloudfront-us-east-1.images.arcpublishing.com\/lanacionar\/D33FFS4ZEFCCHALWL727KEVARA.jpg\" media=\"(min-width: 1280px)\" \/><source srcset=\"https:\/\/resizer.glanacion.com\/resizer\/dVO5jNhBmNRTiddCXTCZGGdxBRo=\/690x0\/filters:quality(80)\/cloudfront-us-east-1.images.arcpublishing.com\/lanacionar\/D33FFS4ZEFCCHALWL727KEVARA.jpg\" media=\"(min-width: 1024px)\" \/><source srcset=\"https:\/\/resizer.glanacion.com\/resizer\/Ud6oP5YlPpajNZhcQTwGzdNMfa0=\/768x0\/filters:quality(80)\/cloudfront-us-east-1.images.arcpublishing.com\/lanacionar\/D33FFS4ZEFCCHALWL727KEVARA.jpg\" media=\"(min-width: 768px)\" \/><source srcset=\"https:\/\/resizer.glanacion.com\/resizer\/7DyNAc9acRfkizWztEXw83emeII=\/350x0\/filters:quality(80)\/cloudfront-us-east-1.images.arcpublishing.com\/lanacionar\/D33FFS4ZEFCCHALWL727KEVARA.jpg\" media=\"(min-width: 360px)\" \/><source srcset=\"https:\/\/resizer.glanacion.com\/resizer\/isPpvypLFbICa92U6icSnWYdPyc=\/310x0\/filters:quality(80)\/cloudfront-us-east-1.images.arcpublishing.com\/lanacionar\/D33FFS4ZEFCCHALWL727KEVARA.jpg\" media=\"(min-width: 320px)\" \/><img loading=\"lazy\" decoding=\"async\" class=\"com-image\" src=\"https:\/\/resizer.glanacion.com\/resizer\/Ud6oP5YlPpajNZhcQTwGzdNMfa0=\/768x0\/filters:quality(80)\/cloudfront-us-east-1.images.arcpublishing.com\/lanacionar\/D33FFS4ZEFCCHALWL727KEVARA.jpg\" srcset=\"\" alt=\"El pliego de Daniel Rafecas para la Procuraci\u00f3n est\u00e1 frenado en el Senado, donde el kirchnerismo no activa el tr\u00e1mite\" width=\"2000\" height=\"1333\"  title=\"Juntos por el Cambio apoyar\u00eda la candidatura Daniel Rafecas, pero analiza las condiciones\" \/><\/picture><figcaption class=\"mod-figcaption\"><span class=\"com-text --caption --twoxs\">El pliego de Daniel Rafecas para la Procuraci\u00f3n est\u00e1 frenado en el Senado, donde el kirchnerismo no activa el tr\u00e1mite<\/span><span class=\"com-text --credit --twoxs\">Prensa Senado<\/span><\/figcaption><\/figure>\n<\/section>\n<\/div>\n<p class=\"com-paragraph --s\">Rafecas\u00a0<a class=\"com-link\" title=\"fue postulado\" href=\"https:\/\/www.lanacion.com.ar\/politica\/el-gobierno-propondra-al-juez-rafecas-como-nid2316331\/\" target=\"_self\" data-reactroot=\"\">fue postulado<\/a>\u00a0por Alberto Fern\u00e1ndez para el cargo de procurador general de la Naci\u00f3n en diciembre de 2019, pero su pliego nunca fue tratado por el Senado. El oficialismo, que no consegu\u00eda los dos tercios para nombrarlo, decidi\u00f3 impulsar una reforma legal que removiera la obligaci\u00f3n de obtener una mayor\u00eda tan exigente para la designaci\u00f3n. A instancias del kirchnerismo, aprob\u00f3 en el Senado un proyecto de ley en ese sentido y lo gir\u00f3 a la C\u00e1mara de Diputados, pero no logr\u00f3 sancionarlo all\u00ed. Mientras tanto, Rafecas advirti\u00f3\u00a0<a class=\"com-link\" title=\"que no asumir\u00eda\" href=\"https:\/\/www.lanacion.com.ar\/politica\/daniel-rafecas-reafirma-que-baja-su-candidatura-si-sale-la-reforma-de-la-procuracion-aunque-lo-llame-nid18052021\/\" target=\"_self\" data-reactroot=\"\">que no asumir\u00eda<\/a>\u00a0el cargo si, para poder nombrarlo, flexibilizaban la mayor\u00eda necesaria. Esa advertencia cay\u00f3 muy mal en el kirchnerismo.<\/p>\n<div class=\"com-container --button\"><a class=\"com-link\" title=\"La Argentina est\u00e1 en el podio de una nueva filtraci\u00f3n mundial con figuras de alto perfil\" href=\"https:\/\/www.lanacion.com.ar\/politica\/pandora-papers-la-argentina-en-el-podio-de-una-nueva-filtracion-mundial-con-figuras-de-alto-perfil-nid03102021\/\" target=\"_blank\" rel=\"nofollow\"><button id=\"\" class=\"com-button --secondary --icon right --right\" title=\"\" type=\"button\" data-event=\"\" data-section=\"\"><i class=\"com-icon icon-right\"><\/i><span class=\"com-text --fivexs\">LA ARGENTINA EST\u00c1 EN EL PODIO DE UNA NUEVA FILTRACI\u00d3N MUNDIAL CON FIGURAS DE ALTO PERFIL<\/span><\/button><\/a><\/div>\n<p class=\"com-paragraph --s\">La oposici\u00f3n, en cambio, hizo un giro en su postura frente a Rafecas. Dirigentes que no lo apoyaban dijeron p\u00fablicamente que estaban dispuestos a votarlo y en mayo pasado, la c\u00fapula de Juntos por el Cambio dio a conocer\u00a0<a class=\"com-link\" title=\"un comunicado\" href=\"https:\/\/www.lanacion.com.ar\/politica\/procuracion-juntos-por-el-cambio-refuerza-la-presion-para-tratar-el-pliego-del-juez-daniel-rafecas-nid19052021\/\" target=\"_self\" data-reactroot=\"\">un comunicado<\/a>\u00a0en el que se comprometi\u00f3 \u201ca prestar el acuerdo\u201d para la designaci\u00f3n de Rafecas. El kirchnerismo, sin embargo, advirti\u00f3 que primero quer\u00eda reformar la ley. El temor de la oposici\u00f3n era que, una vez flexibilizado el requisito de los dos tercios, el oficialismo postulara a un procurador \u201cmilitante\u201d. El resultado de las PASO dificult\u00f3 el objetivo del Gobierno de reformar la ley del Ministerio P\u00fablico.<\/p>\n<p class=\"com-paragraph --s\">\u201cSacar la ley no es imposible, pero habr\u00eda que sacarla con f\u00f3rceps y hoy no es una prioridad\u201d, dijo un funcionario oficialista a\u00a0<strong>LA NACION<\/strong>. En las pr\u00f3ximas semanas, se sabr\u00e1 si, resignado, el kirchnerismo resucita el plan Rafecas.<\/p>\n<div class=\"row FirmaAutor\">\n<div class=\"col-12\">\n<section class=\"mod-autor\">\n<div class=\"container-text\">\n<div class=\"container-firma\"><a class=\"com-link --autor\" title=\"Ir a notas de Paz Rodr\u00edguez Niell\" href=\"https:\/\/www.lanacion.com.ar\/autor\/paz-rodriguez-niell-160\/\">Paz Rodr\u00edguez Niell<\/a><\/div>\n<div class=\"container-firma\">Fuente: <a href=\"https:\/\/www.lanacion.com.ar\/\">La Naci\u00f3n<\/a><\/div>\n<\/div>\n<\/section>\n<\/div>\n<\/div>","protected":false},"excerpt":{"rendered":"<p>El viernes pasado, los chats de WhatsApp de los senadores opositores ard\u00edan. El Gobierno acababa de difundir\u00a0una foto muy sugestiva\u00a0del ministro de Justicia,\u00a0Mart\u00edn Soria, con\u00a0Daniel Rafecas, el candidato a procurador que hab\u00eda propuesto\u00a0Alberto Fern\u00e1ndez. El pliego de Rafecas lleva meses congelado en el Senado por orden de Cristina Kirchner y Soria jam\u00e1s se hab\u00eda reunido [&hellip;]<\/p>\n","protected":false},"author":9,"featured_media":0,"comment_status":"open","ping_status":"open","sticky":false,"template":"","format":"standard","meta":{"site-sidebar-layout":"default","site-content-layout":"","ast-site-content-layout":"default","site-content-style":"default","site-sidebar-style":"default","ast-global-header-display":"","ast-banner-title-visibility":"","ast-main-header-display":"","ast-hfb-above-header-display":"","ast-hfb-below-header-display":"","ast-hfb-mobile-header-display":"","site-post-title":"","ast-breadcrumbs-content":"","ast-featured-img":"","footer-sml-layout":"","ast-disable-related-posts":"","theme-transparent-header-meta":"","adv-header-id-meta":"","stick-header-meta":"","header-above-stick-meta":"","header-main-stick-meta":"","header-below-stick-meta":"","astra-migrate-meta-layouts":"default","ast-page-background-enabled":"default","ast-page-background-meta":{"desktop":{"background-color":"","background-image":"","background-repeat":"repeat","background-position":"center center","background-size":"auto","background-attachment":"scroll","background-type":"","background-media":"","overlay-type":"","overlay-color":"","overlay-opacity":"","overlay-gradient":""},"tablet":{"background-color":"","background-image":"","background-repeat":"repeat","background-position":"center center","background-size":"auto","background-attachment":"scroll","background-type":"","background-media":"","overlay-type":"","overlay-color":"","overlay-opacity":"","overlay-gradient":""},"mobile":{"background-color":"","background-image":"","background-repeat":"repeat","background-position":"center center","background-size":"auto","background-attachment":"scroll","background-type":"","background-media":"","overlay-type":"","overlay-color":"","overlay-opacity":"","overlay-gradient":""}},"ast-content-background-meta":{"desktop":{"background-color":"var(--ast-global-color-5)","background-image":"","background-repeat":"repeat","background-position":"center center","background-size":"auto","background-attachment":"scroll","background-type":"","background-media":"","overlay-type":"","overlay-color":"","overlay-opacity":"","overlay-gradient":""},"tablet":{"background-color":"var(--ast-global-color-5)","background-image":"","background-repeat":"repeat","background-position":"center center","background-size":"auto","background-attachment":"scroll","background-type":"","background-media":"","overlay-type":"","overlay-color":"","overlay-opacity":"","overlay-gradient":""},"mobile":{"background-color":"var(--ast-global-color-5)","background-image":"","background-repeat":"repeat","background-position":"center center","background-size":"auto","background-attachment":"scroll","background-type":"","background-media":"","overlay-type":"","overlay-color":"","overlay-opacity":"","overlay-gradient":""}},"footnotes":""},"categories":[25],"tags":[],"class_list":["post-57704","post","type-post","status-publish","format-standard","hentry","category-destacado"],"spectra_blocks_featured_image_url":null,"spectra_blocks_author_info":{"display_name":"Jorge Alfredo Baret","avatar_url":"https:\/\/secure.gravatar.com\/avatar\/31696f5ca83439b642450ec7d3f82f98451a5efacb414343d5478c982b337f26?s=96&d=mm&r=g","author_link":"https:\/\/100xd.com.ar\/es\/author\/jorge\/","description":"Ingeniero Qu\u00edmico UTN - Director Apoderado de Comunicaciones Auditadas SA. Editor Responsable 100xd.com.ar."},"_links":{"self":[{"href":"https:\/\/100xd.com.ar\/es\/wp-json\/wp\/v2\/posts\/57704","targetHints":{"allow":["GET"]}}],"collection":[{"href":"https:\/\/100xd.com.ar\/es\/wp-json\/wp\/v2\/posts"}],"about":[{"href":"https:\/\/100xd.com.ar\/es\/wp-json\/wp\/v2\/types\/post"}],"author":[{"embeddable":true,"href":"https:\/\/100xd.com.ar\/es\/wp-json\/wp\/v2\/users\/9"}],"replies":[{"embeddable":true,"href":"https:\/\/100xd.com.ar\/es\/wp-json\/wp\/v2\/comments?post=57704"}],"version-history":[{"count":2,"href":"https:\/\/100xd.com.ar\/es\/wp-json\/wp\/v2\/posts\/57704\/revisions"}],"predecessor-version":[{"id":57707,"href":"https:\/\/100xd.com.ar\/es\/wp-json\/wp\/v2\/posts\/57704\/revisions\/57707"}],"wp:attachment":[{"href":"https:\/\/100xd.com.ar\/es\/wp-json\/wp\/v2\/media?parent=57704"}],"wp:term":[{"taxonomy":"category","embeddable":true,"href":"https:\/\/100xd.com.ar\/es\/wp-json\/wp\/v2\/categories?post=57704"},{"taxonomy":"post_tag","embeddable":true,"href":"https:\/\/100xd.com.ar\/es\/wp-json\/wp\/v2\/tags?post=57704"}],"curies":[{"name":"wp","href":"https:\/\/api.w.org\/{rel}","templated":true}]}}