{"id":57398,"date":"2021-09-25T10:34:22","date_gmt":"2021-09-25T13:34:22","guid":{"rendered":"http:\/\/www.100xd.com.ar\/?p=57398"},"modified":"2021-09-25T10:34:29","modified_gmt":"2021-09-25T13:34:29","slug":"la-jefa-ya-no-es-infalible","status":"publish","type":"post","link":"https:\/\/100xd.com.ar\/es\/la-jefa-ya-no-es-infalible\/","title":{"rendered":"La jefa ya no es infalible"},"content":{"rendered":"<p class=\"com-paragraph --s\"><mark class=\"hl_underline\">La idea de Walter Correa, secretario general de los obreros curtidores, era ambiciosa pero no prosper\u00f3<\/mark>. Delante de 200 delegados, el mi\u00e9rcoles, en el Comit\u00e9 Confederal que la CGT hizo en la calle Azopardo, propuso postergar las elecciones internas gremiales, previstas para el 11 de noviembre, para que todos se dedicaran tiempo completo a la campa\u00f1a del Gobierno. No lo siguieron. Correa es diputado nacional del Frente de Todos por la provincia de Buenos Aires y un admirador entusiasta de Cristina Kirchner. En su foto de Twitter aparece con ella. Pero el sindicalismo est\u00e1 desde hace dos semanas con la energ\u00eda puesta en otro lado.<\/p>\n<p class=\"com-paragraph --s\">Son\u00a0<mark class=\"hl_underline\">secuelas del mazazo en las primarias. Si el peronismo no perdona la derrota, el frente gremial<\/mark>\u00a0es m\u00e1s despiadado a\u00fan. H\u00e9ctor Daer y Carlos Acu\u00f1a, conductores de la central y aliados de Alberto Fern\u00e1ndez, aceptan esas condiciones propias del oficio: desde entonces, han empezado a ofrecer el ingreso de delegados de otras corrientes para conseguir una lista de unidad. Hugo Moyano, que tiene hace tiempo la pretensi\u00f3n de meterse en el consejo de la CGT, duda por momentos entre aceptar o, en cambio, jugar m\u00e1s fuerte: \u201cPodemos presentar una lista y competir\u201d, plante\u00f3 esta semana en la intimidad.<\/p>\n<p class=\"com-paragraph --s\">No es que\u00a0<strong>Moyano<\/strong>\u00a0haya tomado partido en favor de nadie contra quienes se llevan mejor con el Presidente. Al contrario: siempre ha preferido tambi\u00e9n tenerlo como interlocutor a \u00e9l antes que a Cristina Kirchner. Pero el cimbronazo del domingo 12 reconfigur\u00f3 todas las estructuras de poder. Y la interna del Frente de Todos no solo no se apacigu\u00f3: parece estar empezando. Hace una semana, horas despu\u00e9s recibir llamados del jefe del Estado buscando respaldos, por lo menos dos sindicalistas volvieron a atender el tel\u00e9fono y escucharon una contraorden: M\u00e1ximo Kirchner en persona les dec\u00eda que, si apoyaban tan p\u00fablicamente a Alberto Fern\u00e1ndez, se estaban ubicando en esa contienda contra la verdadera jefa.<\/p>\n<p class=\"com-paragraph --s\">Dicen quienes la consultan que ella est\u00e1 m\u00e1s tranquila que la semana pasada. Es cierto que\u00a0<mark class=\"hl_underline\">la proyecci\u00f3n del escrutinio final para noviembre<\/mark>\u00a0la dejar\u00eda perdiendo el control del Senado, pero conf\u00eda en que lo puede remontar. Adem\u00e1s, hasta en el Frente Renovador ya justifican sus movimientos para modificar los gabinetes. \u201cTuvo que hacerlos reaccionar \u2013dijo un referente del espacio\u2013. Ac\u00e1 no sirven ni el tranco de la siesta ni tampoco el Clio\u201d.<\/p>\n<p class=\"com-paragraph --s\"><mark class=\"hl_underline\">El m\u00e1s dif\u00edcil de convencer fue Kicillof, a quien sus interlocutores ve\u00edan esta semana golpeado<\/mark>\u00a0e irritable. \u00c9l tiene desde hace tiempo la idea de que las administraciones municipales fuertes debilitan a las provinciales. Por eso tiende a encerrarse. Es justamente lo que le reprochaban los intendentes, y lo que intent\u00f3 corregir Cristina Kirchner al proponerle a Insaurralde como jefe de Gabinete. Cerca del l\u00edder de Lomas de Zamora advierten ahora una mejor actitud del gobernador. Un operador lo celebraba con lo que supone un elogio: \u201cAyer dio un discurso de diez minutos\u201d, dijo. Los camporistas tambi\u00e9n lo cuestionan. Dicen que solo un significativo nivel de aislamiento puede explicar que haya festejado prematuramente en la noche del domingo fatal. Con Alberto Fern\u00e1ndez siempre es m\u00e1s sencillo. Pero su entorno, m\u00e1s conciliador en apariencia, qued\u00f3 tambi\u00e9n m\u00e1s ofendido que el de Kicillof.<\/p>\n<p class=\"com-paragraph --s\"><mark class=\"hl_underline\">Los empresarios advierten este estado de desorientaci\u00f3n. En la Uni\u00f3n Industrial Argentina se lamentan<\/mark>\u00a0de todo. Incluso del pase de Jorge Neme de la Canciller\u00eda a la Jefatura de Gabinete, que oblig\u00f3 a cambiar las invitaciones para la pr\u00f3xima Conferencia Fabril. Deber\u00e1n adem\u00e1s confiarles ahora la negociaci\u00f3n para que Brasil no baje el arancel externo com\u00fan del Mercosur a Santiago Cafiero y a su segunda, Cecilia Todesca. Por eso buscan al tr\u00edo del que creen estar viendo salir m\u00e1s decisiones: Massa, M\u00e1ximo Kirchner y Kicillof.<\/p>\n<p class=\"com-paragraph --s\"><strong>El l\u00edder del Frente Renovador<\/strong>\u00a0se guard\u00f3 de hablar hasta anteayer. La semana pasada, delante de sus compa\u00f1eros, hab\u00eda insistido en la necesidad de mantener la unidad. Su horizonte personal, competir por la presidencia en 2023, no solo depende de lo que pase hasta entonces, sino que se superpone ahora con un proyecto id\u00e9ntico, el de Manzur, con quien dice llevarse bien. El nuevo jefe de Gabinete tiene, como \u00e9l, conexiones empresariales. La crisis sanitaria lo obligar\u00e1 ahora al ecumenismo dentro de un sector que conoce, el de los laboratorios, y en el que deber\u00e1n convivir en armon\u00eda desde Hugo Sigman, su viejo amigo, que est\u00e1 molesto por el modo en que se trataron en la Argentina los retrasos de AstraZeneca, hasta Marcelo Figueiras, de Richmond, que pas\u00f3 de excluido a apuntalado por el kirchnerismo en los contratos de la Sputnik V. Los celosos recuerdan un episodio de febrero en el CCK, durante el lanzamiento del Consejo Econ\u00f3mico y Social. Cuando lleg\u00f3 Sigman, el todav\u00eda gobernador se le acerc\u00f3 y le mostr\u00f3 la butaca en la que ten\u00eda que sentarse.<\/p>\n<p class=\"com-paragraph --s\">Son\u00a0<mark class=\"hl_underline\">tensiones con poco margen de movimiento porque, en realidad, la suerte del Frente de Todos<\/mark>\u00a0entero no solo depende de revertir el hartazgo social, sino de lo que consiga su funcionario m\u00e1s cuestionado, Mart\u00edn Guzm\u00e1n. \u00bfPodr\u00e1 el ministro, por ejemplo, como exige el FMI para el acuerdo, bajar subsidios? El presupuesto que acaba de enviar al Congreso supone aumentos de tarifas que M\u00e1ximo Kirchner ya puso en duda.<\/p>\n<p class=\"com-paragraph --s\"><mark class=\"hl_underline\">Hoy los subsidios est\u00e1n en el 1,8% del PBI, y la idea de Guzm\u00e1n es llevarlos a un nivel cercano<\/mark>\u00a0al del final de la era Macri, que cerr\u00f3 en 1,4%. Esa propuesta le cost\u00f3 en mayo una pelea con Federico Basualdo, subsecretario de Energ\u00eda El\u00e9ctrica, a quien todav\u00eda no pudo echar. Sin un acuerdo con el Fondo ni plan cre\u00edble no hay salida econ\u00f3mica posible. Es probable que esa convicci\u00f3n haya llevado a Guzm\u00e1n a lo que en el PJ parece una irreverencia: refutar en p\u00fablico a la expresidenta. \u201cCristina considera que hubo un ajuste fiscal, yo le digo que no\u201d, plante\u00f3.<\/p>\n<p class=\"com-paragraph --s\"><mark class=\"hl_underline\">En cualquier otra etapa del kirchnerismo, una propuesta para abocar a la CGT entera a una campa\u00f1a<\/mark>\u00a0nacional habr\u00eda tenido adhesiones en un comit\u00e9 confederal. Los delegados prefirieron esta vez deso\u00edrla, confirmar sus propias elecciones y tratar otros temas, como la reforma del estatuto para ampliar el cupo femenino y escribir las disposiciones en lenguaje inclusivo. Ya ese mi\u00e9rcoles por la tarde, Daer hablaba en Twitter reemplazando las o por la x.<\/p>\n<p class=\"com-paragraph --s\"><mark class=\"hl_underline\">El golpe electoral puede haber sido un punto de inflexi\u00f3n. \u201cNuestra propia perestroika\u201d<\/mark>, define Luis D\u2019El\u00eda. Se confirmar\u00e1 si el Gobierno vuelve a perder las generales o, peor, el control del Senado. Entonces, si eso ocurre, alguien pondr\u00e1 en duda el liderazgo de la jefa. Por ahora, nadie lleg\u00f3 a tanto. Al contrario, el argumento del kirchnerismo es el de Andr\u00e9s Larroque: ella sab\u00eda que perder\u00edan y no fue escuchada. Walter Correa acaba de decirlo en radio El Destape en t\u00e9rminos futbol\u00edsticos: \u201cCristina es como Bochini cuando te la tiraba al fondo: no ten\u00edas ni que pensarlo, ten\u00edas que ir corriendo a buscarla, y hay muchos que no la ven o no la quieren ver. Lamentablemente tuvo que pasar esto para que entiendan que tienen que buscar la pelota sin dudarlo\u201d.<\/p>\n<p class=\"com-paragraph --s\"><mark class=\"hl_underline\">La novedad de las primarias<\/mark>\u00a0es que no tantos parecen dispuestos al esfuerzo. No por mala voluntad: temen que, en el fragor de la disputa, el pelotazo de La Diez ya no sea tan preciso.<\/p>\n<div class=\"row FirmaAutor\">\n<div class=\"col-12\">\n<section class=\"mod-autor\">\n<div class=\"container-text\">\n<div class=\"container-firma\"><a class=\"com-link --autor\" title=\"Ir a notas de Francisco Olivera\" href=\"https:\/\/www.lanacion.com.ar\/autor\/francisco-olivera-179\/\">Francisco Olivera<\/a><\/div>\n<div class=\"container-firma\">Fuente: <a href=\"https:\/\/www.lanacion.com.ar\/\">La Naci\u00f3n<\/a><\/div>\n<\/div>\n<\/section>\n<\/div>\n<\/div>","protected":false},"excerpt":{"rendered":"<p>La idea de Walter Correa, secretario general de los obreros curtidores, era ambiciosa pero no prosper\u00f3. Delante de 200 delegados, el mi\u00e9rcoles, en el Comit\u00e9 Confederal que la CGT hizo en la calle Azopardo, propuso postergar las elecciones internas gremiales, previstas para el 11 de noviembre, para que todos se dedicaran tiempo completo a la [&hellip;]<\/p>\n","protected":false},"author":9,"featured_media":0,"comment_status":"open","ping_status":"open","sticky":false,"template":"","format":"standard","meta":{"site-sidebar-layout":"default","site-content-layout":"","ast-site-content-layout":"default","site-content-style":"default","site-sidebar-style":"default","ast-global-header-display":"","ast-banner-title-visibility":"","ast-main-header-display":"","ast-hfb-above-header-display":"","ast-hfb-below-header-display":"","ast-hfb-mobile-header-display":"","site-post-title":"","ast-breadcrumbs-content":"","ast-featured-img":"","footer-sml-layout":"","ast-disable-related-posts":"","theme-transparent-header-meta":"","adv-header-id-meta":"","stick-header-meta":"","header-above-stick-meta":"","header-main-stick-meta":"","header-below-stick-meta":"","astra-migrate-meta-layouts":"default","ast-page-background-enabled":"default","ast-page-background-meta":{"desktop":{"background-color":"","background-image":"","background-repeat":"repeat","background-position":"center center","background-size":"auto","background-attachment":"scroll","background-type":"","background-media":"","overlay-type":"","overlay-color":"","overlay-opacity":"","overlay-gradient":""},"tablet":{"background-color":"","background-image":"","background-repeat":"repeat","background-position":"center center","background-size":"auto","background-attachment":"scroll","background-type":"","background-media":"","overlay-type":"","overlay-color":"","overlay-opacity":"","overlay-gradient":""},"mobile":{"background-color":"","background-image":"","background-repeat":"repeat","background-position":"center center","background-size":"auto","background-attachment":"scroll","background-type":"","background-media":"","overlay-type":"","overlay-color":"","overlay-opacity":"","overlay-gradient":""}},"ast-content-background-meta":{"desktop":{"background-color":"var(--ast-global-color-5)","background-image":"","background-repeat":"repeat","background-position":"center center","background-size":"auto","background-attachment":"scroll","background-type":"","background-media":"","overlay-type":"","overlay-color":"","overlay-opacity":"","overlay-gradient":""},"tablet":{"background-color":"var(--ast-global-color-5)","background-image":"","background-repeat":"repeat","background-position":"center center","background-size":"auto","background-attachment":"scroll","background-type":"","background-media":"","overlay-type":"","overlay-color":"","overlay-opacity":"","overlay-gradient":""},"mobile":{"background-color":"var(--ast-global-color-5)","background-image":"","background-repeat":"repeat","background-position":"center center","background-size":"auto","background-attachment":"scroll","background-type":"","background-media":"","overlay-type":"","overlay-color":"","overlay-opacity":"","overlay-gradient":""}},"footnotes":""},"categories":[12],"tags":[],"class_list":["post-57398","post","type-post","status-publish","format-standard","hentry","category-opinion"],"spectra_blocks_featured_image_url":null,"spectra_blocks_author_info":{"display_name":"Jorge Alfredo Baret","avatar_url":"https:\/\/secure.gravatar.com\/avatar\/31696f5ca83439b642450ec7d3f82f98451a5efacb414343d5478c982b337f26?s=96&d=mm&r=g","author_link":"https:\/\/100xd.com.ar\/es\/author\/jorge\/","description":"Ingeniero Qu\u00edmico UTN - Director Apoderado de Comunicaciones Auditadas SA. Editor Responsable 100xd.com.ar."},"_links":{"self":[{"href":"https:\/\/100xd.com.ar\/es\/wp-json\/wp\/v2\/posts\/57398","targetHints":{"allow":["GET"]}}],"collection":[{"href":"https:\/\/100xd.com.ar\/es\/wp-json\/wp\/v2\/posts"}],"about":[{"href":"https:\/\/100xd.com.ar\/es\/wp-json\/wp\/v2\/types\/post"}],"author":[{"embeddable":true,"href":"https:\/\/100xd.com.ar\/es\/wp-json\/wp\/v2\/users\/9"}],"replies":[{"embeddable":true,"href":"https:\/\/100xd.com.ar\/es\/wp-json\/wp\/v2\/comments?post=57398"}],"version-history":[{"count":1,"href":"https:\/\/100xd.com.ar\/es\/wp-json\/wp\/v2\/posts\/57398\/revisions"}],"predecessor-version":[{"id":57400,"href":"https:\/\/100xd.com.ar\/es\/wp-json\/wp\/v2\/posts\/57398\/revisions\/57400"}],"wp:attachment":[{"href":"https:\/\/100xd.com.ar\/es\/wp-json\/wp\/v2\/media?parent=57398"}],"wp:term":[{"taxonomy":"category","embeddable":true,"href":"https:\/\/100xd.com.ar\/es\/wp-json\/wp\/v2\/categories?post=57398"},{"taxonomy":"post_tag","embeddable":true,"href":"https:\/\/100xd.com.ar\/es\/wp-json\/wp\/v2\/tags?post=57398"}],"curies":[{"name":"wp","href":"https:\/\/api.w.org\/{rel}","templated":true}]}}