{"id":57065,"date":"2021-09-19T12:59:43","date_gmt":"2021-09-19T15:59:43","guid":{"rendered":"http:\/\/www.100xd.com.ar\/?p=57065"},"modified":"2021-09-19T12:59:48","modified_gmt":"2021-09-19T15:59:48","slug":"jorge-capitanich-ironico-el-macrismo-fundio-al-pais-y-resulta-ser-que-son-los-salvadores-de-la-patria","status":"publish","type":"post","link":"https:\/\/100xd.com.ar\/es\/jorge-capitanich-ironico-el-macrismo-fundio-al-pais-y-resulta-ser-que-son-los-salvadores-de-la-patria\/","title":{"rendered":"Jorge Capitanich, ir\u00f3nico: \u201cEl macrismo fundi\u00f3 al pa\u00eds y resulta ser que son los salvadores de la Patria\u201d"},"content":{"rendered":"<p class=\"com-paragraph --capital --s\">Luego de reunirse en\u00a0<strong>La Rioja\u00a0<\/strong>con el presidente<strong>\u00a0Alberto Fern\u00e1ndez\u00a0<\/strong>y tras las tensiones pol\u00edticas que se originaron en el\u00a0<strong>Frente de Todos<\/strong>\u00a0-de las que el Gobierno busca salir con un\u00a0<a class=\"com-link\" title=\"nuevo gabinete\" href=\"https:\/\/www.lanacion.com.ar\/politica\/ruidos-y-criticas-en-el-oficialismo-tras-el-rearmado-del-gabinete-nid19092021\/\" target=\"_self\" data-reactroot=\"\">nuevo gabinete<\/a>\u00a0que oficializar\u00e1 ma\u00f1ana-, el gobernador chaque\u00f1o,\u00a0<strong>Jorge Capitanich,<\/strong>\u00a0anticip\u00f3 que el oficialismo pondr\u00e1 en marcha un\u00a0<strong>\u201cshock redistributivo\u201d\u00a0<\/strong>para sopesar el<a class=\"com-link\" title=\" resultado desfavorable de las PASO legislativas \" href=\"https:\/\/www.lanacion.com.ar\/politica\/tras-al-derrota-electoral-el-frente-judicial-le-da-a-cristina-kirchner-razones-para-preocuparse-nid19092021\/\" target=\"_self\" data-reactroot=\"\">\u00a0resultado desfavorable de las PASO legislativas\u00a0<\/a>y no se ahorr\u00f3 cr\u00edticas para la gesti\u00f3n econ\u00f3mica de Juntos por el Cambio (JxC).<\/p>\n<p class=\"com-paragraph --s\"><strong>\u201cA la econom\u00eda la vamos a recuperar nosotros, no los que la destruyeron. El macrismo fundi\u00f3 al pa\u00eds,<\/strong>\u00a0endeud\u00f3, creo fuga de capitales, hicieron un desastre en la econom\u00eda, nos dejaron las manos atadas con el Fondo Monetario Internacional (FMI).\u00a0<strong>Resulta ser que ellos son los salvadores de la patria&#8230; Pero, por favor\u201d,<\/strong>\u00a0ironiz\u00f3 el gobernador aliado de la Casa Rosada, en\u00a0<em>Radio 10<\/em>.<\/p>\n<div class=\"com-container --button \"><a class=\"com-link\" title=\"El final de un ciclo para un gobierno peligrosamente d\u00e9bil\" href=\"https:\/\/www.lanacion.com.ar\/politica\/el-final-de-un-ciclo-para-un-gobierno-peligrosamente-debil-nid19092021\/\" target=\"_blank\" rel=\"nofollow\"><button id=\"\" class=\"com-button --secondary --icon right --right\" title=\"\" type=\"button\" data-event=\"\" data-section=\"\"><i class=\"com-icon icon-right \"><\/i><span class=\" com-text --fivexs\">EL FINAL DE UN CICLO PARA UN GOBIERNO PELIGROSAMENTE D\u00c9BIL<\/span><\/button><\/a><\/div>\n<p class=\"com-paragraph --s\">En esa l\u00ednea se\u00f1al\u00f3 que la recuperaci\u00f3n \u201cviene de la mano del peronismo\u201d y consider\u00f3:<strong>\u00a0\u201cLo \u00fanico que hacen los gobiernos de signo contrario es destruir la industria, el empleo y el salario\u201d.<\/strong><\/p>\n<div class=\"content-media\">\n<section class=\"mod-media --zoom \">\n<figure class=\"mod-figure --horizontal\"><picture class=\"mod-picture \"><source srcset=\"https:\/\/resizer.glanacion.com\/resizer\/JdVFim9fjpiguj39oXJeEG-qz6E=\/879x0\/filters:quality(80)\/cloudfront-us-east-1.images.arcpublishing.com\/lanacionar\/4IXU7R3M4VERZBTCLWKYK5N2TM.JPG\" media=\"(min-width: 1280px)\" \/><source srcset=\"https:\/\/resizer.glanacion.com\/resizer\/3vwEd5VlVwJxz6pqOgj_pCqHPuI=\/690x0\/filters:quality(80)\/cloudfront-us-east-1.images.arcpublishing.com\/lanacionar\/4IXU7R3M4VERZBTCLWKYK5N2TM.JPG\" media=\"(min-width: 1024px)\" \/><source srcset=\"https:\/\/resizer.glanacion.com\/resizer\/FungooWcim0UibahVOKqQbtCHYo=\/768x0\/filters:quality(80)\/cloudfront-us-east-1.images.arcpublishing.com\/lanacionar\/4IXU7R3M4VERZBTCLWKYK5N2TM.JPG\" media=\"(min-width: 768px)\" \/><source srcset=\"https:\/\/resizer.glanacion.com\/resizer\/gTFZ-UWw42hhLH0whcJM4vlWA8Q=\/350x0\/filters:quality(80)\/cloudfront-us-east-1.images.arcpublishing.com\/lanacionar\/4IXU7R3M4VERZBTCLWKYK5N2TM.JPG\" media=\"(min-width: 360px)\" \/><source srcset=\"https:\/\/resizer.glanacion.com\/resizer\/Lo5adNffXQuET5jTYpv4wZgZ4eU=\/310x0\/filters:quality(80)\/cloudfront-us-east-1.images.arcpublishing.com\/lanacionar\/4IXU7R3M4VERZBTCLWKYK5N2TM.JPG\" media=\"(min-width: 320px)\" \/><img loading=\"lazy\" decoding=\"async\" class=\"com-image \" src=\"https:\/\/resizer.glanacion.com\/resizer\/FungooWcim0UibahVOKqQbtCHYo=\/768x0\/filters:quality(80)\/cloudfront-us-east-1.images.arcpublishing.com\/lanacionar\/4IXU7R3M4VERZBTCLWKYK5N2TM.JPG\" srcset=\"\" alt=\"Alberto Fern\u00e1ndez encabez\u00f3 una reuni\u00f3n con los gobernadores en La Rioja, que lo tuvo a Capitanich como uno de los participantes\" width=\"2000\" height=\"1333\"  title=\"Jorge Capitanich, ir\u00f3nico: \u201cEl macrismo fundi\u00f3 al pa\u00eds y resulta ser que son los salvadores de la Patria\u201d\" \/><\/picture><figcaption class=\"mod-figcaption\"><span class=\"com-text --caption --twoxs\">Alberto Fern\u00e1ndez encabez\u00f3 una reuni\u00f3n con los gobernadores en La Rioja, que lo tuvo a Capitanich como uno de los participantes<\/span><span class=\"com-text --credit --twoxs\">Presidencia<\/span><\/figcaption><\/figure>\n<\/section>\n<\/div>\n<p class=\"com-paragraph --s\">El exjefe de Gabinete no ces\u00f3 en sus dardos a JxC y lanz\u00f3:\u00a0<strong>\u201cEllos hablan de rep\u00fablica, democracia, libertad&#8230; M\u00e1s mentiroso que eso como mensaje no hay.\u00a0<\/strong>Lo que m\u00e1s repelen son las libertades, lo que m\u00e1s deterioran es la Rep\u00fablica y lo que menos les importa es la democracia\u201d.<\/p>\n<p class=\"com-paragraph --s\">Luego del mal\u00a0<a class=\"com-link\" title=\"resultado\" href=\"https:\/\/www.lanacion.com.ar\/politica\/resultados-de-las-paso-2021-el-mapa-en-tiempo-real-nid13092021\/#\/diputados\/p06\" target=\"_self\" data-reactroot=\"\">resultado<\/a>\u00a0en las urnas que en Chaco tuvo uno de sus epicentros -ya que con el 98,84% del escrutinio realizado\u00a0<strong>JxC cosechaba el 44,14% de los votos y el FdT, 35,67%<\/strong>&#8211; Capitanich marc\u00f3 la necesidad de \u201crecuperar la confianza perdida\u201d para las elecciones generales del 14 de noviembre y vio una posibilidad en intentar conquistar a aquellos que no acudieron a votar. \u201c<strong>Ellos [por la oposici\u00f3n] retuvieron sus votos y estuvieron en el techo, nosotros no retuvimos los votos y estamos en el piso\u201d,\u00a0<\/strong>analiz\u00f3.<\/p>\n<div class=\"com-container --button \"><a class=\"com-link\" title=\"Choque m\u00faltiple en Panamericana: dos muertos y dos heridos graves\" href=\"https:\/\/www.lanacion.com.ar\/sociedad\/choque-multiple-en-panamericana-dos-muertos-y-dos-heridos-graves-nid19092021\/\" target=\"_blank\" rel=\"nofollow\"><button id=\"\" class=\"com-button --secondary --icon right --right\" title=\"\" type=\"button\" data-event=\"\" data-section=\"\"><i class=\"com-icon icon-right \"><\/i><span class=\" com-text --fivexs\">CHOQUE M\u00daLTIPLE EN PANAMERICANA: DOS MUERTOS Y DOS HERIDOS GRAVES<\/span><\/button><\/a><\/div>\n<p class=\"com-paragraph --s\">Tambi\u00e9n opin\u00f3 que\u00a0<a class=\"com-link\" title=\"el \u201cshock redistributivo\u201d\" href=\"https:\/\/www.lanacion.com.ar\/politica\/cambios-en-el-gabinete-alberto-fernandez-llega-a-la-rioja-para-mostrarse-con-gobernadores-peronistas-nid18092021\/\" target=\"_self\" data-reactroot=\"\">el \u201cshock redistributivo\u201d<\/a>\u00a0que piensa encarar la administraci\u00f3n nocional debe ir de la mano del desarrollo de la econom\u00eda popular. \u201cSi le ponemos un shock redistributivo para que compren m\u00e1s y la compra de los productos alimenticios va a las grandes corporaciones que manipulan precios<strong>\u00a0retroalimentamos el monstruo.<\/strong>\u00a0Necesitamos redistribuir el poder con con un sistema de producci\u00f3n de alimentos descentralizado en la econom\u00eda popular\u201d, puntualiz\u00f3 el gobernador, con un gui\u00f1o a las organizaciones sociales.<\/p>\n<p class=\"com-paragraph --s\">Sin tapujos, se\u00f1al\u00f3 que<strong>\u00a0\u201clas corporaciones manejan el Poder Judicial a su antojo, extorsionando a los gobiernos\u201d\u00a0<\/strong>y puntualiz\u00f3: \u201cAnte estas presiones de car\u00e1cter corporativo el \u00fanico equilibrio alternativo es el poder pol\u00edtico\u201d.<\/p>\n<p class=\"com-paragraph --s\">En el final de una<strong>\u00a0semana fren\u00e9tica\u00a0<\/strong>para el Frente de Todos, donde hasta quedaron p\u00fablicamente expuestas las fricciones entre Fern\u00e1ndez y\u00a0<a class=\"com-link\" title=\"Cristina Kirchner, \" href=\"https:\/\/www.lanacion.com.ar\/politica\/manifestantes-protestaron-frente-al-departamento-de-cristina-kirchner-nid18092021\/\" target=\"_self\" data-reactroot=\"\">Cristina Kirchner,\u00a0<\/a>Capitanich remarc\u00f3:\u00a0<strong>\u201cCuando hay un principio que se llame \u2018unidad en la diversidad\u2019 no podemos ser tan diversos que nos desuna\u201d<\/strong>. Adem\u00e1s, pidi\u00f3 \u201cdejar de repetir los marcos mentales de la oposici\u00f3n\u201d.<\/p>\n<p class=\"com-paragraph --s\">Fuente:<a href=\"https:\/\/www.lanacion.com.ar\/\"> La Nacion<\/a><\/p>\n","protected":false},"excerpt":{"rendered":"<p>Luego de reunirse en\u00a0La Rioja\u00a0con el presidente\u00a0Alberto Fern\u00e1ndez\u00a0y tras las tensiones pol\u00edticas que se originaron en el\u00a0Frente de Todos\u00a0-de las que el Gobierno busca salir con un\u00a0nuevo gabinete\u00a0que oficializar\u00e1 ma\u00f1ana-, el gobernador chaque\u00f1o,\u00a0Jorge Capitanich,\u00a0anticip\u00f3 que el oficialismo pondr\u00e1 en marcha un\u00a0\u201cshock redistributivo\u201d\u00a0para sopesar el\u00a0resultado desfavorable de las PASO legislativas\u00a0y no se ahorr\u00f3 cr\u00edticas para la [&hellip;]<\/p>\n","protected":false},"author":9,"featured_media":0,"comment_status":"open","ping_status":"open","sticky":false,"template":"","format":"standard","meta":{"site-sidebar-layout":"default","site-content-layout":"","ast-site-content-layout":"default","site-content-style":"default","site-sidebar-style":"default","ast-global-header-display":"","ast-banner-title-visibility":"","ast-main-header-display":"","ast-hfb-above-header-display":"","ast-hfb-below-header-display":"","ast-hfb-mobile-header-display":"","site-post-title":"","ast-breadcrumbs-content":"","ast-featured-img":"","footer-sml-layout":"","ast-disable-related-posts":"","theme-transparent-header-meta":"","adv-header-id-meta":"","stick-header-meta":"","header-above-stick-meta":"","header-main-stick-meta":"","header-below-stick-meta":"","astra-migrate-meta-layouts":"default","ast-page-background-enabled":"default","ast-page-background-meta":{"desktop":{"background-color":"","background-image":"","background-repeat":"repeat","background-position":"center center","background-size":"auto","background-attachment":"scroll","background-type":"","background-media":"","overlay-type":"","overlay-color":"","overlay-opacity":"","overlay-gradient":""},"tablet":{"background-color":"","background-image":"","background-repeat":"repeat","background-position":"center center","background-size":"auto","background-attachment":"scroll","background-type":"","background-media":"","overlay-type":"","overlay-color":"","overlay-opacity":"","overlay-gradient":""},"mobile":{"background-color":"","background-image":"","background-repeat":"repeat","background-position":"center center","background-size":"auto","background-attachment":"scroll","background-type":"","background-media":"","overlay-type":"","overlay-color":"","overlay-opacity":"","overlay-gradient":""}},"ast-content-background-meta":{"desktop":{"background-color":"var(--ast-global-color-5)","background-image":"","background-repeat":"repeat","background-position":"center center","background-size":"auto","background-attachment":"scroll","background-type":"","background-media":"","overlay-type":"","overlay-color":"","overlay-opacity":"","overlay-gradient":""},"tablet":{"background-color":"var(--ast-global-color-5)","background-image":"","background-repeat":"repeat","background-position":"center center","background-size":"auto","background-attachment":"scroll","background-type":"","background-media":"","overlay-type":"","overlay-color":"","overlay-opacity":"","overlay-gradient":""},"mobile":{"background-color":"var(--ast-global-color-5)","background-image":"","background-repeat":"repeat","background-position":"center center","background-size":"auto","background-attachment":"scroll","background-type":"","background-media":"","overlay-type":"","overlay-color":"","overlay-opacity":"","overlay-gradient":""}},"footnotes":""},"categories":[2],"tags":[],"class_list":["post-57065","post","type-post","status-publish","format-standard","hentry","category-politica"],"spectra_blocks_featured_image_url":null,"spectra_blocks_author_info":{"display_name":"Jorge Alfredo Baret","avatar_url":"https:\/\/secure.gravatar.com\/avatar\/31696f5ca83439b642450ec7d3f82f98451a5efacb414343d5478c982b337f26?s=96&d=mm&r=g","author_link":"https:\/\/100xd.com.ar\/es\/author\/jorge\/","description":"Ingeniero Qu\u00edmico UTN - Director Apoderado de Comunicaciones Auditadas SA. Editor Responsable 100xd.com.ar."},"_links":{"self":[{"href":"https:\/\/100xd.com.ar\/es\/wp-json\/wp\/v2\/posts\/57065","targetHints":{"allow":["GET"]}}],"collection":[{"href":"https:\/\/100xd.com.ar\/es\/wp-json\/wp\/v2\/posts"}],"about":[{"href":"https:\/\/100xd.com.ar\/es\/wp-json\/wp\/v2\/types\/post"}],"author":[{"embeddable":true,"href":"https:\/\/100xd.com.ar\/es\/wp-json\/wp\/v2\/users\/9"}],"replies":[{"embeddable":true,"href":"https:\/\/100xd.com.ar\/es\/wp-json\/wp\/v2\/comments?post=57065"}],"version-history":[{"count":2,"href":"https:\/\/100xd.com.ar\/es\/wp-json\/wp\/v2\/posts\/57065\/revisions"}],"predecessor-version":[{"id":57068,"href":"https:\/\/100xd.com.ar\/es\/wp-json\/wp\/v2\/posts\/57065\/revisions\/57068"}],"wp:attachment":[{"href":"https:\/\/100xd.com.ar\/es\/wp-json\/wp\/v2\/media?parent=57065"}],"wp:term":[{"taxonomy":"category","embeddable":true,"href":"https:\/\/100xd.com.ar\/es\/wp-json\/wp\/v2\/categories?post=57065"},{"taxonomy":"post_tag","embeddable":true,"href":"https:\/\/100xd.com.ar\/es\/wp-json\/wp\/v2\/tags?post=57065"}],"curies":[{"name":"wp","href":"https:\/\/api.w.org\/{rel}","templated":true}]}}