{"id":56067,"date":"2021-08-18T12:39:00","date_gmt":"2021-08-18T15:39:00","guid":{"rendered":"http:\/\/www.100xd.com.ar\/?p=56067"},"modified":"2021-08-18T12:39:06","modified_gmt":"2021-08-18T15:39:06","slug":"la-furia-que-sucede-al-papelon","status":"publish","type":"post","link":"https:\/\/100xd.com.ar\/es\/la-furia-que-sucede-al-papelon\/","title":{"rendered":"La furia que sucede al papel\u00f3n"},"content":{"rendered":"<p class=\"com-paragraph --capital --s\">Algo que no se ve est\u00e1 sucediendo cuando el Gobierno se convierte en un elenco de personas enfurecidas. Ayer fue\u00a0<strong>Cristina Kirchner<\/strong>\u00a0la que en un ardiente discurso en el conurbano\u00a0<a class=\"com-link\" title=\"volvi\u00f3 a ser ella\" href=\"https:\/\/www.lanacion.com.ar\/politica\/cristina-kirchner-apunto-contra-la-oposicion-republica-de-morondanga-era-nid17082021\/\" target=\"_self\" data-reactroot=\"\">volvi\u00f3 a ser ella<\/a>. La que nunca se fue.\u00a0<mark class=\"hl_underline\">Esto es: primero, ella. En un pa\u00eds con la mitad de la sociedad hundida en la pobreza y con un porcentaje importante de la clase media aspirando solo a irse del pa\u00eds, la vicepresidenta se enardeci\u00f3 hablando de las causas judiciales que le abrieron por delitos de corrupci\u00f3n durante sus dos gobiernos<\/mark>. Su \u00fanico problema son sus problemas. El lunes fue\u00a0<strong>Alberto Fern\u00e1ndez<\/strong>\u00a0el que se\u00a0<a class=\"com-link\" title=\"eriz\u00f3 de furia\" href=\"https:\/\/www.lanacion.com.ar\/politica\/alberto-fernandez-si-algunos-piensan-que-me-van-a-hacer-caer-por-un-error-sepanlo-me-fortalecen-nid16082021\/\" target=\"_self\" data-reactroot=\"\">eriz\u00f3 de furia<\/a>\u00a0para pedir disculpas por la foto que mostr\u00f3 a \u00e9l, a su pareja y a un grupo de invitados celebrando en la residencia de Olivos el cumplea\u00f1os de Fabiola Ya\u00f1ez en julio de 2020, en plena cuarentena por la pandemia. Sin tapabocas y sin distanciamientos. Raro: en una presentaci\u00f3n p\u00fablica anterior, cuando se lament\u00f3 y no pidi\u00f3 disculpas, habl\u00f3 como un hombre sereno, que analizaba tranquilamente lo que hab\u00eda sucedido esa noche ingrata en la casa de los presidentes.\u00a0<mark class=\"hl_underline\">Solo ten\u00eda que pararse ante un micr\u00f3fono y pedir disculpas. Sin enojos, sin reproches y sin euforia. Nunca hizo eso<\/mark>.<\/p>\n<p class=\"com-paragraph --s\"><mark class=\"hl_underline\">\u00bfEn qu\u00e9 consiste lo que no se ve? Los dos, el Presidente y su vicepresidenta, saben que hay cosas que calan hondo en la sociedad. Es lo que sucedi\u00f3 con esa foto<\/mark>. No hay nada m\u00e1s irrefutable que una foto. Las palabras admiten un r\u00e9plica. Una foto es la mejor prueba de que algo, bueno o malo, existi\u00f3. Alberto Fern\u00e1ndez hab\u00eda sido indultado por la sociedad por los muchos errores que cometi\u00f3. No lo someti\u00f3 al escrutinio por lo que dec\u00eda de Cristina y por lo que dice ahora; no le reclam\u00f3 por el\u00a0<strong>vacunatorio vip<\/strong>\u00a0ni por las negociaciones intencionadamente frustradas con el laboratorio\u00a0<strong>Pfizer<\/strong>; tampoco lo conden\u00f3 por haber dispuesto in\u00fatilmente la cuarentena m\u00e1s larga del mundo. La Argentina es ahora uno de los pa\u00edses con m\u00e1s contagiados y con m\u00e1s muertos por coronavirus en el mundo, a pesar del encierro interminable y de las restricciones insoportables. Sin embargo, esa misma sociedad dijo basta cuando vio la foto que mostraba a personas alegres y sonrientes en el peor momento de la cuarentena.<\/p>\n<div class=\"com-container --button\"><a class=\"com-link\" title=\"Un misil letal de Cristina que impact\u00f3 en el c\u00edrculo \u00edntimo del Presidente\" href=\"https:\/\/www.lanacion.com.ar\/politica\/un-misil-letal-de-cristina-que-impacto-en-el-circulo-intimo-del-presidente-nid17082021\/\" target=\"_blank\" rel=\"nofollow\"><button id=\"\" class=\"com-button --secondary --icon right --right\" title=\"\" type=\"button\" data-event=\"\" data-section=\"\"><i class=\"com-icon icon-right\"><\/i><span class=\"com-text --fivexs\">UN MISIL LETAL DE CRISTINA QUE IMPACT\u00d3 EN EL C\u00cdRCULO \u00cdNTIMO DEL PRESIDENTE<\/span><\/button><\/a><\/div>\n<p class=\"com-paragraph --s\"><mark class=\"hl_underline\">Lo que no ve es la furia contenida de Cristina Kirchner (y de gran parte del repertorio oficialista) con el propio Presidente<\/mark>. Ninguno le perdona que lo haya puesto en la necesidad de explicar lo inexplicable.\u00a0<strong>Todos simularon ayer que rodeaban y proteg\u00edan a Alberto Fern\u00e1ndez. Las elecciones est\u00e1n demasiado cerca<\/strong>. La incineraci\u00f3n pol\u00edtica del Presidente podr\u00eda significar quemaduras colectivas en el oficialismo. Todos los fuegos el fuego, seg\u00fan Cort\u00e1zar.\u00a0<mark class=\"hl_underline\">Pero Cristina no pudo con su genio. Algo desliz\u00f3 en p\u00fablico.\u00a0<\/mark><a class=\"com-link\" style=\"box-sizing: border-box; margin: 0px; padding: 0px; border: 0px; font: inherit; vertical-align: baseline; outline: none; text-decoration: none; color: #0074c4; transition: all 0.2s ease-in-out 0s;\" title=\"&lt;mark class=&quot;hl_underline&quot;&gt;\u201cPon\u00e9 orden donde tengas que poner\u201d&lt;\/mark&gt;\" href=\"https:\/\/www.lanacion.com.ar\/politica\/cristina-kirchner-apunto-contra-la-oposicion-republica-de-morondanga-era-nid17082021\/\" target=\"_self\" data-reactroot=\"\"><mark class=\"hl_underline\">\u201cPon\u00e9 orden donde tengas que poner\u201d<\/mark><\/a><mark class=\"hl_underline\">, lo mand\u00f3.<\/mark>\u00a0\u00bfD\u00f3nde est\u00e1 la crisis del desorden? \u00bfQui\u00e9n apareci\u00f3 desordenado en los \u00faltimos d\u00edas? El desorden est\u00e1 en Olivos y el desordenado es el propio Presidente. Esto es, digan lo que digan, lo que piensa y siente la vicepresidenta. La debilidad del Presidente qued\u00f3 expuesta en esa orden expl\u00edcita, dura y p\u00fablica de quien es formalmente su subordinada pol\u00edtica. Ya la debilidad hab\u00eda sido obscenamente exhibida por el ministro de Seguridad bonaerense,\u00a0<strong>Sergio Berni,<\/strong>\u00a0en una\u00a0<a class=\"com-link\" title=\"carta p\u00fablica\" href=\"https:\/\/www.lanacion.com.ar\/politica\/sergio-berni-y-las-disculpas-de-alberto-fernandez-por-la-foto-en-olivos-si-entregamos-a-nuestra-nid15082021\/\" target=\"_self\" data-reactroot=\"\">carta p\u00fablica<\/a>\u00a0a Alberto Fern\u00e1ndez escrita por \u00e9l. No fue una declaraci\u00f3n al paso ni la respuesta a una incisiva pregunta period\u00edstica. La escribi\u00f3 el propio Berni sin que nadie se lo pidiera. Nadie, claro est\u00e1, que haya aparecido pidi\u00e9ndoselo. \u201cSi entregamos a nuestra compa\u00f1era, es dif\u00edcil que nos crean\u201d, redact\u00f3 en alusi\u00f3n a la primera declaraci\u00f3n de Alberto Fern\u00e1ndez.\u00a0<mark class=\"hl_underline\">La carta de Berni tiene un p\u00e1rrafo m\u00e1s insolente a\u00fan: le pide al Presidente que \u201cponga fin a la pr\u00e1ctica de justificar dial\u00e9cticamente cualquier cosa con cualquier argumento\u201d<\/mark>. Macri no lo hubiera dicho mejor. Berni es el jefe de la fuerza armada m\u00e1s importante del pa\u00eds. La polic\u00eda bonaerense es la organizaci\u00f3n uniformada con m\u00e1s personal y m\u00e1s capacidad de tiro que tiene la Argentina. Es amigo de Cristina, no de Alberto. Correr\u00eda un riesgo demasiado importante si esas palabras no las hubiera conversado, al menos, con la vicepresidenta. Nunca ning\u00fan funcionario se le insubordin\u00f3 de esa manera a un Presidente. Los que escribieron cartas de esa cala\u00f1a sab\u00edan que la renuncia era lo siguiente que deb\u00edan escribir. Berni sigue en su puesto.<\/p>\n<p class=\"com-paragraph --s\">El Presidente conoce el vasto alcance del malestar de los oficialistas. Se lo dijeron amigos y no tan amigos. \u201cMetiste la pata. De ahora en adelante, ten\u00e9s que ser el mejor alumno\u201d, le advirti\u00f3 uno de sus ministros m\u00e1s cercanos. Consejo vano.\u00a0<mark class=\"hl_underline\">Despu\u00e9s, Alberto Fern\u00e1ndez se enfureci\u00f3 con los cr\u00edticos en lugar de aceptar que el error (\u00bfel delito?) lo cometi\u00f3 \u00e9l mismo<\/mark>. Trat\u00f3 de\u00a0<a class=\"com-link\" title=\"\u201chip\u00f3critas y miserables\u201d\" href=\"https:\/\/www.lanacion.com.ar\/politica\/alberto-fernandez-si-algunos-piensan-que-me-van-a-hacer-caer-por-un-error-sepanlo-me-fortalecen-nid16082021\/\" target=\"_self\" data-reactroot=\"\">\u201chip\u00f3critas y miserables\u201d<\/a>\u00a0a los que lo criticaron el fin de semana. Los periodistas estamos incluidos, pero no somos los \u00fanicos. Berni escribi\u00f3 el fin de semana. Muchos funcionarios hablaron en\u00a0<em>off the record<\/em>\u00a0con periodistas para contarles el efervescente clima interno. En su discurso desquiciado, el jefe del Ejecutivo dijo que le hab\u00edan atribuido falsamente que culpara a su pareja de la fiesta en Olivos. Hab\u00eda dicho textualmente:\u00a0<strong>\u201cFue una iniciativa (la fiesta en la residencia presidencial) de mi querida Fabiola\u201d<\/strong>. \u00bfQu\u00e9 es lo que se interpret\u00f3 mal? \u00bfD\u00f3nde est\u00e1 el miserable que le atribuy\u00f3 palabras que no hab\u00eda dicho?\u00a0<mark class=\"hl_underline\">Berni tiene raz\u00f3n: no puede seguir justificando dial\u00e9cticamente cualquier cosa con cualquier argumento.<\/mark><\/p>\n<div class=\"com-container --button\"><a class=\"com-link\" title=\"Cecilia Incardona: la favorita del kirchnerismo para el tribunal que define las causar por corrupci\u00f3n\" href=\"https:\/\/www.lanacion.com.ar\/politica\/cecilia-incardona-la-favorita-del-kirchnerismo-para-el-tribunal-que-define-las-causar-por-corrupcion-nid17082021\/\" target=\"_blank\" rel=\"nofollow\"><button id=\"\" class=\"com-button --secondary --icon right --right\" title=\"\" type=\"button\" data-event=\"\" data-section=\"\"><i class=\"com-icon icon-right\"><\/i><span class=\"com-text --fivexs\">CECILIA INCARDONA: LA FAVORITA DEL KIRCHNERISMO PARA EL TRIBUNAL QUE DEFINE LAS CAUSAR POR CORRUPCI\u00d3N<\/span><\/button><\/a><\/div>\n<p class=\"com-paragraph --s\">Todos (Alberto, Cristina, Kicillof y Massa) se ocuparon de Macri m\u00e1s que del esc\u00e1ndalo que suced\u00eda al mismo tiempo que la marcha de las piedras, que tuvo un importante componente emocional. Las discordias del pasado importan m\u00e1s que las tragedias del presente.\u00a0<mark class=\"hl_underline\">Macri deber\u00eda agradecerles. Lo est\u00e1n convirtiendo en el referente de la oposici\u00f3n<\/mark>\u00a0y en la otra cara de lo que ocurre ahora, cuando prevalece un estado de \u00e1nimo desencantado y desesperanzado de la sociedad. Est\u00e1n se\u00f1alando a Macri como la opci\u00f3n de todo lo contrario. No es poco. Los funcionarios se refirieron sobre todo a la deuda que tom\u00f3 Macri durante su gobierno.\u00a0<strong>El expresidente acababa de denunciar p\u00fablicamente que Cristina Kirchner y Alberto Fern\u00e1ndez endeudaron al pa\u00eds m\u00e1s que \u00e9l<\/strong>. Subray\u00f3, para marcar la gravedad del endeudamiento de la expresidenta, que Cristina recibi\u00f3 de su marido muerto un Estado con un super\u00e1vit del 4 por ciento y lo entreg\u00f3 con un d\u00e9ficit del 6. Las estad\u00edsticas oficiales se\u00f1alan, seg\u00fan consign\u00f3\u00a0<strong>LA NACION<\/strong>\u00a0en su edici\u00f3n de ayer, que la administraci\u00f3n de Alberto Fern\u00e1ndez se endeud\u00f3 en 20 meses en 40.000 millones de d\u00f3lares. Unos 20.000 millones se los pidi\u00f3 al Banco Central y otros 20.000 millones son deuda que tom\u00f3 el Tesoro Nacional. El cr\u00e9dito del Fondo Monetario que le reprochan a Macri fue de 45.000 millones de d\u00f3lares. El kirchnerismo no habl\u00f3 hasta ahora de c\u00f3mo piensa sacar al pa\u00eds de la profunda crisis econ\u00f3mica y social que se abati\u00f3. El \u00fanico discurso es, por lo que aparece, hablar mal de Macri.<\/p>\n<p class=\"com-paragraph --s\">Pedir un juicio pol\u00edtico al Presidente, como lo hicieron varios diputados de Juntos por el Cambio, es un brindis al sol, como dicen los espa\u00f1oles. Es nada. Es un pedido testimonial, que quedar\u00e1 solo en el archivo de los diarios y en el del Congreso. \u00bfPor qu\u00e9 no reclamarle a la Justicia que lo sancione con las penas que est\u00e1n vigentes? Solo eso ya ser\u00eda mucho m\u00e1s.\u00a0<mark class=\"hl_underline\">Que la Justicia haga lo mismo que hizo con muchas personas que violaron las leyes de la cuarentena<\/mark>. Un juicio pol\u00edtico necesita para progresar de los dos tercios de cada c\u00e1mara del Congreso. N\u00famero imposible sin la adhesi\u00f3n del kirchnerismo. Despu\u00e9s del Presidente est\u00e1 la vicepresidenta. \u00bfQuieren a Cristina en lugar de Alberto en la residencia de Olivos? Si no es ese el prop\u00f3sito, entonces el planteo es puramente simb\u00f3lico.<\/p>\n<div class=\"com-container --button\"><a class=\"com-link\" title=\"Mar\u00eda Eugenia Vidal, contra Alberto Fern\u00e1ndez y Cristina Kirchner: \u201cAtacan porque no tienen defensa\u201d\" href=\"https:\/\/www.lanacion.com.ar\/politica\/maria-eugenia-vidal-contra-alberto-fernandez-y-cristina-kirchner-atacan-porque-no-tienen-defensa-nid17082021\/\" target=\"_blank\" rel=\"nofollow\"><button id=\"\" class=\"com-button --secondary --icon right --right\" title=\"\" type=\"button\" data-event=\"\" data-section=\"\"><i class=\"com-icon icon-right\"><\/i><span class=\"com-text --fivexs\">MAR\u00cdA EUGENIA VIDAL, CONTRA ALBERTO FERN\u00c1NDEZ Y CRISTINA KIRCHNER: \u201cATACAN PORQUE NO TIENEN DEFENSA\u201d<\/span><\/button><\/a><\/div>\n<p class=\"com-paragraph --s\"><strong>El feminismo es una bandera del cristinismo que se usa cuando al cristinismo le conviene<\/strong>. Nadie sali\u00f3 a defender a Fabiola Ya\u00f1ez (salvo Berni y Lu\u00eds D\u2019El\u00eda) cuando al principio de todo el Presidente le endilg\u00f3 la culpa de la fiesta en Olivos. Esa fue una decisi\u00f3n compartida por los dos. La foto muestra que la comida se hizo en el comedor principal de la residencia, no en el familiar ni en el de la casa de hu\u00e9spedes. Ninguna primera dama ocupar\u00eda ese comedor sin consultar con su pareja si lo usar\u00eda o no para reuniones pol\u00edticas. El mundo occidental est\u00e1 preocupado por la situaci\u00f3n de las mujeres en Afganist\u00e1n despu\u00e9s del triunfo de los talibanes. En los a\u00f1os en que ellos gobernaron ese pobre pa\u00eds, las mujeres se convirtieron en seres fantasmas. La canciller\u00eda argentina emiti\u00f3 un comunicado pidiendo un \u201cdi\u00e1logo entre las partes\u201d y el respeto a los derechos humanos. El di\u00e1logo con el fanatismo talib\u00e1n es una ingenuidad. No dijo nada de las mujeres. La situaci\u00f3n de las mujeres en Afganist\u00e1n hab\u00eda progresado mucho con el gobierno que cay\u00f3. Participaban de la administraci\u00f3n p\u00fablica, integraban el Parlamento y no estaban condenadas a ocultarse en p\u00fablico. \u00bfC\u00f3mo ser\u00e1 en adelante?<\/p>\n<p class=\"com-paragraph --s\">Peor: un asesor de Kicillof,\u00a0<strong>Jorge Rachid<\/strong>, dijo que los ciudadanos que huyen del Afganist\u00e1n de los talibanes\u00a0<a class=\"com-link\" title=\"son como los colaboracionistas del nazismo\" href=\"https:\/\/www.lanacion.com.ar\/politica\/polemicas-declaraciones-de-un-asesor-de-kicillof-sobre-afganistan-nid17082021\/\" target=\"_self\" data-reactroot=\"\">son como los colaboracionistas del nazismo<\/a>\u00a0cuando las tropas de Hitler perdieron la guerra en Europa. \u00bfEstados Unidos es lo mismo que la Alemania de Hitler? Rachid es un m\u00e9dico que ya hizo otros papelones. Asegur\u00f3, por ejemplo, que Pfizer ped\u00eda los glaciares para vender aqu\u00ed su vacuna contra el coronavirus. Rachid hizo las declaraciones sobre Afganist\u00e1n en la televisi\u00f3n p\u00fablica. Hay confusiones intelectuales y conceptuales tan graves como la fiesta de Olivos. Los talibanes son fuerzas de liberaci\u00f3n, seg\u00fan Rachid. No hizo ninguna alusi\u00f3n a las mujeres. Como dice el periodista\u00a0<strong>Jorge Fern\u00e1ndez D\u00edaz<\/strong>,\u00a0<mark class=\"hl_underline\">el feminismo y el nacionalismo son incompatibles, porque el feminismo es hijo del liberalismo pol\u00edtico. Puede agregarse que la democracia es igualmente hija del liberalismo. El populismo es su enemigo. Tambi\u00e9n esto es parte de lo que no ve<\/mark>.<\/p>\n<div class=\"row FirmaAutor\">\n<div class=\"col-12\">\n<section class=\"mod-autor\">\n<div class=\"container-text\">\n<div class=\"container-firma\"><a class=\"com-link --autor\" title=\"Ir a notas de Joaqu\u00edn Morales Sol\u00e1\" href=\"https:\/\/www.lanacion.com.ar\/autor\/joaquin-morales-sola-51\/\">Joaqu\u00edn Morales Sol\u00e1<\/a><\/div>\n<div class=\"container-firma\">Fuente: <a href=\"https:\/\/www.lanacion.com.ar\/\">La Naci\u00f2n<\/a><\/div>\n<\/div>\n<\/section>\n<\/div>\n<\/div>","protected":false},"excerpt":{"rendered":"<p>Algo que no se ve est\u00e1 sucediendo cuando el Gobierno se convierte en un elenco de personas enfurecidas. Ayer fue\u00a0Cristina Kirchner\u00a0la que en un ardiente discurso en el conurbano\u00a0volvi\u00f3 a ser ella. La que nunca se fue.\u00a0Esto es: primero, ella. En un pa\u00eds con la mitad de la sociedad hundida en la pobreza y con [&hellip;]<\/p>\n","protected":false},"author":4,"featured_media":0,"comment_status":"open","ping_status":"open","sticky":false,"template":"","format":"standard","meta":{"site-sidebar-layout":"default","site-content-layout":"","ast-site-content-layout":"default","site-content-style":"default","site-sidebar-style":"default","ast-global-header-display":"","ast-banner-title-visibility":"","ast-main-header-display":"","ast-hfb-above-header-display":"","ast-hfb-below-header-display":"","ast-hfb-mobile-header-display":"","site-post-title":"","ast-breadcrumbs-content":"","ast-featured-img":"","footer-sml-layout":"","ast-disable-related-posts":"","theme-transparent-header-meta":"","adv-header-id-meta":"","stick-header-meta":"","header-above-stick-meta":"","header-main-stick-meta":"","header-below-stick-meta":"","astra-migrate-meta-layouts":"default","ast-page-background-enabled":"default","ast-page-background-meta":{"desktop":{"background-color":"","background-image":"","background-repeat":"repeat","background-position":"center center","background-size":"auto","background-attachment":"scroll","background-type":"","background-media":"","overlay-type":"","overlay-color":"","overlay-opacity":"","overlay-gradient":""},"tablet":{"background-color":"","background-image":"","background-repeat":"repeat","background-position":"center center","background-size":"auto","background-attachment":"scroll","background-type":"","background-media":"","overlay-type":"","overlay-color":"","overlay-opacity":"","overlay-gradient":""},"mobile":{"background-color":"","background-image":"","background-repeat":"repeat","background-position":"center center","background-size":"auto","background-attachment":"scroll","background-type":"","background-media":"","overlay-type":"","overlay-color":"","overlay-opacity":"","overlay-gradient":""}},"ast-content-background-meta":{"desktop":{"background-color":"var(--ast-global-color-5)","background-image":"","background-repeat":"repeat","background-position":"center center","background-size":"auto","background-attachment":"scroll","background-type":"","background-media":"","overlay-type":"","overlay-color":"","overlay-opacity":"","overlay-gradient":""},"tablet":{"background-color":"var(--ast-global-color-5)","background-image":"","background-repeat":"repeat","background-position":"center center","background-size":"auto","background-attachment":"scroll","background-type":"","background-media":"","overlay-type":"","overlay-color":"","overlay-opacity":"","overlay-gradient":""},"mobile":{"background-color":"var(--ast-global-color-5)","background-image":"","background-repeat":"repeat","background-position":"center center","background-size":"auto","background-attachment":"scroll","background-type":"","background-media":"","overlay-type":"","overlay-color":"","overlay-opacity":"","overlay-gradient":""}},"footnotes":""},"categories":[12],"tags":[],"class_list":["post-56067","post","type-post","status-publish","format-standard","hentry","category-opinion"],"spectra_blocks_featured_image_url":null,"spectra_blocks_author_info":{"display_name":"Facundo Novillo","avatar_url":"https:\/\/secure.gravatar.com\/avatar\/09745bc65ce6bf84291d6515d5f759c04b4fce4f329b8a975a8ac2982b552d3e?s=96&d=mm&r=g","author_link":"https:\/\/100xd.com.ar\/es\/author\/facundo\/","description":""},"_links":{"self":[{"href":"https:\/\/100xd.com.ar\/es\/wp-json\/wp\/v2\/posts\/56067","targetHints":{"allow":["GET"]}}],"collection":[{"href":"https:\/\/100xd.com.ar\/es\/wp-json\/wp\/v2\/posts"}],"about":[{"href":"https:\/\/100xd.com.ar\/es\/wp-json\/wp\/v2\/types\/post"}],"author":[{"embeddable":true,"href":"https:\/\/100xd.com.ar\/es\/wp-json\/wp\/v2\/users\/4"}],"replies":[{"embeddable":true,"href":"https:\/\/100xd.com.ar\/es\/wp-json\/wp\/v2\/comments?post=56067"}],"version-history":[{"count":1,"href":"https:\/\/100xd.com.ar\/es\/wp-json\/wp\/v2\/posts\/56067\/revisions"}],"predecessor-version":[{"id":56069,"href":"https:\/\/100xd.com.ar\/es\/wp-json\/wp\/v2\/posts\/56067\/revisions\/56069"}],"wp:attachment":[{"href":"https:\/\/100xd.com.ar\/es\/wp-json\/wp\/v2\/media?parent=56067"}],"wp:term":[{"taxonomy":"category","embeddable":true,"href":"https:\/\/100xd.com.ar\/es\/wp-json\/wp\/v2\/categories?post=56067"},{"taxonomy":"post_tag","embeddable":true,"href":"https:\/\/100xd.com.ar\/es\/wp-json\/wp\/v2\/tags?post=56067"}],"curies":[{"name":"wp","href":"https:\/\/api.w.org\/{rel}","templated":true}]}}