{"id":52043,"date":"2021-03-01T15:12:32","date_gmt":"2021-03-01T18:12:32","guid":{"rendered":"http:\/\/www.100xd.com.ar\/?p=52043"},"modified":"2021-03-01T15:12:38","modified_gmt":"2021-03-01T18:12:38","slug":"el-presidente-lanzo-durisimas-criticas-a-la-justicia-y-a-la-corte-y-anuncio-una-bateria-de-proyectos-de-ley-para-cambiarla","status":"publish","type":"post","link":"https:\/\/100xd.com.ar\/es\/el-presidente-lanzo-durisimas-criticas-a-la-justicia-y-a-la-corte-y-anuncio-una-bateria-de-proyectos-de-ley-para-cambiarla\/","title":{"rendered":"El presidente lanz\u00f3 dur\u00edsimas cr\u00edticas a la Justicia y a la Corte y anunci\u00f3 una bater\u00eda de proyectos de ley para cambiarla"},"content":{"rendered":"<p class=\"capital\">al abrir las\u00a0<a class=\"link\" href=\"https:\/\/www.lanacion.com.ar\/politica\/apertura-sesiones-legislativas-2021-nid2611035\">sesiones ordinarias del Congreso<\/a>\u00a0ante la\u00a0<b>Asamblea Legislativa<\/b>, el presidente\u00a0<b>Alberto Fern\u00e1ndez<\/b>\u00a0critic\u00f3 con dureza a la Justicia, dijo que est\u00e1 &#8220;en crisis&#8221;, que es el \u00fanico poder que vive &#8220;en los m\u00e1rgenes del sistema republicano&#8221;, entendi\u00f3 que los jueces &#8220;tienen privilegios&#8221; que nadie m\u00e1s tiene y cuestion\u00f3 a la Corte Suprema.<\/p>\n<p>Para remediarlo anunci\u00f3 que enviar\u00e1 este a\u00f1o al Congreso una bater\u00eda de proyectos de ley para\u00a0<b>&#8220;crear un tribunal intermedio de arbitrariedad&#8221;<\/b>\u00a0que falle antes que la Corte, otro que reglamente el funcionamiento del m\u00e1ximo tribunal, una reforma del Consejo de la Magistratura para despolitizarlo y otro que disponga la realizaci\u00f3n de\u00a0<b>juicios por jurados<\/b>\u00a0populares para los delitos federales. Dijo que, a su entender, es el camino para devolver credibilidad al Poder Judicial.<\/p>\n<p>La Corte estaba\u00a0<b>presente v\u00eda zoom<\/b>\u00a0en una pantalla, donde estaban reunidos los cinco jueces en una sala del Palacio de Tribunales.<\/p>\n<h2 id=\"contra-el-fiscal\" class=\"subtitulo-1\">Contra el fiscal<\/h2>\n<p>Tambi\u00e9n critic\u00f3 con dureza que el fiscal\u00a0<b>Carlos Stornelli\u00a0<\/b>siga en su cargo a pesar de estar procesado en una causa en la justicia federal de Dolores por supuesto espionaje ilegal. Stornelli est\u00e1 procesado y acusado de pedir datos sobre quien fuera la pareja de su exmujer y de haber pedido realizar una c\u00e1mara oculta a un abogado.<\/p>\n<p>En sus cr\u00edticas, Fern\u00e1ndez dijo que a Stornelli no se le aplica la doctrina que esboz\u00f3 el juez\u00a0<b>Mart\u00edn Irurzun<\/b>\u00a0de dictar la prisi\u00f3n preventiva ante el poder residual que pudiera tener como funcionario. &#8220;Es cierto. Su poder no es residual. Est\u00e1 vigente&#8221;, dijo.<\/p>\n<p>Stornelli fue el fiscal que llev\u00f3 adelante la investigaci\u00f3n por los\u00a0<b>cuadernos de las coimas<\/b>, que recopilaron decenas de testimonios de empresarios que reconocieron haber pagado sobornos al kirchnerismo para quedarse con negocios de obras p\u00fablicas.<\/p>\n<p>Tambi\u00e9n critic\u00f3 que el presidente de la Casaci\u00f3n,\u00a0<b>Gustavo Hornos<\/b>, hubiera visitado al expresidente el Mauricio Macri en la Casa Rosada, antes de dictar fallos adversos al kirchenrismo. Dijo que solo un juez de la Casaci\u00f3n se alz\u00f3 contra esas visitas para pedirle explicaciones. En rigor fueron cuatro jueces los que le reclamaron explicaciones al juez Hornos.<\/p>\n<p>&#8220;Terminemos con las condenas o absoluciones en funci\u00f3n de una preferencia o presi\u00f3n de factores de poder&#8221;, reclam\u00f3 al igual que con &#8220;la dilaci\u00f3n de causas en funci\u00f3n de conductas extorsivas&#8221;.<\/p>\n<div id=\"modalOverlay\"><\/div>\n<figure id=\"figure_3642630\" class=\"L epigrafe\" data-is=\"imagen\"><picture><source srcset=\"\/\/bucket1.glanacion.com\/anexos\/fotos\/30\/3642630w740.jpg\" media=\"(min-width: 768px)\" \/><source srcset=\"\/\/bucket1.glanacion.com\/anexos\/fotos\/30\/3642630w768.jpg\" media=\"(min-width: 380px)\" \/><img decoding=\"async\" src=\"https:\/\/bucket1.glanacion.com\/anexos\/fotos\/30\/3642630w380.jpg\" alt=\"El ministro Mat\u00edas Kulfas, de Producci\u00f3n, y Marcela Losardo, de Justicia, al llegar al Congreso\"  title=\"El presidente lanz\u00f3 dur\u00edsimas cr\u00edticas a la Justicia y a la Corte y anunci\u00f3 una bater\u00eda de proyectos de ley para cambiarla\" \/><\/picture><figcaption>El ministro Mat\u00edas Kulfas, de Producci\u00f3n, y Marcela Losardo, de Justicia, al llegar al Congreso\u00a0<span class=\"fuente\">Cr\u00e9dito: Fabi\u00e1n Marelli \/ Pool<\/span><\/figcaption><\/figure>\n<p>Fern\u00e1ndez que la\u00a0<b>C\u00e1mara de Diputados<\/b>\u00a0trate la ley de reforma judicial y la ley que permite reformar el\u00a0<b>Ministerio P\u00fablico Fiscal<\/b>, ambas con media sanci\u00f3n en el Senado. No mencion\u00f3 la candidatura del juez\u00a0<b>Daniel Rafecas<\/b>\u00a0a la Procuraci\u00f3n General de la Naci\u00f3n.<\/p>\n<p>Fern\u00e1ndez tambi\u00e9n aludi\u00f3 a la Justicia cuando cuando abord\u00f3 el tema de la violencia de g\u00e9nero. Dijo que la Justicia dio una &#8220;respuesta deficitaria&#8221; ante estos casos y reclam\u00f3 una profunda reforma judicial.<\/p>\n<p>Reconoci\u00f3 que con la intervenci\u00f3n de la Agencia Federal de Investigaciones (AFI) y la prohibici\u00f3n de que agentes de inteligencia intervengan en causas judiciales &#8220;no alcanz\u00f3&#8221; para solucionar estos problemas.<\/p>\n<div class=\"link-boton\"><a href=\"https:\/\/www.lanacion.com.ar\/politica\/cacerolazo-alberto-fernandez-nid2616915\"><span class=\"texto\">Cacerolazo contra Alberto Fern\u00e1ndez: anuncian una protesta masiva tras el discurso en el Congreso<\/span><\/a><\/div>\n<p>&#8220;<b>El Poder Judicial de la Naci\u00f3n est\u00e1 en crisis<\/b>. Es el \u00fanico poder que parece vivir en las m\u00e1rgenes del sistema republicano. Sus miembros (jueces, fiscales, defensores y dem\u00e1s funcionarios) disfrutan de privilegios de los que no gozan ning\u00fan miembro de la sociedad&#8221;, indic\u00f3.<\/p>\n<p>Sostuvo que ning\u00fan miembro del Poder Judicial paga impuesto a las ganancias y que es una tarea casi imposible acceder a la\u00a0<b>declaraci\u00f3n jurada de bienes<\/b>\u00a0de un miembro de la Corte Suprema. Y que por la &#8220;relaci\u00f3n corporativa&#8221; que vincula a los jueces del m\u00e1ximo tribunal &#8220;ha permitido que muchos de ellos permanezcan en sus cargos\u00a0<b>m\u00e1s all\u00e1 del tope de edad<\/b>\u00a0que la Constituci\u00f3n impone&#8221;.<\/p>\n<p>Se trata aqu\u00ed de una cr\u00edtica a la jueza\u00a0<b>Helena Highton de Nolasco\u00a0<\/b>que obtuvo un fallo que le permite seguir en el m\u00e1ximo tribunal a pesar de tener m\u00e1s de 75 a\u00f1os.<\/p>\n<p>Dijo que, ante la causa de espionaje ilegal contra pol\u00edticos y periodistas, de la que la propia Cristina Kirchner fue v\u00edctima, &#8220;todo se sabe y todo sigue transcurriendo como si nada pasara&#8221;.<\/p>\n<p><b>Cristina Kirchner, a su lado, lo miraba seria.<\/b><\/p>\n<p>Insisti\u00f3 con sus cr\u00edticas a la Corte por haber abierto el per saltum en beneficio de los jueces Leopoldo Bruglia y Pablo Bertuzzi, cuyos traslados estaba muy cuestionado.<\/p>\n<p>Pudo en duda las declaraciones de los arrepentidos que declararon en los casos de corrupci\u00f3n contra el kirchnerismo &#8220;bien pagos con fiscales y jueces que los avalaron&#8221;. All\u00ed est\u00e1n Leonardo Fari\u00f1a, clave en la condena contra L\u00e1zaro B\u00e1ez y eventualmente en el juicio contra Cristina Kirchner y contra Alejandro Vandenbroele, clave en la condena de Amado Boudou en el caso Ciccone, cuando se asumi\u00f3 como su testaferro.<\/p>\n<h2 id=\"el-impulso-a-los-proyectos\" class=\"subtitulo-1\">El impulso a los proyectos<\/h2>\n<p>Le pidi\u00f3 al Congreso que &#8220;asuma su rol de control cruzado sobre el Poder Judicial&#8221; para &#8220;ver lo que ha ocurrido y ver lo que est\u00e1 ocurriendo en la administraci\u00f3n de justicia de nuestra rep\u00fablica&#8221;.<\/p>\n<p>&#8220;Sufrimos la discrecionalidad de los jueces expresada en demoras inadmisibles de procesos judiciales que afianzan el clima de impunidad. Padecemos la manipulaci\u00f3n de decisiones jurisdiccionales en funci\u00f3n de intereses econ\u00f3micos o partidarios que conducen a medir los hechos con distintas varas&#8221;, dijo,<\/p>\n<p><b>Fern\u00e1ndez<\/b>\u00a0anunci\u00f3 su bater\u00eda de medidas para intervenir en la administraci\u00f3n del Poder Judicial. En ese marco anticip\u00f3 un proyecto para reglamentar el recurso extraordinario ante la Corte y establecer cu\u00e1les son las competencias del m\u00e1ximo tribunal &#8220;en la revisi\u00f3n de la constitucionalidad de las normas aplicadas en sentencias&#8221;.<\/p>\n<p>Propuso determinar la &#8220;arbitrariedad&#8221; de las sentencias &#8220;para acabar con la discrecionalidad que hoy se observa&#8221; al rechazar determinados recursos y legislar sobre la facultad que tiene la Corte de rechazar sin m\u00e1s tr\u00e1mite los casos que se le presentan (art\u00edculo 280 del C\u00f3digo Procesal Civil y Comercial)<\/p>\n<p>Asimismo, anunci\u00f3 un proyecto de ley para reformar el<b>\u00a0Consejo de la Magistratura<\/b>\u00a0para que sus integrantes act\u00faan &#8220;sin favores a devolver y sin la contaminaci\u00f3n con los poderes corporativos o pol\u00edticos&#8221;.<\/p>\n<p>Anunci\u00f3 que enviar\u00e1 una ley para crear con el apoyo de los gobernadores, un &#8220;<b>Tribunal Federal de Garant\u00edas&#8221;\u00a0<\/b>que tendr\u00e1 competencia en cuestiones de arbitrariedad y al que se podr\u00e1 llegar por v\u00eda del recurso extraordinario. &#8220;De ese modo, la Corte Suprema de Justicia de la Naci\u00f3n podr\u00eda circunscribir su competencia a aquella tem\u00e1tica que la Constituci\u00f3n Nacional expresamente le ha dado&#8221;. Es decir, se evitar\u00eda su intervenci\u00f3n,<\/p>\n<p>Adem\u00e1s, dijo que iba a aplicar el juicio por jurados populares para casos federales. As\u00ed pretende &#8220;reinstalar la confianza en nuestras instituciones&#8221;.<\/p>\n<div class=\"firma\">Por:\u00a0<a href=\"https:\/\/www.lanacion.com.ar\/autor\/hernan-cappiello-154\">Hern\u00e1n Cappiello<\/a><\/div>\n<div class=\"firma\"><\/div>\n<div class=\"firma\">Fuente:\u00a0 <a href=\"https:\/\/www.lanacion.com.ar\/\">La Naci\u00f3n<\/a><\/div>\n<p>&nbsp;<\/p>","protected":false},"excerpt":{"rendered":"<p>al abrir las\u00a0sesiones ordinarias del Congreso\u00a0ante la\u00a0Asamblea Legislativa, el presidente\u00a0Alberto Fern\u00e1ndez\u00a0critic\u00f3 con dureza a la Justicia, dijo que est\u00e1 &#8220;en crisis&#8221;, que es el \u00fanico poder que vive &#8220;en los m\u00e1rgenes del sistema republicano&#8221;, entendi\u00f3 que los jueces &#8220;tienen privilegios&#8221; que nadie m\u00e1s tiene y cuestion\u00f3 a la Corte Suprema. Para remediarlo anunci\u00f3 que enviar\u00e1 [&hellip;]<\/p>\n","protected":false},"author":9,"featured_media":0,"comment_status":"open","ping_status":"open","sticky":false,"template":"","format":"standard","meta":{"site-sidebar-layout":"default","site-content-layout":"","ast-site-content-layout":"default","site-content-style":"default","site-sidebar-style":"default","ast-global-header-display":"","ast-banner-title-visibility":"","ast-main-header-display":"","ast-hfb-above-header-display":"","ast-hfb-below-header-display":"","ast-hfb-mobile-header-display":"","site-post-title":"","ast-breadcrumbs-content":"","ast-featured-img":"","footer-sml-layout":"","ast-disable-related-posts":"","theme-transparent-header-meta":"","adv-header-id-meta":"","stick-header-meta":"","header-above-stick-meta":"","header-main-stick-meta":"","header-below-stick-meta":"","astra-migrate-meta-layouts":"default","ast-page-background-enabled":"default","ast-page-background-meta":{"desktop":{"background-color":"","background-image":"","background-repeat":"repeat","background-position":"center center","background-size":"auto","background-attachment":"scroll","background-type":"","background-media":"","overlay-type":"","overlay-color":"","overlay-opacity":"","overlay-gradient":""},"tablet":{"background-color":"","background-image":"","background-repeat":"repeat","background-position":"center center","background-size":"auto","background-attachment":"scroll","background-type":"","background-media":"","overlay-type":"","overlay-color":"","overlay-opacity":"","overlay-gradient":""},"mobile":{"background-color":"","background-image":"","background-repeat":"repeat","background-position":"center center","background-size":"auto","background-attachment":"scroll","background-type":"","background-media":"","overlay-type":"","overlay-color":"","overlay-opacity":"","overlay-gradient":""}},"ast-content-background-meta":{"desktop":{"background-color":"var(--ast-global-color-5)","background-image":"","background-repeat":"repeat","background-position":"center center","background-size":"auto","background-attachment":"scroll","background-type":"","background-media":"","overlay-type":"","overlay-color":"","overlay-opacity":"","overlay-gradient":""},"tablet":{"background-color":"var(--ast-global-color-5)","background-image":"","background-repeat":"repeat","background-position":"center center","background-size":"auto","background-attachment":"scroll","background-type":"","background-media":"","overlay-type":"","overlay-color":"","overlay-opacity":"","overlay-gradient":""},"mobile":{"background-color":"var(--ast-global-color-5)","background-image":"","background-repeat":"repeat","background-position":"center center","background-size":"auto","background-attachment":"scroll","background-type":"","background-media":"","overlay-type":"","overlay-color":"","overlay-opacity":"","overlay-gradient":""}},"footnotes":""},"categories":[2],"tags":[],"class_list":["post-52043","post","type-post","status-publish","format-standard","hentry","category-politica"],"spectra_blocks_featured_image_url":null,"spectra_blocks_author_info":{"display_name":"Jorge Alfredo Baret","avatar_url":"https:\/\/secure.gravatar.com\/avatar\/31696f5ca83439b642450ec7d3f82f98451a5efacb414343d5478c982b337f26?s=96&d=mm&r=g","author_link":"https:\/\/100xd.com.ar\/es\/author\/jorge\/","description":"Ingeniero Qu\u00edmico UTN - Director Apoderado de Comunicaciones Auditadas SA. Editor Responsable 100xd.com.ar."},"_links":{"self":[{"href":"https:\/\/100xd.com.ar\/es\/wp-json\/wp\/v2\/posts\/52043","targetHints":{"allow":["GET"]}}],"collection":[{"href":"https:\/\/100xd.com.ar\/es\/wp-json\/wp\/v2\/posts"}],"about":[{"href":"https:\/\/100xd.com.ar\/es\/wp-json\/wp\/v2\/types\/post"}],"author":[{"embeddable":true,"href":"https:\/\/100xd.com.ar\/es\/wp-json\/wp\/v2\/users\/9"}],"replies":[{"embeddable":true,"href":"https:\/\/100xd.com.ar\/es\/wp-json\/wp\/v2\/comments?post=52043"}],"version-history":[{"count":2,"href":"https:\/\/100xd.com.ar\/es\/wp-json\/wp\/v2\/posts\/52043\/revisions"}],"predecessor-version":[{"id":52046,"href":"https:\/\/100xd.com.ar\/es\/wp-json\/wp\/v2\/posts\/52043\/revisions\/52046"}],"wp:attachment":[{"href":"https:\/\/100xd.com.ar\/es\/wp-json\/wp\/v2\/media?parent=52043"}],"wp:term":[{"taxonomy":"category","embeddable":true,"href":"https:\/\/100xd.com.ar\/es\/wp-json\/wp\/v2\/categories?post=52043"},{"taxonomy":"post_tag","embeddable":true,"href":"https:\/\/100xd.com.ar\/es\/wp-json\/wp\/v2\/tags?post=52043"}],"curies":[{"name":"wp","href":"https:\/\/api.w.org\/{rel}","templated":true}]}}