{"id":51777,"date":"2021-02-24T11:30:10","date_gmt":"2021-02-24T14:30:10","guid":{"rendered":"http:\/\/www.100xd.com.ar\/?p=51777"},"modified":"2021-02-24T11:30:16","modified_gmt":"2021-02-24T14:30:16","slug":"una-ofensa-gratuita-a-mexico","status":"publish","type":"post","link":"https:\/\/100xd.com.ar\/es\/una-ofensa-gratuita-a-mexico\/","title":{"rendered":"Una ofensa gratuita a M\u00e9xico"},"content":{"rendered":"<p class=\"paragraph\">\u201cM\u00e9xico tiene\u00a0<b>el primer presidente honesto<\/b>\u00a0en muchos a\u00f1os\u201d, dijo el presidente Alberto Fern\u00e1ndez en su primer d\u00eda de visita en ese pa\u00eds, durante una actividad compartida con el primer mandatario mexicano, Andr\u00e9s Manuel L\u00f3pez Obrador, a quien evidentemente buscaba a toda costa halagar, ya que no se limit\u00f3 con enunciar ese concepto una sola vez, sino que lo reiter\u00f3. \u201cM\u00e9xico tiene\u00a0<b>el primer presidente decente<\/b>\u00a0en muchos a\u00f1os\u201d, insisti\u00f3.<\/p>\n<p class=\"paragraph\">Y, para que no quedaran dudas, sigui\u00f3:\u00a0<b>\u201cPor fin M\u00e9xico tiene un presidente como merecen los mexicanos,\u00a0<\/b>por primera vez M\u00e9xico en muchos a\u00f1os tiene un presidente\u00a0<b>con valores morales y \u00e9ticos\u00a0<\/b>como merecen los mexicanos\u201d.<\/p>\n<p class=\"paragraph\">No hubo reacciones a estos comentarios, de momento, pero\u00a0<b>dif\u00edcilmente la ofensa haya pasado inadvertida.<\/b>\u00a0En diplomacia, se toma nota de todo. En diplomacia, las naciones tienen una continuidad, una existencia, por encima de los avatares ideol\u00f3gico-partidarios.<\/p>\n<div class=\"article-video | visual__video height_auto width_full margin_vertical_10px\">\n<div id=\"powa-d5bd3e13-d43f-4e7c-b0b4-8e0e97f822dc-1\" class=\"powa powa-processed\" tabindex=\"0\" data-org=\"infobae\" data-uuid=\"d5bd3e13-d43f-4e7c-b0b4-8e0e97f822dc\" data-aspect-ratio=\"0.5625\" data-powa-index=\"1\" data-env=\"prod\">\n<div class=\"powa-pane\"><\/div>\n<div class=\"powa-shot\">\n<div class=\"powa-shot-image powa-click-promo-play\">\n<div class=\"powa-shot-play-btn powa-click-promo-play\"><i class=\"powa-shot-play-icon fa fa-play\"><\/i><span class=\"play-text\">Play<\/span><\/div>\n<\/div>\n<\/div>\n<\/div>\n<p>Los comentarios de Alberto Fern\u00e1ndez sobre L\u00f3pez Obrador<\/p>\n<\/div>\n<p class=\"paragraph\">Tampoco hubo reacciones en la Argentina, porque<b>\u00a0la oposici\u00f3n est\u00e1 demasiado concentrada en ver c\u00f3mo saca r\u00e9dito de la crisis de las vacunas,\u00a0<\/b>como para ocuparse de \u201cnimiedades\u201d tales como\u00a0<b>semejante descalificaci\u00f3n de un pa\u00eds amigo<\/b>\u00a0por parte de quien nos representa ante el mundo, m\u00e1s all\u00e1 del signo partidario.<\/p>\n<p class=\"paragraph\">Adem\u00e1s de lo anti-diplom\u00e1tico, el comentario revela\u00a0<b>una llamativa ausencia de conciencia hist\u00f3rica<\/b>; y hablamos de una historia muy reciente, que muchos argentinos contempor\u00e1neos hemos vivido;\u00a0<b>una historia que adem\u00e1s es objeto de culto y de supuesta memoria permanente<\/b>\u00a0por parte del actual oficialismo.<\/p>\n<p class=\"paragraph\">\u00bfPuede ignorar Alberto Fern\u00e1ndez que en tiempos de la Guerra Fr\u00eda\u00a0<b>M\u00e9xico fue la tierra de asilo de todos los perseguidos del mundo,<\/b>\u00a0con prescindencia de sus identidades partidarias, con una generosidad legendaria?<\/p>\n<p class=\"paragraph\">En lo que concierne a la Argentina en particular,\u00a0<b>son demasiados los testigos vivos de la acogida desinteresada que dio M\u00e9xico a los exiliados de la dictadura de 1976<\/b>, muchos de ellos funcionarios y amigos de esta cuarta gesti\u00f3n kirchnerista como para suponer que el Presidente pueda desconocerlo.<\/p>\n<p class=\"paragraph\">La mayor paradoja es que entre esos exiliados estuvo ni m\u00e1s ni menos que<b>\u00a0el ex presidente H\u00e9ctor J. C\u00e1mpora,<\/b>\u00a0inspirador del nombre de la columna vertebral del kirchnerismo que tiene por referente a Cristina Fern\u00e1ndez de Kirchner, que es\u00a0<b>quien llev\u00f3 a Alberto Fern\u00e1ndez a la presidencia.<\/b><\/p>\n<picture class=\"visual__image\"><source srcset=\"https:\/\/www.infobae.com\/new-resizer\/okxNPt04tFy9atZMxNcIs-QCaxc=\/768x512\/filters:format(jpg):quality(85)\/cloudfront-us-east-1.images.arcpublishing.com\/infobae\/GRUC3A3DYVBIRF6X7O4WN2576E.jpg 768w\" type=\"image\/jpg\" \/><source srcset=\"https:\/\/www.infobae.com\/new-resizer\/gjI8Tm21qj7WubpDvClFPVQsVQg=\/420x280\/filters:format(jpg):quality(85)\/cloudfront-us-east-1.images.arcpublishing.com\/infobae\/GRUC3A3DYVBIRF6X7O4WN2576E.jpg 420w\" type=\"image\/jpg\" \/><img loading=\"lazy\" decoding=\"async\" src=\"https:\/\/www.infobae.com\/new-resizer\/gjI8Tm21qj7WubpDvClFPVQsVQg=\/420x280\/filters:format(jpg):quality(85)\/\/cloudfront-us-east-1.images.arcpublishing.com\/infobae\/GRUC3A3DYVBIRF6X7O4WN2576E.jpg\" alt=\"El ex presidente H\u00e9ctor J. C\u00e1mpora, rodeado de otros exiliados en M\u00e9xico. A la derecha de la foto, Esteban Righi\" width=\"400\" height=\"264\"  title=\"Una ofensa gratuita a M\u00e9xico\" \/>El ex presidente H\u00e9ctor J. C\u00e1mpora, rodeado de otros exiliados en M\u00e9xico. A la derecha de la foto, Esteban Righi<\/picture>\n<p class=\"paragraph\">M\u00e1s aun,<b>\u00a0M\u00e9xico salv\u00f3 la vida de C\u00e1mpora al brindarle refugio\u00a0<\/b>en su Embajada de Buenos Aires el d\u00eda del golpe de Estado del 24 de marzo de 1976. Junto con \u00e9l, tambi\u00e9n se asil\u00f3 en esa sede diplom\u00e1tica\u00a0<b>Juan Manuel Abal Medina,<\/b>\u00a0otro protagonista emblem\u00e1tico de los a\u00f1os 70, de los que los cuadros kirchneristas se pretenden herederos.<\/p>\n<p class=\"paragraph\">C\u00e1mpora residi\u00f3 en la Embajada del pa\u00eds\u00a0<b>a cuya clase pol\u00edtica Fern\u00e1ndez acaba de ofender tratando de deshonesta e indecente,\u00a0<\/b>hasta noviembre de 1979, cuando finalmente la dictadura lo dej\u00f3 salir hacia M\u00e9xico donde residi\u00f3 hasta su muerte, en diciembre de 1980.<\/p>\n<p class=\"paragraph\"><b>El ideologismo ciega a esta administraci\u00f3n en sus gestos de pol\u00edtica exterior.\u00a0<\/b>Recordemos que, poco despu\u00e9s de que el Presidente declarara que \u00e9l y L\u00f3pez Obrador eran los \u00fanicos mandatarios latinoamericanos que deseaban cambiar el mundo, el l\u00edder mexicano visit\u00f3 a Donald Trump en Estados Unidos y le prodig\u00f3 varios elogios, tales como: \u201cHemos recibido de usted comprensi\u00f3n y respeto\u201d.<\/p>\n<p class=\"paragraph\">La frase de Alberto Fern\u00e1ndez<b>\u00a0evoca aquel \u201cd\u00e9ficit de historicidad\u201d que Rodolfo Walsh le reprochaba a la conducci\u00f3n de Montoneros<\/b>\u00a0y que hoy se refleja en el capricho de querer presidir un partido a la vez que se desconoce el ideario de su fundador.<\/p>\n<p class=\"paragraph\">El general Per\u00f3n calific\u00f3 de<b>\u00a0\u201capresurados\u201d y \u201cdesagradecidos\u201d<\/b>\u00a0a los miembros de aquella tendencia.<\/p>\n<p class=\"paragraph\">Alberto Fern\u00e1ndez fue apresurado en su cr\u00edtica gen\u00e9rica a M\u00e9xico y su historia y, como presidente de la Argentina,\u00a0<b>fue desagradecido hacia quienes cobijaron a tantos compatriotas<\/b>\u00a0en horas dif\u00edciles.<\/p>\n<p class=\"paragraph\">Fuente: <a href=\"https:\/\/www.infobae.com\/?noredirect\">Infobae.com<\/a><\/p>","protected":false},"excerpt":{"rendered":"<p>\u201cM\u00e9xico tiene\u00a0el primer presidente honesto\u00a0en muchos a\u00f1os\u201d, dijo el presidente Alberto Fern\u00e1ndez en su primer d\u00eda de visita en ese pa\u00eds, durante una actividad compartida con el primer mandatario mexicano, Andr\u00e9s Manuel L\u00f3pez Obrador, a quien evidentemente buscaba a toda costa halagar, ya que no se limit\u00f3 con enunciar ese concepto una sola vez, sino [&hellip;]<\/p>\n","protected":false},"author":9,"featured_media":51778,"comment_status":"open","ping_status":"open","sticky":false,"template":"","format":"standard","meta":{"site-sidebar-layout":"default","site-content-layout":"","ast-site-content-layout":"default","site-content-style":"default","site-sidebar-style":"default","ast-global-header-display":"","ast-banner-title-visibility":"","ast-main-header-display":"","ast-hfb-above-header-display":"","ast-hfb-below-header-display":"","ast-hfb-mobile-header-display":"","site-post-title":"","ast-breadcrumbs-content":"","ast-featured-img":"","footer-sml-layout":"","ast-disable-related-posts":"","theme-transparent-header-meta":"","adv-header-id-meta":"","stick-header-meta":"","header-above-stick-meta":"","header-main-stick-meta":"","header-below-stick-meta":"","astra-migrate-meta-layouts":"default","ast-page-background-enabled":"default","ast-page-background-meta":{"desktop":{"background-color":"","background-image":"","background-repeat":"repeat","background-position":"center center","background-size":"auto","background-attachment":"scroll","background-type":"","background-media":"","overlay-type":"","overlay-color":"","overlay-opacity":"","overlay-gradient":""},"tablet":{"background-color":"","background-image":"","background-repeat":"repeat","background-position":"center center","background-size":"auto","background-attachment":"scroll","background-type":"","background-media":"","overlay-type":"","overlay-color":"","overlay-opacity":"","overlay-gradient":""},"mobile":{"background-color":"","background-image":"","background-repeat":"repeat","background-position":"center center","background-size":"auto","background-attachment":"scroll","background-type":"","background-media":"","overlay-type":"","overlay-color":"","overlay-opacity":"","overlay-gradient":""}},"ast-content-background-meta":{"desktop":{"background-color":"var(--ast-global-color-5)","background-image":"","background-repeat":"repeat","background-position":"center center","background-size":"auto","background-attachment":"scroll","background-type":"","background-media":"","overlay-type":"","overlay-color":"","overlay-opacity":"","overlay-gradient":""},"tablet":{"background-color":"var(--ast-global-color-5)","background-image":"","background-repeat":"repeat","background-position":"center center","background-size":"auto","background-attachment":"scroll","background-type":"","background-media":"","overlay-type":"","overlay-color":"","overlay-opacity":"","overlay-gradient":""},"mobile":{"background-color":"var(--ast-global-color-5)","background-image":"","background-repeat":"repeat","background-position":"center center","background-size":"auto","background-attachment":"scroll","background-type":"","background-media":"","overlay-type":"","overlay-color":"","overlay-opacity":"","overlay-gradient":""}},"footnotes":""},"categories":[25],"tags":[],"class_list":["post-51777","post","type-post","status-publish","format-standard","has-post-thumbnail","hentry","category-destacado"],"spectra_blocks_featured_image_url":{"thumbnail":{"url":"https:\/\/100xd.com.ar\/wp-content\/uploads\/2021\/02\/forros6-150x150.jpg","width":150,"height":150},"medium":{"url":"https:\/\/100xd.com.ar\/wp-content\/uploads\/2021\/02\/forros6-300x200.jpg","width":300,"height":200},"medium_large":{"url":"https:\/\/100xd.com.ar\/wp-content\/uploads\/2021\/02\/forros6.jpg","width":768,"height":512},"large":{"url":"https:\/\/100xd.com.ar\/wp-content\/uploads\/2021\/02\/forros6.jpg","width":768,"height":512},"full":{"url":"https:\/\/100xd.com.ar\/wp-content\/uploads\/2021\/02\/forros6.jpg","width":768,"height":512}},"spectra_blocks_author_info":{"display_name":"Jorge Alfredo Baret","avatar_url":"https:\/\/secure.gravatar.com\/avatar\/31696f5ca83439b642450ec7d3f82f98451a5efacb414343d5478c982b337f26?s=96&d=mm&r=g","author_link":"https:\/\/100xd.com.ar\/es\/author\/jorge\/","description":"Ingeniero Qu\u00edmico UTN - Director Apoderado de Comunicaciones Auditadas SA. Editor Responsable 100xd.com.ar."},"_links":{"self":[{"href":"https:\/\/100xd.com.ar\/es\/wp-json\/wp\/v2\/posts\/51777","targetHints":{"allow":["GET"]}}],"collection":[{"href":"https:\/\/100xd.com.ar\/es\/wp-json\/wp\/v2\/posts"}],"about":[{"href":"https:\/\/100xd.com.ar\/es\/wp-json\/wp\/v2\/types\/post"}],"author":[{"embeddable":true,"href":"https:\/\/100xd.com.ar\/es\/wp-json\/wp\/v2\/users\/9"}],"replies":[{"embeddable":true,"href":"https:\/\/100xd.com.ar\/es\/wp-json\/wp\/v2\/comments?post=51777"}],"version-history":[{"count":2,"href":"https:\/\/100xd.com.ar\/es\/wp-json\/wp\/v2\/posts\/51777\/revisions"}],"predecessor-version":[{"id":51780,"href":"https:\/\/100xd.com.ar\/es\/wp-json\/wp\/v2\/posts\/51777\/revisions\/51780"}],"wp:featuredmedia":[{"embeddable":true,"href":"https:\/\/100xd.com.ar\/es\/wp-json\/wp\/v2\/media\/51778"}],"wp:attachment":[{"href":"https:\/\/100xd.com.ar\/es\/wp-json\/wp\/v2\/media?parent=51777"}],"wp:term":[{"taxonomy":"category","embeddable":true,"href":"https:\/\/100xd.com.ar\/es\/wp-json\/wp\/v2\/categories?post=51777"},{"taxonomy":"post_tag","embeddable":true,"href":"https:\/\/100xd.com.ar\/es\/wp-json\/wp\/v2\/tags?post=51777"}],"curies":[{"name":"wp","href":"https:\/\/api.w.org\/{rel}","templated":true}]}}