{"id":51703,"date":"2021-02-21T13:06:54","date_gmt":"2021-02-21T16:06:54","guid":{"rendered":"http:\/\/www.100xd.com.ar\/?p=51703"},"modified":"2021-02-21T13:06:59","modified_gmt":"2021-02-21T16:06:59","slug":"facundo-manes-no-solo-podemos-sino-que-debemos-aprender-hasta-el-ultimo-dia","status":"publish","type":"post","link":"https:\/\/100xd.com.ar\/es\/facundo-manes-no-solo-podemos-sino-que-debemos-aprender-hasta-el-ultimo-dia\/","title":{"rendered":"Facundo Manes: \u201cNo solo podemos, sino que debemos aprender hasta el \u00faltimo d\u00eda\u201d"},"content":{"rendered":"<p class=\"com-paragraph --capital --s\">Acostumbrado a viajar todo el a\u00f1o para dar charlas y atender compromisos por su tarea como presidente electo de la Sociedad Internacional de Demencia Fronto-temporal, a\u00a0<a class=\"com-link --s\" style=\"box-sizing: border-box; margin: 0px; padding: 0px; border: 0px; font-style: inherit; font-variant: inherit; font-weight: inherit; font-stretch: inherit; font-size: 1.1875rem; line-height: 1.875rem; font-family: inherit; vertical-align: baseline; outline: none; text-decoration: none; color: #0074c4; transition: all 0.2s ease-in-out 0s; text-transform: none;\" title=\"&lt;strong&gt;Facundo Manes&lt;\/strong&gt;\" href=\"https:\/\/www.lanacion.com.ar\/sociedad\/facundo-manes-vamos-mirar-pandemia-atras-cuando-nid2536371\/\" target=\"_self\" data-reactroot=\"\"><strong>Facundo Manes<\/strong><\/a><strong>\u00a0<\/strong>el llamado para dialogar acerca del horizonte que se vislumbra cuando la\u00a0<strong>pandemia<\/strong>\u00a0haya sido controlada lo encuentra reci\u00e9n llegado de Espa\u00f1a, donde estuvo para culminar detalles de la publicaci\u00f3n de su pr\u00f3ximo\u00a0<strong>libro<\/strong>:\u00a0<em>Ser humano<\/em>.<\/p>\n<p class=\"com-paragraph --s\">\u201cSe trata de c\u00f3mo la pandemia puso en evidencia la vulnerabilidad de nuestra especie y la necesidad de concebirnos colectivamente \u2013explica\u2013. Es un cuaderno de bit\u00e1cora de c\u00f3mo llegamos hasta ac\u00e1 y una radiograf\u00eda de c\u00f3mo nos encuentra el presente. Un breviario de lo que somos\u201d.<\/p>\n<p class=\"com-paragraph --s\">Aunque durante la entrevista comenta que se siente agotado por el viaje, se presta a la charla con el entusiasmo que lo caracteriza; especialmente cuando se tratan temas que lo apasionan:<strong>\u00a0el cerebro, la educaci\u00f3n<\/strong>\u00a0y el camino que deber\u00edamos recorrer como\u00a0<strong>sociedad<\/strong>. Dos d\u00edas m\u00e1s tarde, est\u00e1<a class=\"com-link --s\" style=\"box-sizing: border-box; margin: 0px; padding: 0px; border: 0px; font-style: inherit; font-variant: inherit; font-weight: inherit; font-stretch: inherit; font-size: 1.1875rem; line-height: 1.875rem; font-family: inherit; vertical-align: baseline; outline: none; text-decoration: none; color: #0074c4; transition: all 0.2s ease-in-out 0s; text-transform: none;\" title=\"&lt;strong&gt; internado con neumon&iacute;a por Covid &lt;\/strong&gt;\" href=\"https:\/\/www.lanacion.com.ar\/sociedad\/facundo-manes-tiene-covid-19-y-esta-internado-con-una-neumonia-nid16022021\/\" target=\"_self\" data-reactroot=\"\"><strong>\u00a0internado con neumon\u00eda por Covid\u00a0<\/strong><\/a>en la Fundaci\u00f3n Favaloro; por suerte con buen pron\u00f3stico.<\/p>\n<p class=\"com-paragraph --s\"><strong>\u2013\u00bfDe esta pandemia emergeremos mejores o peores?<\/strong><\/p>\n<p class=\"com-paragraph --s\">\u2013Depende de nosotros. Si uno se fija en la historia, todas las grandes crisis cambiaron los sistemas de creencias de la \u00e9poca. Hay ejemplos de cosas positivas. Despu\u00e9s de una de las pestes m\u00e1s importantes de Europa llega el Renacimiento. Despu\u00e9s de la Guerra Civil norteamericana, Lincoln y sus aliados crean el sistema de universidades p\u00fablicas y el ferrocarril transcontinental. Despu\u00e9s de la Gran Depresi\u00f3n, se promulgan leyes para reducir la desigualdad. Despu\u00e9s de la Segunda Guerra Mundial, se establece el Estado de bienestar. Es tambi\u00e9n verdad que las crisis pueden tener el efecto contrario y conducir a un estr\u00e9s intenso y sostenido en el tiempo en el que los lazos sociales desaparecen y las personas se vuelven m\u00e1s ego\u00edstas e individualistas. Durante la peste bub\u00f3nica hubo matanzas indiscriminadas y comunidades erradicadas. Yo soy optimista, porque hay grandes posibilidades que nos hagamos m\u00e1s resilientes en el nivel individual y como comunidad.<\/p>\n<p class=\"com-paragraph --s\"><strong>\u2013\u00bfDe qu\u00e9 depende que el saldo sea positivo?<\/strong><\/p>\n<p class=\"com-paragraph --s\">\u2013En gran parte, de la\u00a0<strong>empat\u00eda<\/strong>, de la habilidad de imaginar qu\u00e9 piensa el otro, de entender que puede tener creencias diferentes de las nuestras, pero tambi\u00e9n semillas de verdad. La inteligencia colectiva, la empat\u00eda, la resiliencia son palabras que tenemos que tener presentes. En la\u00a0<strong>pospandemia<\/strong>, podemos redescubrir la mejor versi\u00f3n de nosotros mismos.<\/p>\n<p class=\"com-paragraph --s\"><strong>\u2013A juzgar por las disputas en torno de las estrategias para afrontar esta calamidad, estar\u00edamos recorriendo el rumbo inverso\u2026<\/strong><\/p>\n<p class=\"com-paragraph --s\">\u2013Para hacer evaluaciones hay que esperar a que todo termine. No sabemos si esta marat\u00f3n dura 42 km, 50 o hasta d\u00f3nde tendremos que llegar. Lo que s\u00ed sabemos es que todav\u00eda quedan tramos duros. Mientras tanto, tenemos que unirnos, llegar a acuerdos. Hace a\u00f1os venimos transformando todo en una lucha de pasiones, perdimos el pensamiento cr\u00edtico. La grieta nos hace m\u00e1s brutos, nos da\u00f1a, es una tragedia.<\/p>\n<div>\n<section class=\"mod-media --zoom\">\n<figure class=\"mod-figure --horizontal\"><picture class=\"mod-picture\"><source srcset=\"https:\/\/resizer.glanacion.com\/resizer\/Tul715yOX9wJx9dm8JNOxsw23R8=\/879x0\/filters:quality(100)\/cloudfront-us-east-1.images.arcpublishing.com\/lanacionar\/DHJ7M6TRG5AZPHIG5DJEWDLT2Y.jpg\" media=\"(min-width: 1280px)\" \/><source srcset=\"https:\/\/resizer.glanacion.com\/resizer\/A18tu05zd6A55OIRNM-UoUS53YA=\/690x0\/filters:quality(100)\/cloudfront-us-east-1.images.arcpublishing.com\/lanacionar\/DHJ7M6TRG5AZPHIG5DJEWDLT2Y.jpg\" media=\"(min-width: 1024px)\" \/><source srcset=\"https:\/\/resizer.glanacion.com\/resizer\/w_MMMa5YEhKpR6p3Ln34mceMR1Y=\/768x0\/filters:quality(100)\/cloudfront-us-east-1.images.arcpublishing.com\/lanacionar\/DHJ7M6TRG5AZPHIG5DJEWDLT2Y.jpg\" media=\"(min-width: 768px)\" \/><source srcset=\"https:\/\/resizer.glanacion.com\/resizer\/G6gGC4KFdufew3Diy29dcJPoHPc=\/350x0\/filters:quality(100)\/cloudfront-us-east-1.images.arcpublishing.com\/lanacionar\/DHJ7M6TRG5AZPHIG5DJEWDLT2Y.jpg\" media=\"(min-width: 360px)\" \/><source srcset=\"https:\/\/resizer.glanacion.com\/resizer\/Wp8BGfkdquXpTAI6jms_qzkKC1o=\/310x0\/filters:quality(100)\/cloudfront-us-east-1.images.arcpublishing.com\/lanacionar\/DHJ7M6TRG5AZPHIG5DJEWDLT2Y.jpg\" media=\"(min-width: 320px)\" \/><img decoding=\"async\" class=\"com-image\" src=\"https:\/\/resizer.glanacion.com\/resizer\/tDe8m9P3F78Vn1bx7Vallwgr6f8=\/1920x0\/filters:quality(100)\/cloudfront-us-east-1.images.arcpublishing.com\/lanacionar\/DHJ7M6TRG5AZPHIG5DJEWDLT2Y.jpg\" alt=\"DHJ7M6TRG5AZPHIG5DJEWDLT2Y\"  title=\"Facundo Manes: \u201cNo solo podemos, sino que debemos aprender hasta el \u00faltimo d\u00eda\u201d\" \/><\/picture><figcaption class=\"mod-figcaption\"><span class=\"com-text --credit --twoxs\">La Naci\u00f3n<\/span><\/figcaption><\/figure>\n<\/section>\n<\/div>\n<p class=\"com-paragraph --s\"><strong>\u2013Se sabe que los comportamientos colectivos son m\u00e1s que la suma de las conductas individuales. \u00bfPuede explicarlos la ciencia del cerebro?<\/strong><\/p>\n<p class=\"com-paragraph --s\">\u2013S\u00ed: somos v\u00edctimas de lo que llamamos \u201crazonamientos motivados\u201d. Evaluamos lo que sucede en funci\u00f3n de c\u00f3mo eso se relaciona con nuestra identidad de grupo. Si una visi\u00f3n es defendida por un grupo o por una persona con la que no coincidimos, tendemos a desestimar la evidencia. Por el contrario, si la plantea alguien con el o la que nos identificamos, lo asumimos como la \u00fanica verdad posible. Y as\u00ed ninguno de los problemas que tenemos pueden ser resueltos. Lo m\u00e1s triste es que con este tribalismo ganan muy pocos y perdemos la mayor\u00eda. Avanzamos en una lucha de facciones. Sigo teniendo esperanza de que nos demos cuenta de que no es cuesti\u00f3n de llevar agua para nuestro molino, sino del bienestar de todos. Y para eso necesitamos recuperar el pensamiento cr\u00edtico y basarnos en evidencias cient\u00edficas.<\/p>\n<p class=\"com-paragraph --s\"><strong>\u2013\u00bfCu\u00e1l considera que ser\u00e1 la prioridad que habr\u00e1 que atender desde el punto de vista sanitario?<\/strong><\/p>\n<p class=\"com-paragraph --s\">\u2013La OMS define a la salud como el estado completo de bienestar f\u00edsico, mental y social. No se puede separar lo f\u00edsico de lo mental, pero no se puso a la salud mental en el centro.\u00a0<strong>El impacto mental dura m\u00e1s que la epidemia<\/strong>. Incluso si inmunizamos al 70% de los argentinos, esto va para largo. Y ese aspecto es clave, porque los recursos m\u00e1s importantes de un pa\u00eds son los recursos cognitivos y emocionales de los ciudadanos. Tengo miedo de que no nos estemos preparando para esta otra epidemia de salud mental.<\/p>\n<p class=\"com-paragraph --s\"><strong>\u2013\u00bfVolveremos al mundo que ten\u00edamos antes o nos encontraremos con otro distinto?<\/strong><\/p>\n<p class=\"com-paragraph --s\">\u2013Antes, exist\u00eda la telemedicina, pero ahora explot\u00f3. Hab\u00eda educaci\u00f3n a distancia, el periodismo estaba viviendo transformaciones que ahora se profundizaron, la representaci\u00f3n pol\u00edtica estaba cambiando, el capitalismo estaba siendo revisado por la desigualdad que gener\u00f3, m\u00e1s all\u00e1 de haber sacado a mucha gente de la pobreza. Lo que ocurri\u00f3 es que se aceleraron esas tendencias. Lo que hizo el\u00a0<strong>coronavirus<\/strong>\u00a0fue aumentar la desigualdad y la pobreza. Una reconstrucci\u00f3n nacional era urgente antes de la pandemia y ahora m\u00e1s que nunca. Tenemos que ceder, pensar en el bien com\u00fan, tener empat\u00eda y lograr ese proyecto superador que alguna vez tuvimos.<\/p>\n<p class=\"com-paragraph --s\"><strong>\u2013\u00bfQu\u00e9 deber\u00edamos hacer para enfrentarlo?<\/strong><\/p>\n<p class=\"com-paragraph --s\">\u2013Vamos a tener que volver todos al colegio. Porque la nueva revoluci\u00f3n industrial ya no transforma lo que hacemos, sino que nos transforma a nosotros. Es una fusi\u00f3n entre lo f\u00edsico y lo digital. Los pa\u00edses compiten por los sistemas educativos, cient\u00edficos, tecnol\u00f3gicos. Hoy, la discusi\u00f3n econ\u00f3mica central es la educaci\u00f3n. Creo que vamos hacia un sistema h\u00edbrido, en todas las \u00e1reas. No tenemos que tenerle miedo a la tecnolog\u00eda, que es fant\u00e1stica. Tenemos que reivindicar las habilidades que son humanas. Hay muchos tecn\u00f3logos que dicen que la inteligencia artificial ya supera al cerebro humano en muchas cosas. Y s\u00ed: lo supera en capacidad de an\u00e1lisis de grandes vol\u00famenes de datos y en encontrar patrones. Pero ni la inteligencia artificial ni las computadoras m\u00e1s avanzadas le ganan en habilidades como la curiosidad, la audacia, la inteligencia colectiva, la empat\u00eda, la resiliencia, la capacidad de decidir en forma inmediata pensando en las consecuencias a largo plazo.<\/p>\n<p class=\"com-paragraph --s\"><strong>\u2013\u00bfQu\u00e9 cambios habr\u00eda que promover en la educaci\u00f3n?<\/strong><\/p>\n<p class=\"com-paragraph --s\">\u2013Ahora que la informaci\u00f3n est\u00e1 disponible en todos lados, vamos a volver a la escuela a hacer los deberes con los tutores, porque el cerebro humano aprende cuando algo lo inspira, lo motiva. Se viene un mundo fascinante y la respuesta es volver al colegio, a cualquier edad. Cuando me preguntan hasta cu\u00e1ndo podemos aprender, contesto que no solo podemos sino que debemos aprender hasta el \u00faltimo d\u00eda, porque la educaci\u00f3n protege al cerebro. Cuando envejece, el cerebro pierde algunas funciones, pero gana sabidur\u00eda\u2026 Vamos a un mundo pospandemia en una nueva revoluci\u00f3n industrial. El que no haga esto, tanto en el nivel personal como corporativo o como pa\u00eds, quedar\u00e1 atr\u00e1s.<\/p>\n<div class=\"row FirmaAutor\">\n<div class=\"col-12\">\n<section class=\"mod-autor\">\n<div class=\"container-text\">\n<div class=\"container-firma\"><a class=\"com-link --autor\" href=\"https:\/\/www.lanacion.com.ar\/autor\/nora-bar-70\/\">Nora B\u00e4r<\/a><\/div>\n<\/div>\n<\/section>\n<\/div>\n<div class=\"container-firma\">Fuente:<a href=\"https:\/\/www.lanacion.com.ar\/\"> La Naci\u00f3n<\/a><\/div>\n<\/div>","protected":false},"excerpt":{"rendered":"<p>Acostumbrado a viajar todo el a\u00f1o para dar charlas y atender compromisos por su tarea como presidente electo de la Sociedad Internacional de Demencia Fronto-temporal, a\u00a0Facundo Manes\u00a0el llamado para dialogar acerca del horizonte que se vislumbra cuando la\u00a0pandemia\u00a0haya sido controlada lo encuentra reci\u00e9n llegado de Espa\u00f1a, donde estuvo para culminar detalles de la publicaci\u00f3n de [&hellip;]<\/p>\n","protected":false},"author":9,"featured_media":51704,"comment_status":"open","ping_status":"open","sticky":false,"template":"","format":"standard","meta":{"site-sidebar-layout":"default","site-content-layout":"","ast-site-content-layout":"default","site-content-style":"default","site-sidebar-style":"default","ast-global-header-display":"","ast-banner-title-visibility":"","ast-main-header-display":"","ast-hfb-above-header-display":"","ast-hfb-below-header-display":"","ast-hfb-mobile-header-display":"","site-post-title":"","ast-breadcrumbs-content":"","ast-featured-img":"","footer-sml-layout":"","ast-disable-related-posts":"","theme-transparent-header-meta":"","adv-header-id-meta":"","stick-header-meta":"","header-above-stick-meta":"","header-main-stick-meta":"","header-below-stick-meta":"","astra-migrate-meta-layouts":"default","ast-page-background-enabled":"default","ast-page-background-meta":{"desktop":{"background-color":"","background-image":"","background-repeat":"repeat","background-position":"center center","background-size":"auto","background-attachment":"scroll","background-type":"","background-media":"","overlay-type":"","overlay-color":"","overlay-opacity":"","overlay-gradient":""},"tablet":{"background-color":"","background-image":"","background-repeat":"repeat","background-position":"center center","background-size":"auto","background-attachment":"scroll","background-type":"","background-media":"","overlay-type":"","overlay-color":"","overlay-opacity":"","overlay-gradient":""},"mobile":{"background-color":"","background-image":"","background-repeat":"repeat","background-position":"center center","background-size":"auto","background-attachment":"scroll","background-type":"","background-media":"","overlay-type":"","overlay-color":"","overlay-opacity":"","overlay-gradient":""}},"ast-content-background-meta":{"desktop":{"background-color":"var(--ast-global-color-5)","background-image":"","background-repeat":"repeat","background-position":"center center","background-size":"auto","background-attachment":"scroll","background-type":"","background-media":"","overlay-type":"","overlay-color":"","overlay-opacity":"","overlay-gradient":""},"tablet":{"background-color":"var(--ast-global-color-5)","background-image":"","background-repeat":"repeat","background-position":"center center","background-size":"auto","background-attachment":"scroll","background-type":"","background-media":"","overlay-type":"","overlay-color":"","overlay-opacity":"","overlay-gradient":""},"mobile":{"background-color":"var(--ast-global-color-5)","background-image":"","background-repeat":"repeat","background-position":"center center","background-size":"auto","background-attachment":"scroll","background-type":"","background-media":"","overlay-type":"","overlay-color":"","overlay-opacity":"","overlay-gradient":""}},"footnotes":""},"categories":[149],"tags":[],"class_list":["post-51703","post","type-post","status-publish","format-standard","has-post-thumbnail","hentry","category-entrevistas"],"spectra_blocks_featured_image_url":{"thumbnail":{"url":"https:\/\/100xd.com.ar\/wp-content\/uploads\/2021\/02\/facundo-150x150.jpg","width":150,"height":150},"medium":{"url":"https:\/\/100xd.com.ar\/wp-content\/uploads\/2021\/02\/facundo-300x200.jpg","width":300,"height":200},"medium_large":{"url":"https:\/\/100xd.com.ar\/wp-content\/uploads\/2021\/02\/facundo.jpg","width":768,"height":512},"large":{"url":"https:\/\/100xd.com.ar\/wp-content\/uploads\/2021\/02\/facundo-1024x683.jpg","width":1024,"height":683},"full":{"url":"https:\/\/100xd.com.ar\/wp-content\/uploads\/2021\/02\/facundo.jpg","width":1920,"height":1280}},"spectra_blocks_author_info":{"display_name":"Jorge Alfredo Baret","avatar_url":"https:\/\/secure.gravatar.com\/avatar\/31696f5ca83439b642450ec7d3f82f98451a5efacb414343d5478c982b337f26?s=96&d=mm&r=g","author_link":"https:\/\/100xd.com.ar\/es\/author\/jorge\/","description":"Ingeniero Qu\u00edmico UTN - Director Apoderado de Comunicaciones Auditadas SA. Editor Responsable 100xd.com.ar."},"_links":{"self":[{"href":"https:\/\/100xd.com.ar\/es\/wp-json\/wp\/v2\/posts\/51703","targetHints":{"allow":["GET"]}}],"collection":[{"href":"https:\/\/100xd.com.ar\/es\/wp-json\/wp\/v2\/posts"}],"about":[{"href":"https:\/\/100xd.com.ar\/es\/wp-json\/wp\/v2\/types\/post"}],"author":[{"embeddable":true,"href":"https:\/\/100xd.com.ar\/es\/wp-json\/wp\/v2\/users\/9"}],"replies":[{"embeddable":true,"href":"https:\/\/100xd.com.ar\/es\/wp-json\/wp\/v2\/comments?post=51703"}],"version-history":[{"count":2,"href":"https:\/\/100xd.com.ar\/es\/wp-json\/wp\/v2\/posts\/51703\/revisions"}],"predecessor-version":[{"id":51706,"href":"https:\/\/100xd.com.ar\/es\/wp-json\/wp\/v2\/posts\/51703\/revisions\/51706"}],"wp:featuredmedia":[{"embeddable":true,"href":"https:\/\/100xd.com.ar\/es\/wp-json\/wp\/v2\/media\/51704"}],"wp:attachment":[{"href":"https:\/\/100xd.com.ar\/es\/wp-json\/wp\/v2\/media?parent=51703"}],"wp:term":[{"taxonomy":"category","embeddable":true,"href":"https:\/\/100xd.com.ar\/es\/wp-json\/wp\/v2\/categories?post=51703"},{"taxonomy":"post_tag","embeddable":true,"href":"https:\/\/100xd.com.ar\/es\/wp-json\/wp\/v2\/tags?post=51703"}],"curies":[{"name":"wp","href":"https:\/\/api.w.org\/{rel}","templated":true}]}}